{"id":16664,"date":"2022-02-22T15:03:45","date_gmt":"2022-02-22T15:03:45","guid":{"rendered":"https:\/\/www.elpolitologoyelpolitico.com.ar\/wordpress\/?p=16664"},"modified":"2022-02-22T15:05:34","modified_gmt":"2022-02-22T15:05:34","slug":"piden-que-la-provincia-respete-la-autonomia-de-los-municipios","status":"publish","type":"post","link":"https:\/\/www.elpolitologoyelpolitico.com.ar\/wordpress\/2022\/02\/22\/piden-que-la-provincia-respete-la-autonomia-de-los-municipios\/","title":{"rendered":"PIDEN QUE LA PROVINCIA RESPETE LA AUTONOM\u00cdA DE LOS MUNICIPIOS"},"content":{"rendered":"\t\t<div data-elementor-type=\"wp-post\" data-elementor-id=\"16664\" class=\"elementor elementor-16664\">\n\t\t\t\t\t\t<section class=\"elementor-section elementor-top-section elementor-element elementor-element-1754963e elementor-section-boxed elementor-section-height-default elementor-section-height-default\" data-id=\"1754963e\" data-element_type=\"section\" data-e-type=\"section\">\n\t\t\t\t\t\t<div class=\"elementor-container elementor-column-gap-default\">\n\t\t\t\t\t<div class=\"elementor-column elementor-col-100 elementor-top-column elementor-element elementor-element-1aba3c60\" data-id=\"1aba3c60\" data-element_type=\"column\" data-e-type=\"column\">\n\t\t\t<div class=\"elementor-widget-wrap elementor-element-populated\">\n\t\t\t\t\t\t<div class=\"elementor-element elementor-element-ee37e55 elementor-widget elementor-widget-text-editor\" data-id=\"ee37e55\" data-element_type=\"widget\" data-e-type=\"widget\" data-widget_type=\"text-editor.default\">\n\t\t\t\t<div class=\"elementor-widget-container\">\n\t\t\t\t\t\t\t\t\t\n<p><\/p>\n\n\n\n<p>Seg\u00fan el FdT el Ejecutivo Provincial debe devolver al municipio de Bariloche \u201cel poder concedente\u201d del servicio el\u00e9ctrico en la ciudad; es decir, la autonom\u00eda de decidir qui\u00e9n ser\u00e1 el prestador.<\/p>\n\n\n\n<p>El proyecto de Comunicaci\u00f3n, con la firma de la presidenta del bloque del Frente de Todos Mar\u00eda Eugenia Martini y del legislador Ram\u00f3n Chiocconi, solicita al Poder Ejecutivo Provincial que \u201canalice la viabilidad, legitimidad y conveniencia, de transferir al Municipio de Bariloche la titularidad, jurisdicci\u00f3n y competencia, as\u00ed como el poder concedente, sobre la prestaci\u00f3n del servicio p\u00fablico de distribuci\u00f3n de energ\u00eda el\u00e9ctrica dentro del ejido municipal\u201d.<\/p>\n\n\n\n<p>Desde su fundaci\u00f3n, hace m\u00e1s de 60 a\u00f1os la \u00fanica prestadora del servicio de energ\u00eda el\u00e9ctrica en la ciudad, es la Cooperativa de Electricidad Bariloche, una empresa local, creada y desarrollada por los vecinos, quienes son adem\u00e1s sus due\u00f1os, en calidad de asociados.<\/p>\n\n\n\n<p>El \u201cv\u00ednculo con el Municipio en tanto prestadora del servicio de energ\u00eda el\u00e9ctrica precede de hecho y sin interrupciones en medio siglo a la creaci\u00f3n del Ente Regulador de la Electricidad de R\u00edo Negro (EPRE) y a la configuraci\u00f3n actual del servicio p\u00fablico de energ\u00eda el\u00e9ctrica de la provincia\u201d, recuerda el proyecto en sus fundamentos.<\/p>\n\n\n\n<p>El EPRE es un organismo creado por Ley provincial en 1997 con la funci\u00f3n de regularizar, controlar y concesionar la prestaci\u00f3n del servicio de energ\u00eda el\u00e9ctrica en R\u00edo Negro, donde existen s\u00f3lo tres prestadores: EDERSA, la Cooperativa de Electricidad y Anexos de R\u00edo Colorado (CEARC) y la Cooperativa de Electricidad Bariloche (CEB), estas dos \u00faltimas creadas a finales de la d\u00e9cada del 1950.<\/p>\n\n\n\n<p>En el caso de la CEB, la empresa est\u00e1 adem\u00e1s en el extremo de la l\u00ednea de distribuci\u00f3n el\u00e9ctrica en la provincia, de modo tal que no s\u00f3lo es la \u00fanica oferente en capacidad de prestar el servicio, tambi\u00e9n es propietaria de toda la infraestructura de distribuci\u00f3n el\u00e9ctrica de la ciudad. Cualquier intento por reemplazar a la CEB, implicar\u00eda una multimillonaria expropiaci\u00f3n, innecesaria y actualmente imposible. No obstante la provincia, a trav\u00e9s del EPRE, se reserva la autoridad de concesi\u00f3n -el contrato en vigencia vence dentro de 5 a\u00f1os\u2013 poniendo puntos suspensivos a la actividad de la Cooperativa, cuyos plazos de inversi\u00f3n y recupero no son inmediatos y se estiman en d\u00e9cadas.<\/p>\n\n\n\n<p>En numerosas ocasiones la Municipalidad de Bariloche reclam\u00f3 a la provincia que se le restituya el poder concedente del servicio de energ\u00eda el\u00e9ctrica, entendiendo que la decisi\u00f3n hace a la autonom\u00eda plena del municipio, tal como lo establece la Constituci\u00f3n provincial. La discusi\u00f3n se renueva cada vez que se acerca el fin del contrato con la CEB.<\/p>\n\n\n\n<p>\u201cA pesar del art\u00edculo 229&nbsp; de nuestra Constituci\u00f3n, que otorga la facultad de municipalizar los servicios p\u00fablicos, Bariloche puede decidir sobre cualquier aspecto de Gobierno municipal, excepto sobre cu\u00e1l ser\u00e1 la distribuidora del servicio el\u00e9ctrico de la ciudad\u201d, subray\u00f3 Mar\u00eda Eugenia Martini.<\/p>\n\n\n\n<p>Para la legisladora, \u201cla concesi\u00f3n del servicio de energ\u00eda el\u00e9ctrica en la ciudad debe interpretarse adem\u00e1s como un activo municipal, con un valor intr\u00ednseco, propiedad de los vecinos de Bariloche. La injerencia del Gobierno de R\u00edo Negro en el funcionamiento de la CEB a trav\u00e9s del EPRE tiene hoy un costo burocr\u00e1tico para los usuarios barilochenses de 65 millones de pesos anuales, sin contraprestaci\u00f3n alguna\u201d, se\u00f1al\u00f3 Martini.<\/p>\n\n\n\n<p>\u201cUna vez m\u00e1s, la discusi\u00f3n no es judicial ni es t\u00e9cnica sino pol\u00edtica. Es inaceptable que quienes en foros locales abogaron por el ejercicio del poder concedente municipal, luego lo nieguen en el \u00e1mbito provincial\u201d, concluyeron Martini y Chiocconi.<\/p>\n\t\t\t\t\t\t\t\t<\/div>\n\t\t\t\t<\/div>\n\t\t\t\t\t<\/div>\n\t\t<\/div>\n\t\t\t\t\t<\/div>\n\t\t<\/section>\n\t\t\t\t<\/div>\n\t\t<div class=\"fb-background-color\">\n\t\t\t  <div \n\t\t\t  \tclass = \"fb-comments\" \n\t\t\t  \tdata-href = \"https:\/\/www.elpolitologoyelpolitico.com.ar\/wordpress\/2022\/02\/22\/piden-que-la-provincia-respete-la-autonomia-de-los-municipios\/\"\n\t\t\t  \tdata-numposts = \"10\"\n\t\t\t  \tdata-lazy = \"true\"\n\t\t\t\tdata-colorscheme = \"light\"\n\t\t\t\tdata-order-by = \"social\"\n\t\t\t\tdata-mobile=true>\n\t\t\t  <\/div><\/div>\n\t\t  <style>\n\t\t    .fb-background-color {\n\t\t\t\tbackground: #ffffff !important;\n\t\t\t}\n\t\t\t.fb_iframe_widget_fluid_desktop iframe {\n\t\t\t    width: 100% !important;\n\t\t\t}\n\t\t  <\/style>\n\t\t  ","protected":false},"excerpt":{"rendered":"<p>Seg\u00fan el FdT el Ejecutivo Provincial debe devolver al municipio de Bariloche \u201cel poder concedente\u201d del servicio el\u00e9ctrico en la ciudad; es decir, la autonom\u00eda de decidir qui\u00e9n ser\u00e1 el prestador. El proyecto de Comunicaci\u00f3n, con la firma de la presidenta del bloque del Frente de Todos Mar\u00eda Eugenia Martini y del legislador Ram\u00f3n Chiocconi, [&hellip;]<\/p>\n","protected":false},"author":4,"featured_media":16665,"comment_status":"closed","ping_status":"closed","sticky":false,"template":"","format":"standard","meta":{"_joinchat":[],"footnotes":""},"categories":[39],"tags":[],"class_list":["post-16664","post","type-post","status-publish","format-standard","has-post-thumbnail","hentry","category-en-esta-seccion"],"_links":{"self":[{"href":"https:\/\/www.elpolitologoyelpolitico.com.ar\/wordpress\/wp-json\/wp\/v2\/posts\/16664","targetHints":{"allow":["GET"]}}],"collection":[{"href":"https:\/\/www.elpolitologoyelpolitico.com.ar\/wordpress\/wp-json\/wp\/v2\/posts"}],"about":[{"href":"https:\/\/www.elpolitologoyelpolitico.com.ar\/wordpress\/wp-json\/wp\/v2\/types\/post"}],"author":[{"embeddable":true,"href":"https:\/\/www.elpolitologoyelpolitico.com.ar\/wordpress\/wp-json\/wp\/v2\/users\/4"}],"replies":[{"embeddable":true,"href":"https:\/\/www.elpolitologoyelpolitico.com.ar\/wordpress\/wp-json\/wp\/v2\/comments?post=16664"}],"version-history":[{"count":0,"href":"https:\/\/www.elpolitologoyelpolitico.com.ar\/wordpress\/wp-json\/wp\/v2\/posts\/16664\/revisions"}],"wp:featuredmedia":[{"embeddable":true,"href":"https:\/\/www.elpolitologoyelpolitico.com.ar\/wordpress\/wp-json\/wp\/v2\/media\/16665"}],"wp:attachment":[{"href":"https:\/\/www.elpolitologoyelpolitico.com.ar\/wordpress\/wp-json\/wp\/v2\/media?parent=16664"}],"wp:term":[{"taxonomy":"category","embeddable":true,"href":"https:\/\/www.elpolitologoyelpolitico.com.ar\/wordpress\/wp-json\/wp\/v2\/categories?post=16664"},{"taxonomy":"post_tag","embeddable":true,"href":"https:\/\/www.elpolitologoyelpolitico.com.ar\/wordpress\/wp-json\/wp\/v2\/tags?post=16664"}],"curies":[{"name":"wp","href":"https:\/\/api.w.org\/{rel}","templated":true}]}}