{"id":16656,"date":"2022-02-22T13:39:07","date_gmt":"2022-02-22T13:39:07","guid":{"rendered":"https:\/\/www.elpolitologoyelpolitico.com.ar\/wordpress\/?p=16656"},"modified":"2022-02-22T13:40:46","modified_gmt":"2022-02-22T13:40:46","slug":"culmino-otro-fin-de-semana-repleto-de-propuestas-deportivas-de-verano-en-rio-negro","status":"publish","type":"post","link":"https:\/\/www.elpolitologoyelpolitico.com.ar\/wordpress\/2022\/02\/22\/culmino-otro-fin-de-semana-repleto-de-propuestas-deportivas-de-verano-en-rio-negro\/","title":{"rendered":"Culmin\u00f3 otro fin de semana repleto de propuestas deportivas de verano en R\u00edo Negro"},"content":{"rendered":"\t\t<div data-elementor-type=\"wp-post\" data-elementor-id=\"16656\" class=\"elementor elementor-16656\">\n\t\t\t\t\t\t<section class=\"elementor-section elementor-top-section elementor-element elementor-element-7859ae1c elementor-section-boxed elementor-section-height-default elementor-section-height-default\" data-id=\"7859ae1c\" data-element_type=\"section\" data-e-type=\"section\">\n\t\t\t\t\t\t<div class=\"elementor-container elementor-column-gap-default\">\n\t\t\t\t\t<div class=\"elementor-column elementor-col-100 elementor-top-column elementor-element elementor-element-2b8a7857\" data-id=\"2b8a7857\" data-element_type=\"column\" data-e-type=\"column\">\n\t\t\t<div class=\"elementor-widget-wrap elementor-element-populated\">\n\t\t\t\t\t\t<div class=\"elementor-element elementor-element-6a924867 elementor-widget elementor-widget-text-editor\" data-id=\"6a924867\" data-element_type=\"widget\" data-e-type=\"widget\" data-widget_type=\"text-editor.default\">\n\t\t\t\t<div class=\"elementor-widget-container\">\n\t\t\t\t\t\t\t\t\t\n<p><\/p>\n\n\n\n<p>M\u00faltiples actividades se desarrollaron en paralelo en distintos puntos de la Provincia con el objetivo de animar a turistas y residentes en el pen\u00faltimo fin de semana de Febrero. Un triatl\u00f3n kids, bautismos n\u00e1uticos, un cruce de aguas abiertas y una fecha del Circuito Patag\u00f3nico de beach hanbdball, fueron algunos de los eventos m\u00e1s importantes.<\/p>\n\n\n\n<p>Adem\u00e1s de las cl\u00e1sicas propuestas de este verano \u00e9pico, en Las Grutas y el Lago Pellegrini este fin de semana hubo activaciones muy particulares y divertidas que invitaron a grandes y chicos a disfrutar a trav\u00e9s de la actividad f\u00edsica y el deporte a orillas del agua.<\/p>\n\n\n\n<p>En el Lago Pellegrini se llev\u00f3 adelante un torneo de beach newcom y tejo para personas mayores de 50 a\u00f1os y en paralelo se desarroll\u00f3 un triatl\u00f3n para ni\u00f1os de seis a trece a\u00f1os que cont\u00f3 con la participaci\u00f3n de peque\u00f1os deportistas de toda la regi\u00f3n.<\/p>\n\n\n\n<p>En Playas Doradas, por otra parte, se realizaron bautismos n\u00e1uticos en kayaks para personas de todas las edades de manera completamente libre y gratuita, as\u00ed como se viene replicando en todo el territorio provincial.<\/p>\n\n\n\n<p>La competencia deportiva tambi\u00e9n dijo presente en Bariloche de la mano del Cruce del Moreno, un nuevo evento organizado por Open Water Argentina, el circuito de aguas abiertas m\u00e1s grande del pa\u00eds, que estuvo acompa\u00f1ado por la Secretar\u00eda de Deporte.<\/p>\n\n\n\n<p>Al otro lado de la provincia, en el balneario El C\u00f3ndor, tuvo lugar la tercera fecha de la cuarta edici\u00f3n del Circuito Patag\u00f3nico de beach v\u00f3ley para las categor\u00edas mayores y menores en ambas ramas, un acontecimiento muy llamativo y emocionante hasta el final.<\/p>\n\n\n\n<p>Otra actividad que tuvo lugar este fin de semana en El C\u00f3ndor fue la primera fecha de la Colonia Provincial de Vacaciones para personas con discapacidad. La misma cont\u00f3 con unos treinta participantes que llegaron desde las regiones Andina y Sur para jugar y divertirse con diferentes propuestas recreativas en la Colonia de Deporte y la playa.<\/p>\n\n\n\n<p>Finalmente en Guardia Mitre, R\u00edo Negro Deporte acompa\u00f1\u00f3 el torneo de beach handball organizado por la municipalidad local que se disput\u00f3 durante el s\u00e1bado y domingo en el\u00a0 Camping Municipal Mari Mari Currr\u00fa Leuv\u00fa.<\/p>\n\n\n\n<figure class=\"wp-block-gallery has-nested-images columns-default is-cropped wp-block-gallery-2 is-layout-flex wp-block-gallery-is-layout-flex\">\n<figure class=\"wp-block-image size-large\"><img fetchpriority=\"high\" decoding=\"async\" width=\"1024\" height=\"787\" data-id=\"16659\" src=\"https:\/\/www.elpolitologoyelpolitico.com.ar\/wp-content\/uploads\/2022\/02\/IMG-20220221-WA0036-1024x787.jpg\" alt=\"\" class=\"wp-image-16659\" srcset=\"https:\/\/www.elpolitologoyelpolitico.com.ar\/wp-content\/uploads\/2022\/02\/IMG-20220221-WA0036-1024x787.jpg 1024w, https:\/\/www.elpolitologoyelpolitico.com.ar\/wp-content\/uploads\/2022\/02\/IMG-20220221-WA0036-300x231.jpg 300w, https:\/\/www.elpolitologoyelpolitico.com.ar\/wp-content\/uploads\/2022\/02\/IMG-20220221-WA0036-768x590.jpg 768w, https:\/\/www.elpolitologoyelpolitico.com.ar\/wp-content\/uploads\/2022\/02\/IMG-20220221-WA0036-1536x1181.jpg 1536w, https:\/\/www.elpolitologoyelpolitico.com.ar\/wp-content\/uploads\/2022\/02\/IMG-20220221-WA0036.jpg 1600w\" sizes=\"(max-width: 1024px) 100vw, 1024px\" \/><\/figure>\n\n\n\n<figure class=\"wp-block-image size-large\"><img decoding=\"async\" width=\"1024\" height=\"576\" data-id=\"16658\" src=\"https:\/\/www.elpolitologoyelpolitico.com.ar\/wp-content\/uploads\/2022\/02\/IMG-20220221-WA0037-1024x576.jpg\" alt=\"\" class=\"wp-image-16658\" srcset=\"https:\/\/www.elpolitologoyelpolitico.com.ar\/wp-content\/uploads\/2022\/02\/IMG-20220221-WA0037-1024x576.jpg 1024w, https:\/\/www.elpolitologoyelpolitico.com.ar\/wp-content\/uploads\/2022\/02\/IMG-20220221-WA0037-300x169.jpg 300w, https:\/\/www.elpolitologoyelpolitico.com.ar\/wp-content\/uploads\/2022\/02\/IMG-20220221-WA0037-768x432.jpg 768w, https:\/\/www.elpolitologoyelpolitico.com.ar\/wp-content\/uploads\/2022\/02\/IMG-20220221-WA0037-1536x864.jpg 1536w, https:\/\/www.elpolitologoyelpolitico.com.ar\/wp-content\/uploads\/2022\/02\/IMG-20220221-WA0037.jpg 1600w\" sizes=\"(max-width: 1024px) 100vw, 1024px\" \/><\/figure>\n<\/figure>\n\t\t\t\t\t\t\t\t<\/div>\n\t\t\t\t<\/div>\n\t\t\t\t\t<\/div>\n\t\t<\/div>\n\t\t\t\t\t<\/div>\n\t\t<\/section>\n\t\t\t\t<\/div>\n\t\t<div class=\"fb-background-color\">\n\t\t\t  <div \n\t\t\t  \tclass = \"fb-comments\" \n\t\t\t  \tdata-href = \"https:\/\/www.elpolitologoyelpolitico.com.ar\/wordpress\/2022\/02\/22\/culmino-otro-fin-de-semana-repleto-de-propuestas-deportivas-de-verano-en-rio-negro\/\"\n\t\t\t  \tdata-numposts = \"10\"\n\t\t\t  \tdata-lazy = \"true\"\n\t\t\t\tdata-colorscheme = \"light\"\n\t\t\t\tdata-order-by = \"social\"\n\t\t\t\tdata-mobile=true>\n\t\t\t  <\/div><\/div>\n\t\t  <style>\n\t\t    .fb-background-color {\n\t\t\t\tbackground: #ffffff !important;\n\t\t\t}\n\t\t\t.fb_iframe_widget_fluid_desktop iframe {\n\t\t\t    width: 100% !important;\n\t\t\t}\n\t\t  <\/style>\n\t\t  ","protected":false},"excerpt":{"rendered":"<p>M\u00faltiples actividades se desarrollaron en paralelo en distintos puntos de la Provincia con el objetivo de animar a turistas y residentes en el pen\u00faltimo fin de semana de Febrero. Un triatl\u00f3n kids, bautismos n\u00e1uticos, un cruce de aguas abiertas y una fecha del Circuito Patag\u00f3nico de beach hanbdball, fueron algunos de los eventos m\u00e1s importantes. [&hellip;]<\/p>\n","protected":false},"author":4,"featured_media":16657,"comment_status":"closed","ping_status":"closed","sticky":false,"template":"","format":"standard","meta":{"_joinchat":[],"footnotes":""},"categories":[4],"tags":[],"class_list":["post-16656","post","type-post","status-publish","format-standard","has-post-thumbnail","hentry","category-politicas-publicas"],"_links":{"self":[{"href":"https:\/\/www.elpolitologoyelpolitico.com.ar\/wordpress\/wp-json\/wp\/v2\/posts\/16656","targetHints":{"allow":["GET"]}}],"collection":[{"href":"https:\/\/www.elpolitologoyelpolitico.com.ar\/wordpress\/wp-json\/wp\/v2\/posts"}],"about":[{"href":"https:\/\/www.elpolitologoyelpolitico.com.ar\/wordpress\/wp-json\/wp\/v2\/types\/post"}],"author":[{"embeddable":true,"href":"https:\/\/www.elpolitologoyelpolitico.com.ar\/wordpress\/wp-json\/wp\/v2\/users\/4"}],"replies":[{"embeddable":true,"href":"https:\/\/www.elpolitologoyelpolitico.com.ar\/wordpress\/wp-json\/wp\/v2\/comments?post=16656"}],"version-history":[{"count":0,"href":"https:\/\/www.elpolitologoyelpolitico.com.ar\/wordpress\/wp-json\/wp\/v2\/posts\/16656\/revisions"}],"wp:featuredmedia":[{"embeddable":true,"href":"https:\/\/www.elpolitologoyelpolitico.com.ar\/wordpress\/wp-json\/wp\/v2\/media\/16657"}],"wp:attachment":[{"href":"https:\/\/www.elpolitologoyelpolitico.com.ar\/wordpress\/wp-json\/wp\/v2\/media?parent=16656"}],"wp:term":[{"taxonomy":"category","embeddable":true,"href":"https:\/\/www.elpolitologoyelpolitico.com.ar\/wordpress\/wp-json\/wp\/v2\/categories?post=16656"},{"taxonomy":"post_tag","embeddable":true,"href":"https:\/\/www.elpolitologoyelpolitico.com.ar\/wordpress\/wp-json\/wp\/v2\/tags?post=16656"}],"curies":[{"name":"wp","href":"https:\/\/api.w.org\/{rel}","templated":true}]}}