{"id":16648,"date":"2022-02-22T12:17:18","date_gmt":"2022-02-22T12:17:18","guid":{"rendered":"https:\/\/www.elpolitologoyelpolitico.com.ar\/wordpress\/?p=16648"},"modified":"2022-02-22T12:19:45","modified_gmt":"2022-02-22T12:19:45","slug":"banacloy-el-sector-ganadero-demuestra-un-crecimiento-permanente","status":"publish","type":"post","link":"https:\/\/www.elpolitologoyelpolitico.com.ar\/wordpress\/2022\/02\/22\/banacloy-el-sector-ganadero-demuestra-un-crecimiento-permanente\/","title":{"rendered":"Banacloy: \u00abEl sector ganadero demuestra un crecimiento permanente\u201d"},"content":{"rendered":"\t\t<div data-elementor-type=\"wp-post\" data-elementor-id=\"16648\" class=\"elementor elementor-16648\">\n\t\t\t\t\t\t<section class=\"elementor-section elementor-top-section elementor-element elementor-element-42b37948 elementor-section-boxed elementor-section-height-default elementor-section-height-default\" data-id=\"42b37948\" data-element_type=\"section\" data-e-type=\"section\">\n\t\t\t\t\t\t<div class=\"elementor-container elementor-column-gap-default\">\n\t\t\t\t\t<div class=\"elementor-column elementor-col-100 elementor-top-column elementor-element elementor-element-d3ec79d\" data-id=\"d3ec79d\" data-element_type=\"column\" data-e-type=\"column\">\n\t\t\t<div class=\"elementor-widget-wrap elementor-element-populated\">\n\t\t\t\t\t\t<div class=\"elementor-element elementor-element-75ce85fb elementor-widget elementor-widget-text-editor\" data-id=\"75ce85fb\" data-element_type=\"widget\" data-e-type=\"widget\" data-widget_type=\"text-editor.default\">\n\t\t\t\t<div class=\"elementor-widget-container\">\n\t\t\t\t\t\t\t\t\t\n<p><\/p>\n\n\n\n<p>El ministro de Producci\u00f3n y Agroindustria de R\u00edo Negro, Carlos Banacloy, elogi\u00f3 el esfuerzo de la Sociedad Rural Bariloche (SRB) en la organizaci\u00f3n de la feria rural 2022, que termin\u00f3 este domingo, y dijo que el Gobierno apunta al trabajo conjunto con el campo para \u201cponer en valor la cadena rural y el esfuerzo de toda la gente\u201d.<\/p>\n\n\n\n<p>\u201cEn sector demuestra un crecimiento permanente. La reconversi\u00f3n gen\u00e9tica de carneros de punta que tienen en toda la provincia les demanda una fuerte inversi\u00f3n. Es una actividad pujante que produce un gran movimiento econ\u00f3mico\u201d, agreg\u00f3.<\/p>\n\n\n\n<p>Por su parte los dirigentes ruralistas elogiaron la gesti\u00f3n de la gobernadora Arabela Carreras y la comprensi\u00f3n del Gobierno a la problem\u00e1tica del campo.<\/p>\n\n\n\n<p>Gabriel de Raedemaeker, vicepresidente de Confederaciones Rurales Argentinas (CRA), entidad madre de la SRB, sostuvo que \u201cla presencia de la Gobernadora marca el acompa\u00f1amiento de un gobierno provincial a un sector vital de la econom\u00eda y la sociedad como es el sector productivo agropecuario\u201d.<\/p>\n\n\n\n<p>\u201cNo son muchos los gobiernos provinciales que lo entienden as\u00ed, que en este v\u00ednculo p\u00fablico privado pueden surgir potencialidades que realmente pueden ayudar a superar los problemas que tiene Argentina\u201d, afirm\u00f3.<\/p>\n\n\n\n<p>El vicepresidente de la SRB, Leandro Ballerini, describi\u00f3 las \u201cp\u00e9rdidas millonarias\u201d del sector en los \u00faltimos a\u00f1os y destac\u00f3 el acompa\u00f1amiento del gobierno provincial al campo \u201ccon medidas paliativas, herramientas financieras, condonaci\u00f3n de tasas y apoyo al repoblamiento\u201d.<\/p>\n\n\n\n<figure class=\"wp-block-image size-large\"><img fetchpriority=\"high\" decoding=\"async\" width=\"1024\" height=\"683\" src=\"https:\/\/www.elpolitologoyelpolitico.com.ar\/wp-content\/uploads\/2022\/02\/IMG-20220221-WA0033-1024x683.jpg\" alt=\"\" class=\"wp-image-16650\" srcset=\"https:\/\/www.elpolitologoyelpolitico.com.ar\/wp-content\/uploads\/2022\/02\/IMG-20220221-WA0033-1024x683.jpg 1024w, https:\/\/www.elpolitologoyelpolitico.com.ar\/wp-content\/uploads\/2022\/02\/IMG-20220221-WA0033-300x200.jpg 300w, https:\/\/www.elpolitologoyelpolitico.com.ar\/wp-content\/uploads\/2022\/02\/IMG-20220221-WA0033-768x512.jpg 768w, https:\/\/www.elpolitologoyelpolitico.com.ar\/wp-content\/uploads\/2022\/02\/IMG-20220221-WA0033-1536x1024.jpg 1536w, https:\/\/www.elpolitologoyelpolitico.com.ar\/wp-content\/uploads\/2022\/02\/IMG-20220221-WA0033.jpg 1560w\" sizes=\"(max-width: 1024px) 100vw, 1024px\" \/><\/figure>\n\t\t\t\t\t\t\t\t<\/div>\n\t\t\t\t<\/div>\n\t\t\t\t\t<\/div>\n\t\t<\/div>\n\t\t\t\t\t<\/div>\n\t\t<\/section>\n\t\t\t\t<\/div>\n\t\t<div class=\"fb-background-color\">\n\t\t\t  <div \n\t\t\t  \tclass = \"fb-comments\" \n\t\t\t  \tdata-href = \"https:\/\/www.elpolitologoyelpolitico.com.ar\/wordpress\/2022\/02\/22\/banacloy-el-sector-ganadero-demuestra-un-crecimiento-permanente\/\"\n\t\t\t  \tdata-numposts = \"10\"\n\t\t\t  \tdata-lazy = \"true\"\n\t\t\t\tdata-colorscheme = \"light\"\n\t\t\t\tdata-order-by = \"social\"\n\t\t\t\tdata-mobile=true>\n\t\t\t  <\/div><\/div>\n\t\t  <style>\n\t\t    .fb-background-color {\n\t\t\t\tbackground: #ffffff !important;\n\t\t\t}\n\t\t\t.fb_iframe_widget_fluid_desktop iframe {\n\t\t\t    width: 100% !important;\n\t\t\t}\n\t\t  <\/style>\n\t\t  ","protected":false},"excerpt":{"rendered":"<p>El ministro de Producci\u00f3n y Agroindustria de R\u00edo Negro, Carlos Banacloy, elogi\u00f3 el esfuerzo de la Sociedad Rural Bariloche (SRB) en la organizaci\u00f3n de la feria rural 2022, que termin\u00f3 este domingo, y dijo que el Gobierno apunta al trabajo conjunto con el campo para \u201cponer en valor la cadena rural y el esfuerzo de [&hellip;]<\/p>\n","protected":false},"author":4,"featured_media":16649,"comment_status":"closed","ping_status":"closed","sticky":false,"template":"","format":"standard","meta":{"_joinchat":[],"footnotes":""},"categories":[4],"tags":[],"class_list":["post-16648","post","type-post","status-publish","format-standard","has-post-thumbnail","hentry","category-politicas-publicas"],"_links":{"self":[{"href":"https:\/\/www.elpolitologoyelpolitico.com.ar\/wordpress\/wp-json\/wp\/v2\/posts\/16648","targetHints":{"allow":["GET"]}}],"collection":[{"href":"https:\/\/www.elpolitologoyelpolitico.com.ar\/wordpress\/wp-json\/wp\/v2\/posts"}],"about":[{"href":"https:\/\/www.elpolitologoyelpolitico.com.ar\/wordpress\/wp-json\/wp\/v2\/types\/post"}],"author":[{"embeddable":true,"href":"https:\/\/www.elpolitologoyelpolitico.com.ar\/wordpress\/wp-json\/wp\/v2\/users\/4"}],"replies":[{"embeddable":true,"href":"https:\/\/www.elpolitologoyelpolitico.com.ar\/wordpress\/wp-json\/wp\/v2\/comments?post=16648"}],"version-history":[{"count":0,"href":"https:\/\/www.elpolitologoyelpolitico.com.ar\/wordpress\/wp-json\/wp\/v2\/posts\/16648\/revisions"}],"wp:featuredmedia":[{"embeddable":true,"href":"https:\/\/www.elpolitologoyelpolitico.com.ar\/wordpress\/wp-json\/wp\/v2\/media\/16649"}],"wp:attachment":[{"href":"https:\/\/www.elpolitologoyelpolitico.com.ar\/wordpress\/wp-json\/wp\/v2\/media?parent=16648"}],"wp:term":[{"taxonomy":"category","embeddable":true,"href":"https:\/\/www.elpolitologoyelpolitico.com.ar\/wordpress\/wp-json\/wp\/v2\/categories?post=16648"},{"taxonomy":"post_tag","embeddable":true,"href":"https:\/\/www.elpolitologoyelpolitico.com.ar\/wordpress\/wp-json\/wp\/v2\/tags?post=16648"}],"curies":[{"name":"wp","href":"https:\/\/api.w.org\/{rel}","templated":true}]}}