{"id":16641,"date":"2022-02-22T01:20:52","date_gmt":"2022-02-22T01:20:52","guid":{"rendered":"https:\/\/www.elpolitologoyelpolitico.com.ar\/wordpress\/?p=16641"},"modified":"2022-02-22T01:21:34","modified_gmt":"2022-02-22T01:21:34","slug":"programa-de-siembra-de-verdeos-y-pasturas-perennes-patagones-2022","status":"publish","type":"post","link":"https:\/\/www.elpolitologoyelpolitico.com.ar\/wordpress\/2022\/02\/22\/programa-de-siembra-de-verdeos-y-pasturas-perennes-patagones-2022\/","title":{"rendered":"Programa de siembra de verdeos y pasturas perennes Patagones 2022"},"content":{"rendered":"\t\t<div data-elementor-type=\"wp-post\" data-elementor-id=\"16641\" class=\"elementor elementor-16641\">\n\t\t\t\t\t\t<section class=\"elementor-section elementor-top-section elementor-element elementor-element-4dca831f elementor-section-boxed elementor-section-height-default elementor-section-height-default\" data-id=\"4dca831f\" data-element_type=\"section\" data-e-type=\"section\">\n\t\t\t\t\t\t<div class=\"elementor-container elementor-column-gap-default\">\n\t\t\t\t\t<div class=\"elementor-column elementor-col-100 elementor-top-column elementor-element elementor-element-2851f53\" data-id=\"2851f53\" data-element_type=\"column\" data-e-type=\"column\">\n\t\t\t<div class=\"elementor-widget-wrap elementor-element-populated\">\n\t\t\t\t\t\t<div class=\"elementor-element elementor-element-2fee98cf elementor-widget elementor-widget-text-editor\" data-id=\"2fee98cf\" data-element_type=\"widget\" data-e-type=\"widget\" data-widget_type=\"text-editor.default\">\n\t\t\t\t<div class=\"elementor-widget-container\">\n\t\t\t\t\t\t\t\t\t\n<p><\/p>\n\n\n\n<p>La Subsecretar\u00eda de Desarrollo Territorial recuerda que se encuentra abierta la inscripci\u00f3n del Fondo Rotatorio 2022, para todos aquellos productores agropecuarios interesados en la siembra de verdeos (avena, centeno etc) y perennes como agropiro.&nbsp;<\/p>\n\n\n\n<p>El programa es impulsado a trav\u00e9s del fondo otorgado por el Ministerio de Agricultura Ganader\u00eda y Pesca de la Naci\u00f3n, con el objetivo de impulsar el sector agr\u00edcola ganadero de la zona de secano del distrito, el cual fue afectado por la sequ\u00eda.&nbsp;<\/p>\n\n\n\n<p>Es un fondo rotatorio destinado a la siembra y se devolver\u00e1 a kilos de carne a un a\u00f1o para aquellos que realicen verdeos y dos para perennes.<\/p>\n\n\n\n<p>Las inscripciones se podr\u00e1n realizar en las delegaciones de Pradere y Stroeder, en la localidad de Villalonga (casa de Campo), y en la oficina de Desarrollo territorial de Carmen de Patagones.<\/p>\n\t\t\t\t\t\t\t\t<\/div>\n\t\t\t\t<\/div>\n\t\t\t\t\t<\/div>\n\t\t<\/div>\n\t\t\t\t\t<\/div>\n\t\t<\/section>\n\t\t\t\t<\/div>\n\t\t<div class=\"fb-background-color\">\n\t\t\t  <div \n\t\t\t  \tclass = \"fb-comments\" \n\t\t\t  \tdata-href = \"https:\/\/www.elpolitologoyelpolitico.com.ar\/wordpress\/2022\/02\/22\/programa-de-siembra-de-verdeos-y-pasturas-perennes-patagones-2022\/\"\n\t\t\t  \tdata-numposts = \"10\"\n\t\t\t  \tdata-lazy = \"true\"\n\t\t\t\tdata-colorscheme = \"light\"\n\t\t\t\tdata-order-by = \"social\"\n\t\t\t\tdata-mobile=true>\n\t\t\t  <\/div><\/div>\n\t\t  <style>\n\t\t    .fb-background-color {\n\t\t\t\tbackground: #ffffff !important;\n\t\t\t}\n\t\t\t.fb_iframe_widget_fluid_desktop iframe {\n\t\t\t    width: 100% !important;\n\t\t\t}\n\t\t  <\/style>\n\t\t  ","protected":false},"excerpt":{"rendered":"<p>La Subsecretar\u00eda de Desarrollo Territorial recuerda que se encuentra abierta la inscripci\u00f3n del Fondo Rotatorio 2022, para todos aquellos productores agropecuarios interesados en la siembra de verdeos (avena, centeno etc) y perennes como agropiro.&nbsp; El programa es impulsado a trav\u00e9s del fondo otorgado por el Ministerio de Agricultura Ganader\u00eda y Pesca de la Naci\u00f3n, con [&hellip;]<\/p>\n","protected":false},"author":4,"featured_media":16642,"comment_status":"closed","ping_status":"closed","sticky":false,"template":"","format":"standard","meta":{"_joinchat":[],"footnotes":""},"categories":[4],"tags":[],"class_list":["post-16641","post","type-post","status-publish","format-standard","has-post-thumbnail","hentry","category-politicas-publicas"],"_links":{"self":[{"href":"https:\/\/www.elpolitologoyelpolitico.com.ar\/wordpress\/wp-json\/wp\/v2\/posts\/16641","targetHints":{"allow":["GET"]}}],"collection":[{"href":"https:\/\/www.elpolitologoyelpolitico.com.ar\/wordpress\/wp-json\/wp\/v2\/posts"}],"about":[{"href":"https:\/\/www.elpolitologoyelpolitico.com.ar\/wordpress\/wp-json\/wp\/v2\/types\/post"}],"author":[{"embeddable":true,"href":"https:\/\/www.elpolitologoyelpolitico.com.ar\/wordpress\/wp-json\/wp\/v2\/users\/4"}],"replies":[{"embeddable":true,"href":"https:\/\/www.elpolitologoyelpolitico.com.ar\/wordpress\/wp-json\/wp\/v2\/comments?post=16641"}],"version-history":[{"count":0,"href":"https:\/\/www.elpolitologoyelpolitico.com.ar\/wordpress\/wp-json\/wp\/v2\/posts\/16641\/revisions"}],"wp:featuredmedia":[{"embeddable":true,"href":"https:\/\/www.elpolitologoyelpolitico.com.ar\/wordpress\/wp-json\/wp\/v2\/media\/16642"}],"wp:attachment":[{"href":"https:\/\/www.elpolitologoyelpolitico.com.ar\/wordpress\/wp-json\/wp\/v2\/media?parent=16641"}],"wp:term":[{"taxonomy":"category","embeddable":true,"href":"https:\/\/www.elpolitologoyelpolitico.com.ar\/wordpress\/wp-json\/wp\/v2\/categories?post=16641"},{"taxonomy":"post_tag","embeddable":true,"href":"https:\/\/www.elpolitologoyelpolitico.com.ar\/wordpress\/wp-json\/wp\/v2\/tags?post=16641"}],"curies":[{"name":"wp","href":"https:\/\/api.w.org\/{rel}","templated":true}]}}