{"id":16610,"date":"2022-02-21T19:36:29","date_gmt":"2022-02-21T19:36:29","guid":{"rendered":"https:\/\/www.elpolitologoyelpolitico.com.ar\/wordpress\/?p=16610"},"modified":"2022-02-21T19:37:39","modified_gmt":"2022-02-21T19:37:39","slug":"queremos-arreglar-y-poner-en-valor-nuestro-catamaran-con-la-asociacion-amigos-del-catamaran-estamos-trabando-y-muy-pronto-volvera-a-navegar","status":"publish","type":"post","link":"https:\/\/www.elpolitologoyelpolitico.com.ar\/wordpress\/2022\/02\/21\/queremos-arreglar-y-poner-en-valor-nuestro-catamaran-con-la-asociacion-amigos-del-catamaran-estamos-trabando-y-muy-pronto-volvera-a-navegar\/","title":{"rendered":"\u201cQueremos arreglar y poner en valor nuestro catamar\u00e1n con la asociaci\u00f3n amigos del catamar\u00e1n estamos trabando y muy pronto volver\u00e1\u00a0 a navegar\u201d"},"content":{"rendered":"\t\t<div data-elementor-type=\"wp-post\" data-elementor-id=\"16610\" class=\"elementor elementor-16610\">\n\t\t\t\t\t\t<section class=\"elementor-section elementor-top-section elementor-element elementor-element-5939ed08 elementor-section-boxed elementor-section-height-default elementor-section-height-default\" data-id=\"5939ed08\" data-element_type=\"section\" data-e-type=\"section\">\n\t\t\t\t\t\t<div class=\"elementor-container elementor-column-gap-default\">\n\t\t\t\t\t<div class=\"elementor-column elementor-col-100 elementor-top-column elementor-element elementor-element-219b06c6\" data-id=\"219b06c6\" data-element_type=\"column\" data-e-type=\"column\">\n\t\t\t<div class=\"elementor-widget-wrap elementor-element-populated\">\n\t\t\t\t\t\t<div class=\"elementor-element elementor-element-9345e84 elementor-widget elementor-widget-text-editor\" data-id=\"9345e84\" data-element_type=\"widget\" data-e-type=\"widget\" data-widget_type=\"text-editor.default\">\n\t\t\t\t<div class=\"elementor-widget-container\">\n\t\t\t\t\t\t\t\t\t\n<p><\/p>\n\n\n\n<p>El Legislador de Juntos Somos Rio Negro se refiri\u00f3 a la situaci\u00f3n en la que se encuentra la embarcaci\u00f3n ic\u00f3nica de la comarca.<\/p>\n\n\n\n<p>\u201cQueremos arreglar y poner en valor nuestro catamar\u00e1n con la asociaci\u00f3n amigos del catamar\u00e1n estamos trabando y muy pronto volver\u00e1&nbsp; a navegar\u201d<\/p>\n\n\n\n<p>La asociaci\u00f3n se reuni\u00f3&nbsp; con el intendente Pesatti para firmar&nbsp; el comodato que expresa la adquisici\u00f3n por parte de esta durante el plazo de seis meses renovables en caso de ser necesario, para la puesta en valor y reparaci\u00f3n de la embarcaci\u00f3n.<\/p>\n\n\n\n<p>Por otra parte, el legislador se refiri\u00f3 al encuentro virtual&nbsp; con autoridades provinciales e intendentes, llevado a cabo por la Secretaria de ambiente y cambio clim\u00e1tico.<\/p>\n\n\n\n<p>En dicha reuni\u00f3n se procedi\u00f3 &nbsp; a conformar las mesas de trabajo&nbsp; para dise\u00f1ar pol\u00edticas p\u00fablicas que ayuden a la mitigaci\u00f3n del cambio clim\u00e1tico.<\/p>\n\n\n\n<p>Por \u00faltimo Szczygol se refiri\u00f3 al proyecto presentado en la legislatura para la creaci\u00f3n de un colegio de profesores de educaci\u00f3n f\u00edsica.<\/p>\n\n\n\n<p>\u201cHay un gran inter\u00e9s en aquellos profesores que no pueden conseguir un trabajo digno y bien remunerado por ello queremos trabajar fuertemente en este colegio y que tenga sus sedes correspondientes en cada regi\u00f3n\u201d<\/p>\n\n\n\n<figure class=\"wp-block-image size-full\"><img fetchpriority=\"high\" decoding=\"async\" width=\"720\" height=\"405\" src=\"https:\/\/www.elpolitologoyelpolitico.com.ar\/wp-content\/uploads\/2022\/02\/IMG-20220219-WA0062.jpg\" alt=\"\" class=\"wp-image-16612\" srcset=\"https:\/\/www.elpolitologoyelpolitico.com.ar\/wp-content\/uploads\/2022\/02\/IMG-20220219-WA0062.jpg 720w, https:\/\/www.elpolitologoyelpolitico.com.ar\/wp-content\/uploads\/2022\/02\/IMG-20220219-WA0062-300x169.jpg 300w\" sizes=\"(max-width: 720px) 100vw, 720px\" \/><\/figure>\n\t\t\t\t\t\t\t\t<\/div>\n\t\t\t\t<\/div>\n\t\t\t\t\t<\/div>\n\t\t<\/div>\n\t\t\t\t\t<\/div>\n\t\t<\/section>\n\t\t\t\t<\/div>\n\t\t<div class=\"fb-background-color\">\n\t\t\t  <div \n\t\t\t  \tclass = \"fb-comments\" \n\t\t\t  \tdata-href = \"https:\/\/www.elpolitologoyelpolitico.com.ar\/wordpress\/2022\/02\/21\/queremos-arreglar-y-poner-en-valor-nuestro-catamaran-con-la-asociacion-amigos-del-catamaran-estamos-trabando-y-muy-pronto-volvera-a-navegar\/\"\n\t\t\t  \tdata-numposts = \"10\"\n\t\t\t  \tdata-lazy = \"true\"\n\t\t\t\tdata-colorscheme = \"light\"\n\t\t\t\tdata-order-by = \"social\"\n\t\t\t\tdata-mobile=true>\n\t\t\t  <\/div><\/div>\n\t\t  <style>\n\t\t    .fb-background-color {\n\t\t\t\tbackground: #ffffff !important;\n\t\t\t}\n\t\t\t.fb_iframe_widget_fluid_desktop iframe {\n\t\t\t    width: 100% !important;\n\t\t\t}\n\t\t  <\/style>\n\t\t  ","protected":false},"excerpt":{"rendered":"<p>El Legislador de Juntos Somos Rio Negro se refiri\u00f3 a la situaci\u00f3n en la que se encuentra la embarcaci\u00f3n ic\u00f3nica de la comarca. \u201cQueremos arreglar y poner en valor nuestro catamar\u00e1n con la asociaci\u00f3n amigos del catamar\u00e1n estamos trabando y muy pronto volver\u00e1&nbsp; a navegar\u201d La asociaci\u00f3n se reuni\u00f3&nbsp; con el intendente Pesatti para firmar&nbsp; [&hellip;]<\/p>\n","protected":false},"author":4,"featured_media":16611,"comment_status":"closed","ping_status":"closed","sticky":false,"template":"","format":"standard","meta":{"_joinchat":[],"footnotes":""},"categories":[39],"tags":[],"class_list":["post-16610","post","type-post","status-publish","format-standard","has-post-thumbnail","hentry","category-en-esta-seccion"],"_links":{"self":[{"href":"https:\/\/www.elpolitologoyelpolitico.com.ar\/wordpress\/wp-json\/wp\/v2\/posts\/16610","targetHints":{"allow":["GET"]}}],"collection":[{"href":"https:\/\/www.elpolitologoyelpolitico.com.ar\/wordpress\/wp-json\/wp\/v2\/posts"}],"about":[{"href":"https:\/\/www.elpolitologoyelpolitico.com.ar\/wordpress\/wp-json\/wp\/v2\/types\/post"}],"author":[{"embeddable":true,"href":"https:\/\/www.elpolitologoyelpolitico.com.ar\/wordpress\/wp-json\/wp\/v2\/users\/4"}],"replies":[{"embeddable":true,"href":"https:\/\/www.elpolitologoyelpolitico.com.ar\/wordpress\/wp-json\/wp\/v2\/comments?post=16610"}],"version-history":[{"count":0,"href":"https:\/\/www.elpolitologoyelpolitico.com.ar\/wordpress\/wp-json\/wp\/v2\/posts\/16610\/revisions"}],"wp:featuredmedia":[{"embeddable":true,"href":"https:\/\/www.elpolitologoyelpolitico.com.ar\/wordpress\/wp-json\/wp\/v2\/media\/16611"}],"wp:attachment":[{"href":"https:\/\/www.elpolitologoyelpolitico.com.ar\/wordpress\/wp-json\/wp\/v2\/media?parent=16610"}],"wp:term":[{"taxonomy":"category","embeddable":true,"href":"https:\/\/www.elpolitologoyelpolitico.com.ar\/wordpress\/wp-json\/wp\/v2\/categories?post=16610"},{"taxonomy":"post_tag","embeddable":true,"href":"https:\/\/www.elpolitologoyelpolitico.com.ar\/wordpress\/wp-json\/wp\/v2\/tags?post=16610"}],"curies":[{"name":"wp","href":"https:\/\/api.w.org\/{rel}","templated":true}]}}