{"id":16598,"date":"2022-02-21T16:02:15","date_gmt":"2022-02-21T16:02:15","guid":{"rendered":"https:\/\/www.elpolitologoyelpolitico.com.ar\/wordpress\/?p=16598"},"modified":"2022-02-21T16:02:49","modified_gmt":"2022-02-21T16:02:49","slug":"zara-visito-la-localidad-de-juan-a-pradere-y-mantuvo-diversas-reuniones-con-vecinos-e-instituciones","status":"publish","type":"post","link":"https:\/\/www.elpolitologoyelpolitico.com.ar\/wordpress\/2022\/02\/21\/zara-visito-la-localidad-de-juan-a-pradere-y-mantuvo-diversas-reuniones-con-vecinos-e-instituciones\/","title":{"rendered":"Zara visit\u00f3 la localidad de Juan A. Pradere y mantuvo diversas reuniones con vecinos e instituciones"},"content":{"rendered":"\t\t<div data-elementor-type=\"wp-post\" data-elementor-id=\"16598\" class=\"elementor elementor-16598\">\n\t\t\t\t\t\t<section class=\"elementor-section elementor-top-section elementor-element elementor-element-2c8ff286 elementor-section-boxed elementor-section-height-default elementor-section-height-default\" data-id=\"2c8ff286\" data-element_type=\"section\" data-e-type=\"section\">\n\t\t\t\t\t\t<div class=\"elementor-container elementor-column-gap-default\">\n\t\t\t\t\t<div class=\"elementor-column elementor-col-100 elementor-top-column elementor-element elementor-element-11170f60\" data-id=\"11170f60\" data-element_type=\"column\" data-e-type=\"column\">\n\t\t\t<div class=\"elementor-widget-wrap elementor-element-populated\">\n\t\t\t\t\t\t<div class=\"elementor-element elementor-element-47185591 elementor-widget elementor-widget-text-editor\" data-id=\"47185591\" data-element_type=\"widget\" data-e-type=\"widget\" data-widget_type=\"text-editor.default\">\n\t\t\t\t<div class=\"elementor-widget-container\">\n\t\t\t\t\t\t\t\t\t\n<p><\/p>\n\n\n\n<p>El Intendente Municipal, Ing. Jos\u00e9 Luis Zara, visit\u00f3 el pasado viernes la localidad de Juan A. Pradere, donde fue recibido por la delegada municipal, Rosana Teruel.&nbsp;<\/p>\n\n\n\n<p>El jefe comunal estuvo acompa\u00f1ado por la concejal de Juntos por el Cambio, Jorgelina Castronovo.&nbsp;<\/p>\n\n\n\n<p>En primer t\u00e9rmino, entregaron una bandera de ceremonia al presidente de la Cooperadora de la Sala de Primeros Auxilios, Roberto Coresa.&nbsp;<\/p>\n\n\n\n<p>Luego visitaron el Club Social y Deportivo \u201cJuan A. Pradere\u201d, donde la nueva comisi\u00f3n expuso los proyectos que tienen para mejorar el edificio, adem\u00e1s de contar con nuevas actividades deportivas y volver a participar en la liga de f\u00fatbol de Villarino.&nbsp;<\/p>\n\n\n\n<p>Posteriormente, el Intendente junto a Teruel y Castronovo, mantuvo una reuni\u00f3n con integrantes del Movimiento de Trabajadores Excluidos (MTE), por diferentes proyectos que desean llevar adelante.&nbsp;<\/p>\n\n\n\n<p>Para finalizar la jornada, Zara se entrevist\u00f3 con Hugo C\u00f3rdoba, reconocido jinete de la regi\u00f3n, que fue convocado para participar de la Fiesta \u201cEl Cald\u00e9n de Oro, en la provincia de San Luis, para representar al Distrito.<\/p>\n\t\t\t\t\t\t\t\t<\/div>\n\t\t\t\t<\/div>\n\t\t\t\t\t<\/div>\n\t\t<\/div>\n\t\t\t\t\t<\/div>\n\t\t<\/section>\n\t\t\t\t<\/div>\n\t\t<div class=\"fb-background-color\">\n\t\t\t  <div \n\t\t\t  \tclass = \"fb-comments\" \n\t\t\t  \tdata-href = \"https:\/\/www.elpolitologoyelpolitico.com.ar\/wordpress\/2022\/02\/21\/zara-visito-la-localidad-de-juan-a-pradere-y-mantuvo-diversas-reuniones-con-vecinos-e-instituciones\/\"\n\t\t\t  \tdata-numposts = \"10\"\n\t\t\t  \tdata-lazy = \"true\"\n\t\t\t\tdata-colorscheme = \"light\"\n\t\t\t\tdata-order-by = \"social\"\n\t\t\t\tdata-mobile=true>\n\t\t\t  <\/div><\/div>\n\t\t  <style>\n\t\t    .fb-background-color {\n\t\t\t\tbackground: #ffffff !important;\n\t\t\t}\n\t\t\t.fb_iframe_widget_fluid_desktop iframe {\n\t\t\t    width: 100% !important;\n\t\t\t}\n\t\t  <\/style>\n\t\t  ","protected":false},"excerpt":{"rendered":"<p>El Intendente Municipal, Ing. Jos\u00e9 Luis Zara, visit\u00f3 el pasado viernes la localidad de Juan A. Pradere, donde fue recibido por la delegada municipal, Rosana Teruel.&nbsp; El jefe comunal estuvo acompa\u00f1ado por la concejal de Juntos por el Cambio, Jorgelina Castronovo.&nbsp; En primer t\u00e9rmino, entregaron una bandera de ceremonia al presidente de la Cooperadora de [&hellip;]<\/p>\n","protected":false},"author":4,"featured_media":16599,"comment_status":"closed","ping_status":"closed","sticky":false,"template":"","format":"standard","meta":{"_joinchat":[],"footnotes":""},"categories":[39],"tags":[],"class_list":["post-16598","post","type-post","status-publish","format-standard","has-post-thumbnail","hentry","category-en-esta-seccion"],"_links":{"self":[{"href":"https:\/\/www.elpolitologoyelpolitico.com.ar\/wordpress\/wp-json\/wp\/v2\/posts\/16598","targetHints":{"allow":["GET"]}}],"collection":[{"href":"https:\/\/www.elpolitologoyelpolitico.com.ar\/wordpress\/wp-json\/wp\/v2\/posts"}],"about":[{"href":"https:\/\/www.elpolitologoyelpolitico.com.ar\/wordpress\/wp-json\/wp\/v2\/types\/post"}],"author":[{"embeddable":true,"href":"https:\/\/www.elpolitologoyelpolitico.com.ar\/wordpress\/wp-json\/wp\/v2\/users\/4"}],"replies":[{"embeddable":true,"href":"https:\/\/www.elpolitologoyelpolitico.com.ar\/wordpress\/wp-json\/wp\/v2\/comments?post=16598"}],"version-history":[{"count":0,"href":"https:\/\/www.elpolitologoyelpolitico.com.ar\/wordpress\/wp-json\/wp\/v2\/posts\/16598\/revisions"}],"wp:featuredmedia":[{"embeddable":true,"href":"https:\/\/www.elpolitologoyelpolitico.com.ar\/wordpress\/wp-json\/wp\/v2\/media\/16599"}],"wp:attachment":[{"href":"https:\/\/www.elpolitologoyelpolitico.com.ar\/wordpress\/wp-json\/wp\/v2\/media?parent=16598"}],"wp:term":[{"taxonomy":"category","embeddable":true,"href":"https:\/\/www.elpolitologoyelpolitico.com.ar\/wordpress\/wp-json\/wp\/v2\/categories?post=16598"},{"taxonomy":"post_tag","embeddable":true,"href":"https:\/\/www.elpolitologoyelpolitico.com.ar\/wordpress\/wp-json\/wp\/v2\/tags?post=16598"}],"curies":[{"name":"wp","href":"https:\/\/api.w.org\/{rel}","templated":true}]}}