{"id":16592,"date":"2022-02-20T01:48:38","date_gmt":"2022-02-20T01:48:38","guid":{"rendered":"https:\/\/www.elpolitologoyelpolitico.com.ar\/wordpress\/?p=16592"},"modified":"2022-02-20T01:50:09","modified_gmt":"2022-02-20T01:50:09","slug":"hemos-podido-avanzar-en-la-perspectiva-de-genero","status":"publish","type":"post","link":"https:\/\/www.elpolitologoyelpolitico.com.ar\/wordpress\/2022\/02\/20\/hemos-podido-avanzar-en-la-perspectiva-de-genero\/","title":{"rendered":"\u201cHemos podido avanzar\u00a0 en la perspectiva de g\u00e9nero\u201d"},"content":{"rendered":"\t\t<div data-elementor-type=\"wp-post\" data-elementor-id=\"16592\" class=\"elementor elementor-16592\">\n\t\t\t\t\t\t<section class=\"elementor-section elementor-top-section elementor-element elementor-element-557cefc2 elementor-section-boxed elementor-section-height-default elementor-section-height-default\" data-id=\"557cefc2\" data-element_type=\"section\" data-e-type=\"section\">\n\t\t\t\t\t\t<div class=\"elementor-container elementor-column-gap-default\">\n\t\t\t\t\t<div class=\"elementor-column elementor-col-100 elementor-top-column elementor-element elementor-element-39c296f3\" data-id=\"39c296f3\" data-element_type=\"column\" data-e-type=\"column\">\n\t\t\t<div class=\"elementor-widget-wrap elementor-element-populated\">\n\t\t\t\t\t\t<div class=\"elementor-element elementor-element-6b0efce9 elementor-widget elementor-widget-text-editor\" data-id=\"6b0efce9\" data-element_type=\"widget\" data-e-type=\"widget\" data-widget_type=\"text-editor.default\">\n\t\t\t\t<div class=\"elementor-widget-container\">\n\t\t\t\t\t\t\t\t\t\n<p><\/p>\n\n\n\n<p>La Presidenta de Concejo Deliberante de Viedma, Maricel Cevoli coment\u00f3 como fue legislar durante la pandemia covid-19<\/p>\n\n\n\n<p>\u201cLa realidad es que nos sorprendi\u00f3 a todos, nuestra funci\u00f3n siempre estuvo en garantizar la calidad de vida de nuestros vecinos, nunca perdimos de vista esto\u201d.<\/p>\n\n\n\n<p>Asimismo se refiri\u00f3 a que las ordenanzas apunta a trabajar en la perspectiva de g\u00e9nero, por ello se refiri\u00f3 al proyecto que viene llevando el Ministerio de justicia de Rio Negro.&nbsp;<\/p>\n\n\n\n<p>\u201cHemos podido avanzar&nbsp; en la perspectiva de g\u00e9nero, creo que si seguimos sin pensar en esto en parte no vamos a solucionar nada, este proyecto es sumamente valioso y celebro que lo podamos llevar adelante\u201d<\/p>\n\n\n\n<p>Por otra parte se refiri\u00f3 a una serie de proyectos que se retomaran de los primeros a\u00f1os pand\u00e9micos y aquellos que se suman durante este a\u00f1o que apuntan a visibilizar temas relevantes para la comunidad.<\/p>\n\t\t\t\t\t\t\t\t<\/div>\n\t\t\t\t<\/div>\n\t\t\t\t\t<\/div>\n\t\t<\/div>\n\t\t\t\t\t<\/div>\n\t\t<\/section>\n\t\t\t\t<\/div>\n\t\t<div class=\"fb-background-color\">\n\t\t\t  <div \n\t\t\t  \tclass = \"fb-comments\" \n\t\t\t  \tdata-href = \"https:\/\/www.elpolitologoyelpolitico.com.ar\/wordpress\/2022\/02\/20\/hemos-podido-avanzar-en-la-perspectiva-de-genero\/\"\n\t\t\t  \tdata-numposts = \"10\"\n\t\t\t  \tdata-lazy = \"true\"\n\t\t\t\tdata-colorscheme = \"light\"\n\t\t\t\tdata-order-by = \"social\"\n\t\t\t\tdata-mobile=true>\n\t\t\t  <\/div><\/div>\n\t\t  <style>\n\t\t    .fb-background-color {\n\t\t\t\tbackground: #ffffff !important;\n\t\t\t}\n\t\t\t.fb_iframe_widget_fluid_desktop iframe {\n\t\t\t    width: 100% !important;\n\t\t\t}\n\t\t  <\/style>\n\t\t  ","protected":false},"excerpt":{"rendered":"<p>La Presidenta de Concejo Deliberante de Viedma, Maricel Cevoli coment\u00f3 como fue legislar durante la pandemia covid-19 \u201cLa realidad es que nos sorprendi\u00f3 a todos, nuestra funci\u00f3n siempre estuvo en garantizar la calidad de vida de nuestros vecinos, nunca perdimos de vista esto\u201d. Asimismo se refiri\u00f3 a que las ordenanzas apunta a trabajar en la [&hellip;]<\/p>\n","protected":false},"author":4,"featured_media":16593,"comment_status":"closed","ping_status":"closed","sticky":false,"template":"","format":"standard","meta":{"_joinchat":[],"footnotes":""},"categories":[39],"tags":[],"class_list":["post-16592","post","type-post","status-publish","format-standard","has-post-thumbnail","hentry","category-en-esta-seccion"],"_links":{"self":[{"href":"https:\/\/www.elpolitologoyelpolitico.com.ar\/wordpress\/wp-json\/wp\/v2\/posts\/16592","targetHints":{"allow":["GET"]}}],"collection":[{"href":"https:\/\/www.elpolitologoyelpolitico.com.ar\/wordpress\/wp-json\/wp\/v2\/posts"}],"about":[{"href":"https:\/\/www.elpolitologoyelpolitico.com.ar\/wordpress\/wp-json\/wp\/v2\/types\/post"}],"author":[{"embeddable":true,"href":"https:\/\/www.elpolitologoyelpolitico.com.ar\/wordpress\/wp-json\/wp\/v2\/users\/4"}],"replies":[{"embeddable":true,"href":"https:\/\/www.elpolitologoyelpolitico.com.ar\/wordpress\/wp-json\/wp\/v2\/comments?post=16592"}],"version-history":[{"count":0,"href":"https:\/\/www.elpolitologoyelpolitico.com.ar\/wordpress\/wp-json\/wp\/v2\/posts\/16592\/revisions"}],"wp:featuredmedia":[{"embeddable":true,"href":"https:\/\/www.elpolitologoyelpolitico.com.ar\/wordpress\/wp-json\/wp\/v2\/media\/16593"}],"wp:attachment":[{"href":"https:\/\/www.elpolitologoyelpolitico.com.ar\/wordpress\/wp-json\/wp\/v2\/media?parent=16592"}],"wp:term":[{"taxonomy":"category","embeddable":true,"href":"https:\/\/www.elpolitologoyelpolitico.com.ar\/wordpress\/wp-json\/wp\/v2\/categories?post=16592"},{"taxonomy":"post_tag","embeddable":true,"href":"https:\/\/www.elpolitologoyelpolitico.com.ar\/wordpress\/wp-json\/wp\/v2\/tags?post=16592"}],"curies":[{"name":"wp","href":"https:\/\/api.w.org\/{rel}","templated":true}]}}