{"id":16586,"date":"2022-02-20T01:07:34","date_gmt":"2022-02-20T01:07:34","guid":{"rendered":"https:\/\/www.elpolitologoyelpolitico.com.ar\/wordpress\/?p=16586"},"modified":"2022-02-20T01:08:14","modified_gmt":"2022-02-20T01:08:14","slug":"comienzan-las-clases-en-patagones-el-2-de-marzo-se-requerira-el-pase-sanitario","status":"publish","type":"post","link":"https:\/\/www.elpolitologoyelpolitico.com.ar\/wordpress\/2022\/02\/20\/comienzan-las-clases-en-patagones-el-2-de-marzo-se-requerira-el-pase-sanitario\/","title":{"rendered":"Comienzan las clases en Patagones el 2 de marzo: \u00bfSe requerir\u00e1 el pase sanitario?"},"content":{"rendered":"\t\t<div data-elementor-type=\"wp-post\" data-elementor-id=\"16586\" class=\"elementor elementor-16586\">\n\t\t\t\t\t\t<section class=\"elementor-section elementor-top-section elementor-element elementor-element-3627732e elementor-section-boxed elementor-section-height-default elementor-section-height-default\" data-id=\"3627732e\" data-element_type=\"section\" data-e-type=\"section\">\n\t\t\t\t\t\t<div class=\"elementor-container elementor-column-gap-default\">\n\t\t\t\t\t<div class=\"elementor-column elementor-col-100 elementor-top-column elementor-element elementor-element-7bda962c\" data-id=\"7bda962c\" data-element_type=\"column\" data-e-type=\"column\">\n\t\t\t<div class=\"elementor-widget-wrap elementor-element-populated\">\n\t\t\t\t\t\t<div class=\"elementor-element elementor-element-540d35a4 elementor-widget elementor-widget-text-editor\" data-id=\"540d35a4\" data-element_type=\"widget\" data-e-type=\"widget\" data-widget_type=\"text-editor.default\">\n\t\t\t\t<div class=\"elementor-widget-container\">\n\t\t\t\t\t\t\t\t\t\n<p><\/p>\n\n\n\n<p>La jefa distrital de Patagones, Claudia Azpiroz&nbsp; remarc\u00f3 que el 2 de marzo es el regreso de clases presenciales en todos los niveles.&nbsp;<\/p>\n\n\n\n<p>Es por ello que ante las dudas surgidas en la comunidad se\u00f1al\u00f3 \u201cNo&nbsp; se pedir\u00e1 el pase sanitario ya sean docentes, alumnos&nbsp; o auxiliares\u201d.<\/p>\n\n\n\n<p>Por otra parte se refiri\u00f3 al trabajo realizado bajo el programa verano + ATR el cual conto con gran participaci\u00f3n de ni\u00f1os.<\/p>\n\n\n\n<p>\u201cEl resultado fue muy positivo, hubo un gran trabajo y acompa\u00f1amiento donde se mostr\u00f3 el compromiso que se tiene con la educaci\u00f3n\u201d.<\/p>\n\n\n\n<p>Por ultimo, la jefa Distrital recalc\u00f3 el avance de la campa\u00f1a de vacunaci\u00f3n en establecimientos primarios del Partido, cabe destacar que la misma es voluntaria.<\/p>\n\t\t\t\t\t\t\t\t<\/div>\n\t\t\t\t<\/div>\n\t\t\t\t\t<\/div>\n\t\t<\/div>\n\t\t\t\t\t<\/div>\n\t\t<\/section>\n\t\t\t\t<\/div>\n\t\t<div class=\"fb-background-color\">\n\t\t\t  <div \n\t\t\t  \tclass = \"fb-comments\" \n\t\t\t  \tdata-href = \"https:\/\/www.elpolitologoyelpolitico.com.ar\/wordpress\/2022\/02\/20\/comienzan-las-clases-en-patagones-el-2-de-marzo-se-requerira-el-pase-sanitario\/\"\n\t\t\t  \tdata-numposts = \"10\"\n\t\t\t  \tdata-lazy = \"true\"\n\t\t\t\tdata-colorscheme = \"light\"\n\t\t\t\tdata-order-by = \"social\"\n\t\t\t\tdata-mobile=true>\n\t\t\t  <\/div><\/div>\n\t\t  <style>\n\t\t    .fb-background-color {\n\t\t\t\tbackground: #ffffff !important;\n\t\t\t}\n\t\t\t.fb_iframe_widget_fluid_desktop iframe {\n\t\t\t    width: 100% !important;\n\t\t\t}\n\t\t  <\/style>\n\t\t  ","protected":false},"excerpt":{"rendered":"<p>La jefa distrital de Patagones, Claudia Azpiroz&nbsp; remarc\u00f3 que el 2 de marzo es el regreso de clases presenciales en todos los niveles.&nbsp; Es por ello que ante las dudas surgidas en la comunidad se\u00f1al\u00f3 \u201cNo&nbsp; se pedir\u00e1 el pase sanitario ya sean docentes, alumnos&nbsp; o auxiliares\u201d. Por otra parte se refiri\u00f3 al trabajo realizado [&hellip;]<\/p>\n","protected":false},"author":4,"featured_media":16587,"comment_status":"closed","ping_status":"closed","sticky":false,"template":"","format":"standard","meta":{"_joinchat":[],"footnotes":""},"categories":[39],"tags":[],"class_list":["post-16586","post","type-post","status-publish","format-standard","has-post-thumbnail","hentry","category-en-esta-seccion"],"_links":{"self":[{"href":"https:\/\/www.elpolitologoyelpolitico.com.ar\/wordpress\/wp-json\/wp\/v2\/posts\/16586","targetHints":{"allow":["GET"]}}],"collection":[{"href":"https:\/\/www.elpolitologoyelpolitico.com.ar\/wordpress\/wp-json\/wp\/v2\/posts"}],"about":[{"href":"https:\/\/www.elpolitologoyelpolitico.com.ar\/wordpress\/wp-json\/wp\/v2\/types\/post"}],"author":[{"embeddable":true,"href":"https:\/\/www.elpolitologoyelpolitico.com.ar\/wordpress\/wp-json\/wp\/v2\/users\/4"}],"replies":[{"embeddable":true,"href":"https:\/\/www.elpolitologoyelpolitico.com.ar\/wordpress\/wp-json\/wp\/v2\/comments?post=16586"}],"version-history":[{"count":0,"href":"https:\/\/www.elpolitologoyelpolitico.com.ar\/wordpress\/wp-json\/wp\/v2\/posts\/16586\/revisions"}],"wp:featuredmedia":[{"embeddable":true,"href":"https:\/\/www.elpolitologoyelpolitico.com.ar\/wordpress\/wp-json\/wp\/v2\/media\/16587"}],"wp:attachment":[{"href":"https:\/\/www.elpolitologoyelpolitico.com.ar\/wordpress\/wp-json\/wp\/v2\/media?parent=16586"}],"wp:term":[{"taxonomy":"category","embeddable":true,"href":"https:\/\/www.elpolitologoyelpolitico.com.ar\/wordpress\/wp-json\/wp\/v2\/categories?post=16586"},{"taxonomy":"post_tag","embeddable":true,"href":"https:\/\/www.elpolitologoyelpolitico.com.ar\/wordpress\/wp-json\/wp\/v2\/tags?post=16586"}],"curies":[{"name":"wp","href":"https:\/\/api.w.org\/{rel}","templated":true}]}}