{"id":16576,"date":"2022-02-20T00:43:14","date_gmt":"2022-02-20T00:43:14","guid":{"rendered":"https:\/\/www.elpolitologoyelpolitico.com.ar\/wordpress\/?p=16576"},"modified":"2022-02-20T00:44:28","modified_gmt":"2022-02-20T00:44:28","slug":"queremos-mostrarle-a-los-chicos-el-deporte-reglado-y-que-en-un-futuro-a-traves-de-este-se-puede-alcanzar-un-estilo-de-vida","status":"publish","type":"post","link":"https:\/\/www.elpolitologoyelpolitico.com.ar\/wordpress\/2022\/02\/20\/queremos-mostrarle-a-los-chicos-el-deporte-reglado-y-que-en-un-futuro-a-traves-de-este-se-puede-alcanzar-un-estilo-de-vida\/","title":{"rendered":"\u201cQueremos mostrarle a los chicos el deporte reglado y que en un futuro a trav\u00e9s de este se puede\u00a0 alcanzar un estilo de vida\u201d"},"content":{"rendered":"\t\t<div data-elementor-type=\"wp-post\" data-elementor-id=\"16576\" class=\"elementor elementor-16576\">\n\t\t\t\t\t\t<section class=\"elementor-section elementor-top-section elementor-element elementor-element-62518343 elementor-section-boxed elementor-section-height-default elementor-section-height-default\" data-id=\"62518343\" data-element_type=\"section\" data-e-type=\"section\">\n\t\t\t\t\t\t<div class=\"elementor-container elementor-column-gap-default\">\n\t\t\t\t\t<div class=\"elementor-column elementor-col-100 elementor-top-column elementor-element elementor-element-6471c569\" data-id=\"6471c569\" data-element_type=\"column\" data-e-type=\"column\">\n\t\t\t<div class=\"elementor-widget-wrap elementor-element-populated\">\n\t\t\t\t\t\t<div class=\"elementor-element elementor-element-167e7911 elementor-widget elementor-widget-text-editor\" data-id=\"167e7911\" data-element_type=\"widget\" data-e-type=\"widget\" data-widget_type=\"text-editor.default\">\n\t\t\t\t<div class=\"elementor-widget-container\">\n\t\t\t\t\t\t\t\t\t\n<p><\/p>\n\n\n\n<p>En lo deportivo, se viene llevando a cabo distintas propuestas en la Ciudad de Viedma y en la Costa rionegrina.<\/p>\n\n\n\n<p>El subsecretario de deportes Marcelo Barra, destac\u00f3 el trabajo realizado con&nbsp; los programas de verano durante el mes de enero.<\/p>\n\n\n\n<p>\u201cEl municipio sostuvo ocho programas durante el verano y terminados estos sumamos cinco m\u00e1s, uno de ellos fueron las colonias&nbsp; en sus tres categor\u00edas con muchas propuestas\u201d<\/p>\n\n\n\n<p>\u201cHoy se da inicia a la liga de b\u00e1squet\u00a0 tres por tres en el Parque Ferreyra\u201d agreg\u00f3 Barra.<\/p>\n\n\n\n<p>Por otra parte se\u00f1al\u00f3 la importancia del acompa\u00f1amiento en los eventos, brindado por el municipio a las instituciones de la ciudad.&nbsp;<\/p>\n\n\n\n<p>\u201cNo solamente es la contenci\u00f3n a las instituciones, queremos mostrarle a los chicos el deporte reglado y que en un futuro a trav\u00e9s de este se puede&nbsp; alcanzar un estilo de vida\u201d<\/p>\n\n\n\n<p>Por \u00faltimo se\u00f1al\u00f3 que\u00a0 durante la Fiesta el Rio el \u00e1rea de deporte brindara acompa\u00f1amiento a un evento abierto de ajedrez y otras actividades.\u00a0<\/p>\n\n\n\n<figure class=\"wp-block-image size-full\"><img fetchpriority=\"high\" decoding=\"async\" width=\"720\" height=\"540\" src=\"https:\/\/www.elpolitologoyelpolitico.com.ar\/wp-content\/uploads\/2022\/02\/IMG-20220219-WA0058.jpg\" alt=\"\" class=\"wp-image-16580\" srcset=\"https:\/\/www.elpolitologoyelpolitico.com.ar\/wp-content\/uploads\/2022\/02\/IMG-20220219-WA0058.jpg 720w, https:\/\/www.elpolitologoyelpolitico.com.ar\/wp-content\/uploads\/2022\/02\/IMG-20220219-WA0058-300x225.jpg 300w\" sizes=\"(max-width: 720px) 100vw, 720px\" \/><\/figure>\n\t\t\t\t\t\t\t\t<\/div>\n\t\t\t\t<\/div>\n\t\t\t\t\t<\/div>\n\t\t<\/div>\n\t\t\t\t\t<\/div>\n\t\t<\/section>\n\t\t\t\t<\/div>\n\t\t<div class=\"fb-background-color\">\n\t\t\t  <div \n\t\t\t  \tclass = \"fb-comments\" \n\t\t\t  \tdata-href = \"https:\/\/www.elpolitologoyelpolitico.com.ar\/wordpress\/2022\/02\/20\/queremos-mostrarle-a-los-chicos-el-deporte-reglado-y-que-en-un-futuro-a-traves-de-este-se-puede-alcanzar-un-estilo-de-vida\/\"\n\t\t\t  \tdata-numposts = \"10\"\n\t\t\t  \tdata-lazy = \"true\"\n\t\t\t\tdata-colorscheme = \"light\"\n\t\t\t\tdata-order-by = \"social\"\n\t\t\t\tdata-mobile=true>\n\t\t\t  <\/div><\/div>\n\t\t  <style>\n\t\t    .fb-background-color {\n\t\t\t\tbackground: #ffffff !important;\n\t\t\t}\n\t\t\t.fb_iframe_widget_fluid_desktop iframe {\n\t\t\t    width: 100% !important;\n\t\t\t}\n\t\t  <\/style>\n\t\t  ","protected":false},"excerpt":{"rendered":"<p>En lo deportivo, se viene llevando a cabo distintas propuestas en la Ciudad de Viedma y en la Costa rionegrina. El subsecretario de deportes Marcelo Barra, destac\u00f3 el trabajo realizado con&nbsp; los programas de verano durante el mes de enero. \u201cEl municipio sostuvo ocho programas durante el verano y terminados estos sumamos cinco m\u00e1s, uno [&hellip;]<\/p>\n","protected":false},"author":4,"featured_media":16577,"comment_status":"closed","ping_status":"closed","sticky":false,"template":"","format":"standard","meta":{"_joinchat":[],"footnotes":""},"categories":[39],"tags":[],"class_list":["post-16576","post","type-post","status-publish","format-standard","has-post-thumbnail","hentry","category-en-esta-seccion"],"_links":{"self":[{"href":"https:\/\/www.elpolitologoyelpolitico.com.ar\/wordpress\/wp-json\/wp\/v2\/posts\/16576","targetHints":{"allow":["GET"]}}],"collection":[{"href":"https:\/\/www.elpolitologoyelpolitico.com.ar\/wordpress\/wp-json\/wp\/v2\/posts"}],"about":[{"href":"https:\/\/www.elpolitologoyelpolitico.com.ar\/wordpress\/wp-json\/wp\/v2\/types\/post"}],"author":[{"embeddable":true,"href":"https:\/\/www.elpolitologoyelpolitico.com.ar\/wordpress\/wp-json\/wp\/v2\/users\/4"}],"replies":[{"embeddable":true,"href":"https:\/\/www.elpolitologoyelpolitico.com.ar\/wordpress\/wp-json\/wp\/v2\/comments?post=16576"}],"version-history":[{"count":0,"href":"https:\/\/www.elpolitologoyelpolitico.com.ar\/wordpress\/wp-json\/wp\/v2\/posts\/16576\/revisions"}],"wp:featuredmedia":[{"embeddable":true,"href":"https:\/\/www.elpolitologoyelpolitico.com.ar\/wordpress\/wp-json\/wp\/v2\/media\/16577"}],"wp:attachment":[{"href":"https:\/\/www.elpolitologoyelpolitico.com.ar\/wordpress\/wp-json\/wp\/v2\/media?parent=16576"}],"wp:term":[{"taxonomy":"category","embeddable":true,"href":"https:\/\/www.elpolitologoyelpolitico.com.ar\/wordpress\/wp-json\/wp\/v2\/categories?post=16576"},{"taxonomy":"post_tag","embeddable":true,"href":"https:\/\/www.elpolitologoyelpolitico.com.ar\/wordpress\/wp-json\/wp\/v2\/tags?post=16576"}],"curies":[{"name":"wp","href":"https:\/\/api.w.org\/{rel}","templated":true}]}}