{"id":16563,"date":"2022-02-19T21:50:30","date_gmt":"2022-02-19T21:50:30","guid":{"rendered":"https:\/\/www.elpolitologoyelpolitico.com.ar\/wordpress\/?p=16563"},"modified":"2022-02-19T21:51:11","modified_gmt":"2022-02-19T21:51:11","slug":"estos-temas-generaron-debate-pero-todos-fueron-defendidos-de-forma-energica-por-los-concejales","status":"publish","type":"post","link":"https:\/\/www.elpolitologoyelpolitico.com.ar\/wordpress\/2022\/02\/19\/estos-temas-generaron-debate-pero-todos-fueron-defendidos-de-forma-energica-por-los-concejales\/","title":{"rendered":"\u201cEstos temas generaron debate pero todos fueron defendidos de forma en\u00e9rgica por los concejales\u201d"},"content":{"rendered":"\t\t<div data-elementor-type=\"wp-post\" data-elementor-id=\"16563\" class=\"elementor elementor-16563\">\n\t\t\t\t\t\t<section class=\"elementor-section elementor-top-section elementor-element elementor-element-2b236b1c elementor-section-boxed elementor-section-height-default elementor-section-height-default\" data-id=\"2b236b1c\" data-element_type=\"section\" data-e-type=\"section\">\n\t\t\t\t\t\t<div class=\"elementor-container elementor-column-gap-default\">\n\t\t\t\t\t<div class=\"elementor-column elementor-col-100 elementor-top-column elementor-element elementor-element-640ba82c\" data-id=\"640ba82c\" data-element_type=\"column\" data-e-type=\"column\">\n\t\t\t<div class=\"elementor-widget-wrap elementor-element-populated\">\n\t\t\t\t\t\t<div class=\"elementor-element elementor-element-589f2d63 elementor-widget elementor-widget-text-editor\" data-id=\"589f2d63\" data-element_type=\"widget\" data-e-type=\"widget\" data-widget_type=\"text-editor.default\">\n\t\t\t\t<div class=\"elementor-widget-container\">\n\t\t\t\t\t\t\t\t\t\n<p><\/p>\n\n\n\n<p>Julio Costantino, presidente del Consejo Deliberante de Patagones expres\u00f3 lo tratado durante la sesi\u00f3n extraordinaria.<\/p>\n\n\n\n<p>Los temas tratados&nbsp; fueron aprobados por unanimidad entre estos: la pavimentaci\u00f3n del camino de Bah\u00eda San Blas, el proyecto de m\u00f3dulos de potabilizaci\u00f3n de agua y las estaciones transformadoras de electricidad.<\/p>\n\n\n\n<p>\u201cEstos temas generaron debate pero todos fueron defendidos de forma en\u00e9rgica por los concejales\u201d indic\u00f3 el presidente del HCD<\/p>\n\n\n\n<p>Asimismo el proyecto presentado por la concejal Castronovo con respecto a los veh\u00edculos de carga que circulan en la comarca, tambi\u00e9n fue aprobado por unanimidad del concejo.<\/p>\n\n\n\n<p>\u201cLos concejales planteaban la necesidad de que el carnet pueda realizarse de forma on line y de esta manera evitar ese gasto que para este sector es alto\u201d se\u00f1al\u00f3 Costantino.&nbsp;<\/p>\n\n\n\n<p>Por otra parte remarc\u00f3&nbsp; \u201cDurante el 2 de marzo se llevar\u00e1 a cabo la pr\u00f3xima sesi\u00f3n de apertura 2022 en el sal\u00f3n de la sociedad rural de Carmen de Patagones con la presencia del Intendente Jos\u00e9 Zara quien dar\u00e1 el discurso de apertura\u201d<\/p>\n\t\t\t\t\t\t\t\t<\/div>\n\t\t\t\t<\/div>\n\t\t\t\t\t<\/div>\n\t\t<\/div>\n\t\t\t\t\t<\/div>\n\t\t<\/section>\n\t\t\t\t<\/div>\n\t\t<div class=\"fb-background-color\">\n\t\t\t  <div \n\t\t\t  \tclass = \"fb-comments\" \n\t\t\t  \tdata-href = \"https:\/\/www.elpolitologoyelpolitico.com.ar\/wordpress\/2022\/02\/19\/estos-temas-generaron-debate-pero-todos-fueron-defendidos-de-forma-energica-por-los-concejales\/\"\n\t\t\t  \tdata-numposts = \"10\"\n\t\t\t  \tdata-lazy = \"true\"\n\t\t\t\tdata-colorscheme = \"light\"\n\t\t\t\tdata-order-by = \"social\"\n\t\t\t\tdata-mobile=true>\n\t\t\t  <\/div><\/div>\n\t\t  <style>\n\t\t    .fb-background-color {\n\t\t\t\tbackground: #ffffff !important;\n\t\t\t}\n\t\t\t.fb_iframe_widget_fluid_desktop iframe {\n\t\t\t    width: 100% !important;\n\t\t\t}\n\t\t  <\/style>\n\t\t  ","protected":false},"excerpt":{"rendered":"<p>Julio Costantino, presidente del Consejo Deliberante de Patagones expres\u00f3 lo tratado durante la sesi\u00f3n extraordinaria. Los temas tratados&nbsp; fueron aprobados por unanimidad entre estos: la pavimentaci\u00f3n del camino de Bah\u00eda San Blas, el proyecto de m\u00f3dulos de potabilizaci\u00f3n de agua y las estaciones transformadoras de electricidad. \u201cEstos temas generaron debate pero todos fueron defendidos de [&hellip;]<\/p>\n","protected":false},"author":4,"featured_media":16564,"comment_status":"closed","ping_status":"closed","sticky":false,"template":"","format":"standard","meta":{"_joinchat":[],"footnotes":""},"categories":[39],"tags":[],"class_list":["post-16563","post","type-post","status-publish","format-standard","has-post-thumbnail","hentry","category-en-esta-seccion"],"_links":{"self":[{"href":"https:\/\/www.elpolitologoyelpolitico.com.ar\/wordpress\/wp-json\/wp\/v2\/posts\/16563","targetHints":{"allow":["GET"]}}],"collection":[{"href":"https:\/\/www.elpolitologoyelpolitico.com.ar\/wordpress\/wp-json\/wp\/v2\/posts"}],"about":[{"href":"https:\/\/www.elpolitologoyelpolitico.com.ar\/wordpress\/wp-json\/wp\/v2\/types\/post"}],"author":[{"embeddable":true,"href":"https:\/\/www.elpolitologoyelpolitico.com.ar\/wordpress\/wp-json\/wp\/v2\/users\/4"}],"replies":[{"embeddable":true,"href":"https:\/\/www.elpolitologoyelpolitico.com.ar\/wordpress\/wp-json\/wp\/v2\/comments?post=16563"}],"version-history":[{"count":0,"href":"https:\/\/www.elpolitologoyelpolitico.com.ar\/wordpress\/wp-json\/wp\/v2\/posts\/16563\/revisions"}],"wp:featuredmedia":[{"embeddable":true,"href":"https:\/\/www.elpolitologoyelpolitico.com.ar\/wordpress\/wp-json\/wp\/v2\/media\/16564"}],"wp:attachment":[{"href":"https:\/\/www.elpolitologoyelpolitico.com.ar\/wordpress\/wp-json\/wp\/v2\/media?parent=16563"}],"wp:term":[{"taxonomy":"category","embeddable":true,"href":"https:\/\/www.elpolitologoyelpolitico.com.ar\/wordpress\/wp-json\/wp\/v2\/categories?post=16563"},{"taxonomy":"post_tag","embeddable":true,"href":"https:\/\/www.elpolitologoyelpolitico.com.ar\/wordpress\/wp-json\/wp\/v2\/tags?post=16563"}],"curies":[{"name":"wp","href":"https:\/\/api.w.org\/{rel}","templated":true}]}}