{"id":16557,"date":"2022-02-19T21:00:54","date_gmt":"2022-02-19T21:00:54","guid":{"rendered":"https:\/\/www.elpolitologoyelpolitico.com.ar\/wordpress\/?p=16557"},"modified":"2022-02-19T21:01:39","modified_gmt":"2022-02-19T21:01:39","slug":"venimos-trabajando-y-redoblando-esfuerzos-diagramando-todo-para-que-el-resultado-sea-el-mejor","status":"publish","type":"post","link":"https:\/\/www.elpolitologoyelpolitico.com.ar\/wordpress\/2022\/02\/19\/venimos-trabajando-y-redoblando-esfuerzos-diagramando-todo-para-que-el-resultado-sea-el-mejor\/","title":{"rendered":"\u201cVenimos trabajando y redoblando esfuerzos, diagramando todo para que el resultado sea el mejor\u201d"},"content":{"rendered":"\t\t<div data-elementor-type=\"wp-post\" data-elementor-id=\"16557\" class=\"elementor elementor-16557\">\n\t\t\t\t\t\t<section class=\"elementor-section elementor-top-section elementor-element elementor-element-12087693 elementor-section-boxed elementor-section-height-default elementor-section-height-default\" data-id=\"12087693\" data-element_type=\"section\" data-e-type=\"section\">\n\t\t\t\t\t\t<div class=\"elementor-container elementor-column-gap-default\">\n\t\t\t\t\t<div class=\"elementor-column elementor-col-100 elementor-top-column elementor-element elementor-element-1be5df24\" data-id=\"1be5df24\" data-element_type=\"column\" data-e-type=\"column\">\n\t\t\t<div class=\"elementor-widget-wrap elementor-element-populated\">\n\t\t\t\t\t\t<div class=\"elementor-element elementor-element-7bf4caf9 elementor-widget elementor-widget-text-editor\" data-id=\"7bf4caf9\" data-element_type=\"widget\" data-e-type=\"widget\" data-widget_type=\"text-editor.default\">\n\t\t\t\t<div class=\"elementor-widget-container\">\n\t\t\t\t\t\t\t\t\t\n<p><\/p>\n\n\n\n<p>La secretar\u00eda de servicios, espacios p\u00fablicos y&nbsp; ambiente de Viedma continua trabajando en&nbsp; diversas tareas y acompa\u00f1ando a las distintas \u00e1reas de deporte, turismo y cultura.<\/p>\n\n\n\n<p>\u201cVenimos trabajando y redoblando esfuerzos, diagramando todo para que el resultado sea el mejor\u201d se\u00f1al\u00f3 Guti\u00e9rrez&nbsp;<\/p>\n\n\n\n<p>\u201cLa fiesta del Mar y el acampante fue un \u00e9xito rotundo, el trabajo en equipo de muchas \u00e1reas del municipio es enorme, sali\u00f3 todo impecable\u201d.<\/p>\n\n\n\n<p>Por otra parte destac\u00f3 el trabajo que se llev\u00f3 a cabo en el balneario La lober\u00eda con la implementaci\u00f3n de un parador y el camping \u201cTodos los d\u00edas nos llegan mensajes de turistas que nos dicen que han sido muy bien atendidos\u201d.<\/p>\n\n\n\n<p>\u201cTambi\u00e9n queremos planificar los servicios de infraestructura en el C\u00f3ndor y las playas intermedias viendo qu\u00e9 tipo de inter\u00e9s tur\u00edstico le vamos a dar\u201d se\u00f1al\u00f3 el secretario.<\/p>\n\n\n\n<p>Por \u00faltimo, con respecto a la Fiesta del Rio expres\u00f3 \u201cVenimos trabajando desde nuestra \u00e1rea hace d\u00edas en todo lo que tiene que ver con el suministro el\u00e9ctrico para los distintos sectores que van a estar presentes como tambi\u00e9n en la higiene urbana\u201d.<\/p>\n\t\t\t\t\t\t\t\t<\/div>\n\t\t\t\t<\/div>\n\t\t\t\t\t<\/div>\n\t\t<\/div>\n\t\t\t\t\t<\/div>\n\t\t<\/section>\n\t\t\t\t<\/div>\n\t\t<div class=\"fb-background-color\">\n\t\t\t  <div \n\t\t\t  \tclass = \"fb-comments\" \n\t\t\t  \tdata-href = \"https:\/\/www.elpolitologoyelpolitico.com.ar\/wordpress\/2022\/02\/19\/venimos-trabajando-y-redoblando-esfuerzos-diagramando-todo-para-que-el-resultado-sea-el-mejor\/\"\n\t\t\t  \tdata-numposts = \"10\"\n\t\t\t  \tdata-lazy = \"true\"\n\t\t\t\tdata-colorscheme = \"light\"\n\t\t\t\tdata-order-by = \"social\"\n\t\t\t\tdata-mobile=true>\n\t\t\t  <\/div><\/div>\n\t\t  <style>\n\t\t    .fb-background-color {\n\t\t\t\tbackground: #ffffff !important;\n\t\t\t}\n\t\t\t.fb_iframe_widget_fluid_desktop iframe {\n\t\t\t    width: 100% !important;\n\t\t\t}\n\t\t  <\/style>\n\t\t  ","protected":false},"excerpt":{"rendered":"<p>La secretar\u00eda de servicios, espacios p\u00fablicos y&nbsp; ambiente de Viedma continua trabajando en&nbsp; diversas tareas y acompa\u00f1ando a las distintas \u00e1reas de deporte, turismo y cultura. \u201cVenimos trabajando y redoblando esfuerzos, diagramando todo para que el resultado sea el mejor\u201d se\u00f1al\u00f3 Guti\u00e9rrez&nbsp; \u201cLa fiesta del Mar y el acampante fue un \u00e9xito rotundo, el trabajo [&hellip;]<\/p>\n","protected":false},"author":4,"featured_media":16558,"comment_status":"closed","ping_status":"closed","sticky":false,"template":"","format":"standard","meta":{"_joinchat":[],"footnotes":""},"categories":[4],"tags":[],"class_list":["post-16557","post","type-post","status-publish","format-standard","has-post-thumbnail","hentry","category-politicas-publicas"],"_links":{"self":[{"href":"https:\/\/www.elpolitologoyelpolitico.com.ar\/wordpress\/wp-json\/wp\/v2\/posts\/16557","targetHints":{"allow":["GET"]}}],"collection":[{"href":"https:\/\/www.elpolitologoyelpolitico.com.ar\/wordpress\/wp-json\/wp\/v2\/posts"}],"about":[{"href":"https:\/\/www.elpolitologoyelpolitico.com.ar\/wordpress\/wp-json\/wp\/v2\/types\/post"}],"author":[{"embeddable":true,"href":"https:\/\/www.elpolitologoyelpolitico.com.ar\/wordpress\/wp-json\/wp\/v2\/users\/4"}],"replies":[{"embeddable":true,"href":"https:\/\/www.elpolitologoyelpolitico.com.ar\/wordpress\/wp-json\/wp\/v2\/comments?post=16557"}],"version-history":[{"count":0,"href":"https:\/\/www.elpolitologoyelpolitico.com.ar\/wordpress\/wp-json\/wp\/v2\/posts\/16557\/revisions"}],"wp:featuredmedia":[{"embeddable":true,"href":"https:\/\/www.elpolitologoyelpolitico.com.ar\/wordpress\/wp-json\/wp\/v2\/media\/16558"}],"wp:attachment":[{"href":"https:\/\/www.elpolitologoyelpolitico.com.ar\/wordpress\/wp-json\/wp\/v2\/media?parent=16557"}],"wp:term":[{"taxonomy":"category","embeddable":true,"href":"https:\/\/www.elpolitologoyelpolitico.com.ar\/wordpress\/wp-json\/wp\/v2\/categories?post=16557"},{"taxonomy":"post_tag","embeddable":true,"href":"https:\/\/www.elpolitologoyelpolitico.com.ar\/wordpress\/wp-json\/wp\/v2\/tags?post=16557"}],"curies":[{"name":"wp","href":"https:\/\/api.w.org\/{rel}","templated":true}]}}