{"id":16550,"date":"2022-02-19T20:00:21","date_gmt":"2022-02-19T20:00:21","guid":{"rendered":"https:\/\/www.elpolitologoyelpolitico.com.ar\/wordpress\/?p=16550"},"modified":"2022-02-19T20:00:57","modified_gmt":"2022-02-19T20:00:57","slug":"los-companeros-sentimos-que-estamos-rechazados-en-lo-que-es-escuchar-al-afiliado-en-lo-que-necesita","status":"publish","type":"post","link":"https:\/\/www.elpolitologoyelpolitico.com.ar\/wordpress\/2022\/02\/19\/los-companeros-sentimos-que-estamos-rechazados-en-lo-que-es-escuchar-al-afiliado-en-lo-que-necesita\/","title":{"rendered":"\u201cLos compa\u00f1eros sentimos que estamos rechazados en lo que es escuchar al afiliado, en lo que necesita\u201d"},"content":{"rendered":"\t\t<div data-elementor-type=\"wp-post\" data-elementor-id=\"16550\" class=\"elementor elementor-16550\">\n\t\t\t\t\t\t<section class=\"elementor-section elementor-top-section elementor-element elementor-element-1a5c818a elementor-section-boxed elementor-section-height-default elementor-section-height-default\" data-id=\"1a5c818a\" data-element_type=\"section\" data-e-type=\"section\">\n\t\t\t\t\t\t<div class=\"elementor-container elementor-column-gap-default\">\n\t\t\t\t\t<div class=\"elementor-column elementor-col-100 elementor-top-column elementor-element elementor-element-49a9835\" data-id=\"49a9835\" data-element_type=\"column\" data-e-type=\"column\">\n\t\t\t<div class=\"elementor-widget-wrap elementor-element-populated\">\n\t\t\t\t\t\t<div class=\"elementor-element elementor-element-516f7860 elementor-widget elementor-widget-text-editor\" data-id=\"516f7860\" data-element_type=\"widget\" data-e-type=\"widget\" data-widget_type=\"text-editor.default\">\n\t\t\t\t<div class=\"elementor-widget-container\">\n\t\t\t\t\t\t\t\t\t\n<p><\/p>\n\n\n\n<p>Gustavo Mor\u00f3n, candidato para las elecciones de APEL durante el mes de marzo, coment\u00f3 como fue la conformaci\u00f3n de&nbsp; la lista roja en estos \u00faltimos d\u00edas.<\/p>\n\n\n\n<p>\u201cLos compa\u00f1eros sentimos que estamos rechazados en lo que es escuchar al afiliado, en lo que necesita. Por ello como autoconvocados presentamos nuestra lista\u201d.<\/p>\n\n\n\n<p>Adem\u00e1s agreg\u00f3 \u201cArmamos la lista de una manera democr\u00e1tica, ahora esperamos la oficializaci\u00f3n\u201d<\/p>\n\n\n\n<p>Entre las propuestas destac\u00f3: \u201cseparamos las dos l\u00edneas de trabajo por un lado lo gremial y por el otro lo social\u201d.<\/p>\n\n\n\n<p>\u201cVenimos caminando por buen camino, esto es de ellos y estamos ac\u00e1 por el apoyo incondicional de los compa\u00f1eros\u201d finaliz\u00f3 el candidato.<\/p>\n\n\n\n<figure class=\"wp-block-gallery has-nested-images columns-default is-cropped wp-block-gallery-2 is-layout-flex wp-block-gallery-is-layout-flex\">\n<figure class=\"wp-block-image size-large\"><img fetchpriority=\"high\" decoding=\"async\" width=\"720\" height=\"540\" data-id=\"16552\" src=\"https:\/\/www.elpolitologoyelpolitico.com.ar\/wp-content\/uploads\/2022\/02\/IMG-20220219-WA0034.jpg\" alt=\"\" class=\"wp-image-16552\" srcset=\"https:\/\/www.elpolitologoyelpolitico.com.ar\/wp-content\/uploads\/2022\/02\/IMG-20220219-WA0034.jpg 720w, https:\/\/www.elpolitologoyelpolitico.com.ar\/wp-content\/uploads\/2022\/02\/IMG-20220219-WA0034-300x225.jpg 300w\" sizes=\"(max-width: 720px) 100vw, 720px\" \/><\/figure>\n<\/figure>\n\t\t\t\t\t\t\t\t<\/div>\n\t\t\t\t<\/div>\n\t\t\t\t\t<\/div>\n\t\t<\/div>\n\t\t\t\t\t<\/div>\n\t\t<\/section>\n\t\t\t\t<\/div>\n\t\t<div class=\"fb-background-color\">\n\t\t\t  <div \n\t\t\t  \tclass = \"fb-comments\" \n\t\t\t  \tdata-href = \"https:\/\/www.elpolitologoyelpolitico.com.ar\/wordpress\/2022\/02\/19\/los-companeros-sentimos-que-estamos-rechazados-en-lo-que-es-escuchar-al-afiliado-en-lo-que-necesita\/\"\n\t\t\t  \tdata-numposts = \"10\"\n\t\t\t  \tdata-lazy = \"true\"\n\t\t\t\tdata-colorscheme = \"light\"\n\t\t\t\tdata-order-by = \"social\"\n\t\t\t\tdata-mobile=true>\n\t\t\t  <\/div><\/div>\n\t\t  <style>\n\t\t    .fb-background-color {\n\t\t\t\tbackground: #ffffff !important;\n\t\t\t}\n\t\t\t.fb_iframe_widget_fluid_desktop iframe {\n\t\t\t    width: 100% !important;\n\t\t\t}\n\t\t  <\/style>\n\t\t  ","protected":false},"excerpt":{"rendered":"<p>Gustavo Mor\u00f3n, candidato para las elecciones de APEL durante el mes de marzo, coment\u00f3 como fue la conformaci\u00f3n de&nbsp; la lista roja en estos \u00faltimos d\u00edas. \u201cLos compa\u00f1eros sentimos que estamos rechazados en lo que es escuchar al afiliado, en lo que necesita. Por ello como autoconvocados presentamos nuestra lista\u201d. Adem\u00e1s agreg\u00f3 \u201cArmamos la lista [&hellip;]<\/p>\n","protected":false},"author":4,"featured_media":16551,"comment_status":"closed","ping_status":"closed","sticky":false,"template":"","format":"standard","meta":{"_joinchat":[],"footnotes":""},"categories":[38],"tags":[],"class_list":["post-16550","post","type-post","status-publish","format-standard","has-post-thumbnail","hentry","category-elecciones"],"_links":{"self":[{"href":"https:\/\/www.elpolitologoyelpolitico.com.ar\/wordpress\/wp-json\/wp\/v2\/posts\/16550","targetHints":{"allow":["GET"]}}],"collection":[{"href":"https:\/\/www.elpolitologoyelpolitico.com.ar\/wordpress\/wp-json\/wp\/v2\/posts"}],"about":[{"href":"https:\/\/www.elpolitologoyelpolitico.com.ar\/wordpress\/wp-json\/wp\/v2\/types\/post"}],"author":[{"embeddable":true,"href":"https:\/\/www.elpolitologoyelpolitico.com.ar\/wordpress\/wp-json\/wp\/v2\/users\/4"}],"replies":[{"embeddable":true,"href":"https:\/\/www.elpolitologoyelpolitico.com.ar\/wordpress\/wp-json\/wp\/v2\/comments?post=16550"}],"version-history":[{"count":0,"href":"https:\/\/www.elpolitologoyelpolitico.com.ar\/wordpress\/wp-json\/wp\/v2\/posts\/16550\/revisions"}],"wp:featuredmedia":[{"embeddable":true,"href":"https:\/\/www.elpolitologoyelpolitico.com.ar\/wordpress\/wp-json\/wp\/v2\/media\/16551"}],"wp:attachment":[{"href":"https:\/\/www.elpolitologoyelpolitico.com.ar\/wordpress\/wp-json\/wp\/v2\/media?parent=16550"}],"wp:term":[{"taxonomy":"category","embeddable":true,"href":"https:\/\/www.elpolitologoyelpolitico.com.ar\/wordpress\/wp-json\/wp\/v2\/categories?post=16550"},{"taxonomy":"post_tag","embeddable":true,"href":"https:\/\/www.elpolitologoyelpolitico.com.ar\/wordpress\/wp-json\/wp\/v2\/tags?post=16550"}],"curies":[{"name":"wp","href":"https:\/\/api.w.org\/{rel}","templated":true}]}}