{"id":16544,"date":"2022-02-19T17:15:30","date_gmt":"2022-02-19T17:15:30","guid":{"rendered":"https:\/\/www.elpolitologoyelpolitico.com.ar\/wordpress\/?p=16544"},"modified":"2022-02-19T17:16:10","modified_gmt":"2022-02-19T17:16:10","slug":"venimos-con-muchisimo-trabajo-no-hemos-parado-estamos-siempre-activos","status":"publish","type":"post","link":"https:\/\/www.elpolitologoyelpolitico.com.ar\/wordpress\/2022\/02\/19\/venimos-con-muchisimo-trabajo-no-hemos-parado-estamos-siempre-activos\/","title":{"rendered":"\u201cVenimos con much\u00edsimo trabajo no hemos parado, estamos siempre activos\u201d"},"content":{"rendered":"\t\t<div data-elementor-type=\"wp-post\" data-elementor-id=\"16544\" class=\"elementor elementor-16544\">\n\t\t\t\t\t\t<section class=\"elementor-section elementor-top-section elementor-element elementor-element-53ad62e7 elementor-section-boxed elementor-section-height-default elementor-section-height-default\" data-id=\"53ad62e7\" data-element_type=\"section\" data-e-type=\"section\">\n\t\t\t\t\t\t<div class=\"elementor-container elementor-column-gap-default\">\n\t\t\t\t\t<div class=\"elementor-column elementor-col-100 elementor-top-column elementor-element elementor-element-3664e493\" data-id=\"3664e493\" data-element_type=\"column\" data-e-type=\"column\">\n\t\t\t<div class=\"elementor-widget-wrap elementor-element-populated\">\n\t\t\t\t\t\t<div class=\"elementor-element elementor-element-445be9a7 elementor-widget elementor-widget-text-editor\" data-id=\"445be9a7\" data-element_type=\"widget\" data-e-type=\"widget\" data-widget_type=\"text-editor.default\">\n\t\t\t\t<div class=\"elementor-widget-container\">\n\t\t\t\t\t\t\t\t\t\n<p><\/p>\n\n\n\n<p>Patricia Rodr\u00edguez S\u00e1bato directora de cooperativas y mutuales de Rio Negro coment\u00f3 el trabajo que vienen llevando en lo que va desde el comienzo del a\u00f1o.<\/p>\n\n\n\n<p>\u201cVenimos con much\u00edsimo trabajo no hemos parado, estamos siempre activos\u201d<\/p>\n\n\n\n<p>Asimismo se refiri\u00f3 a la entrega de matr\u00edculas durante la semana pasada donde&nbsp; la mayor\u00eda fueron j\u00f3venes que apuntan al emprendimiento.<\/p>\n\n\n\n<p>\u201cSe nota la necesidad de trabajo y de darle un giro a la vida, se nota la necesidad de conseguir su propio trabajo\u201d se\u00f1alo S\u00e1bato.<\/p>\n\n\n\n<p>Por otra parte remarc\u00f3 el acompa\u00f1amiento que&nbsp; mantuvieron en todas las cooperativas de la Provincia.<\/p>\n\n\n\n<p>Con respecto a la agenda 2022 se\u00f1al\u00f3 el trabajo que se est\u00e1 llevando en conjunto con el personal de Desarrollo Humano, una serie de capacitaciones que apuntan al cooperativismo con perspectiva de g\u00e9nero. Como as\u00ed tambi\u00e9n, las capacitaciones en el penal y en distintas localidades de la Provincia.<\/p>\n\t\t\t\t\t\t\t\t<\/div>\n\t\t\t\t<\/div>\n\t\t\t\t\t<\/div>\n\t\t<\/div>\n\t\t\t\t\t<\/div>\n\t\t<\/section>\n\t\t\t\t<\/div>\n\t\t<div class=\"fb-background-color\">\n\t\t\t  <div \n\t\t\t  \tclass = \"fb-comments\" \n\t\t\t  \tdata-href = \"https:\/\/www.elpolitologoyelpolitico.com.ar\/wordpress\/2022\/02\/19\/venimos-con-muchisimo-trabajo-no-hemos-parado-estamos-siempre-activos\/\"\n\t\t\t  \tdata-numposts = \"10\"\n\t\t\t  \tdata-lazy = \"true\"\n\t\t\t\tdata-colorscheme = \"light\"\n\t\t\t\tdata-order-by = \"social\"\n\t\t\t\tdata-mobile=true>\n\t\t\t  <\/div><\/div>\n\t\t  <style>\n\t\t    .fb-background-color {\n\t\t\t\tbackground: #ffffff !important;\n\t\t\t}\n\t\t\t.fb_iframe_widget_fluid_desktop iframe {\n\t\t\t    width: 100% !important;\n\t\t\t}\n\t\t  <\/style>\n\t\t  ","protected":false},"excerpt":{"rendered":"<p>Patricia Rodr\u00edguez S\u00e1bato directora de cooperativas y mutuales de Rio Negro coment\u00f3 el trabajo que vienen llevando en lo que va desde el comienzo del a\u00f1o. \u201cVenimos con much\u00edsimo trabajo no hemos parado, estamos siempre activos\u201d Asimismo se refiri\u00f3 a la entrega de matr\u00edculas durante la semana pasada donde&nbsp; la mayor\u00eda fueron j\u00f3venes que apuntan [&hellip;]<\/p>\n","protected":false},"author":4,"featured_media":16545,"comment_status":"closed","ping_status":"closed","sticky":false,"template":"","format":"standard","meta":{"_joinchat":[],"footnotes":""},"categories":[4],"tags":[],"class_list":["post-16544","post","type-post","status-publish","format-standard","has-post-thumbnail","hentry","category-politicas-publicas"],"_links":{"self":[{"href":"https:\/\/www.elpolitologoyelpolitico.com.ar\/wordpress\/wp-json\/wp\/v2\/posts\/16544","targetHints":{"allow":["GET"]}}],"collection":[{"href":"https:\/\/www.elpolitologoyelpolitico.com.ar\/wordpress\/wp-json\/wp\/v2\/posts"}],"about":[{"href":"https:\/\/www.elpolitologoyelpolitico.com.ar\/wordpress\/wp-json\/wp\/v2\/types\/post"}],"author":[{"embeddable":true,"href":"https:\/\/www.elpolitologoyelpolitico.com.ar\/wordpress\/wp-json\/wp\/v2\/users\/4"}],"replies":[{"embeddable":true,"href":"https:\/\/www.elpolitologoyelpolitico.com.ar\/wordpress\/wp-json\/wp\/v2\/comments?post=16544"}],"version-history":[{"count":0,"href":"https:\/\/www.elpolitologoyelpolitico.com.ar\/wordpress\/wp-json\/wp\/v2\/posts\/16544\/revisions"}],"wp:featuredmedia":[{"embeddable":true,"href":"https:\/\/www.elpolitologoyelpolitico.com.ar\/wordpress\/wp-json\/wp\/v2\/media\/16545"}],"wp:attachment":[{"href":"https:\/\/www.elpolitologoyelpolitico.com.ar\/wordpress\/wp-json\/wp\/v2\/media?parent=16544"}],"wp:term":[{"taxonomy":"category","embeddable":true,"href":"https:\/\/www.elpolitologoyelpolitico.com.ar\/wordpress\/wp-json\/wp\/v2\/categories?post=16544"},{"taxonomy":"post_tag","embeddable":true,"href":"https:\/\/www.elpolitologoyelpolitico.com.ar\/wordpress\/wp-json\/wp\/v2\/tags?post=16544"}],"curies":[{"name":"wp","href":"https:\/\/api.w.org\/{rel}","templated":true}]}}