{"id":16538,"date":"2022-02-19T16:36:21","date_gmt":"2022-02-19T16:36:21","guid":{"rendered":"https:\/\/www.elpolitologoyelpolitico.com.ar\/wordpress\/?p=16538"},"modified":"2022-02-19T16:37:41","modified_gmt":"2022-02-19T16:37:41","slug":"el-contacto-con-los-vecinos-nos-aporta-muchas-ideas-de-las-problematicas-y-situaciones-que-se-viven","status":"publish","type":"post","link":"https:\/\/www.elpolitologoyelpolitico.com.ar\/wordpress\/2022\/02\/19\/el-contacto-con-los-vecinos-nos-aporta-muchas-ideas-de-las-problematicas-y-situaciones-que-se-viven\/","title":{"rendered":"\u201cEl contacto con los vecinos nos aporta muchas ideas de las problem\u00e1ticas y situaciones que se viven\u201d"},"content":{"rendered":"\t\t<div data-elementor-type=\"wp-post\" data-elementor-id=\"16538\" class=\"elementor elementor-16538\">\n\t\t\t\t\t\t<section class=\"elementor-section elementor-top-section elementor-element elementor-element-2ee3ec05 elementor-section-boxed elementor-section-height-default elementor-section-height-default\" data-id=\"2ee3ec05\" data-element_type=\"section\" data-e-type=\"section\">\n\t\t\t\t\t\t<div class=\"elementor-container elementor-column-gap-default\">\n\t\t\t\t\t<div class=\"elementor-column elementor-col-100 elementor-top-column elementor-element elementor-element-2f67c5d6\" data-id=\"2f67c5d6\" data-element_type=\"column\" data-e-type=\"column\">\n\t\t\t<div class=\"elementor-widget-wrap elementor-element-populated\">\n\t\t\t\t\t\t<div class=\"elementor-element elementor-element-78dda79d elementor-widget elementor-widget-text-editor\" data-id=\"78dda79d\" data-element_type=\"widget\" data-e-type=\"widget\" data-widget_type=\"text-editor.default\">\n\t\t\t\t<div class=\"elementor-widget-container\">\n\t\t\t\t\t\t\t\t\t\n<p><\/p>\n\n\n\n<p>El Concejal del Frente de Todos, Santiago Dalmau expres\u00f3 como viene trabajando en diversos proyectos para presentar este a\u00f1o en el HCD de Patagones.<\/p>\n\n\n\n<p>&nbsp;\u201cEl contacto con los vecinos nos aporta muchas ideas de las problem\u00e1ticas y situaciones que se viven, este verano hemos aprovechado para visitar a vecinos e instituciones\u201d se\u00f1al\u00f3<\/p>\n\n\n\n<p>Asimismo se refiri\u00f3 a la situaci\u00f3n del camino a Bah\u00eda San Blas \u201cLas gestiones no se hacen desde los escritorios sino desde el contacto directo con los funcionarios, m\u00e1s trat\u00e1ndose de una obra costosa e importante\u201d<\/p>\n\n\n\n<p>\u201cOtra de las equivocaciones del intendente es negarse y enojarse cuando se le marcan falencias, lo que queremos es que haya apertura y participaci\u00f3n en las comisiones\u201d remarc\u00f3 el concejal<\/p>\n\t\t\t\t\t\t\t\t<\/div>\n\t\t\t\t<\/div>\n\t\t\t\t\t<\/div>\n\t\t<\/div>\n\t\t\t\t\t<\/div>\n\t\t<\/section>\n\t\t\t\t<\/div>\n\t\t<div class=\"fb-background-color\">\n\t\t\t  <div \n\t\t\t  \tclass = \"fb-comments\" \n\t\t\t  \tdata-href = \"https:\/\/www.elpolitologoyelpolitico.com.ar\/wordpress\/2022\/02\/19\/el-contacto-con-los-vecinos-nos-aporta-muchas-ideas-de-las-problematicas-y-situaciones-que-se-viven\/\"\n\t\t\t  \tdata-numposts = \"10\"\n\t\t\t  \tdata-lazy = \"true\"\n\t\t\t\tdata-colorscheme = \"light\"\n\t\t\t\tdata-order-by = \"social\"\n\t\t\t\tdata-mobile=true>\n\t\t\t  <\/div><\/div>\n\t\t  <style>\n\t\t    .fb-background-color {\n\t\t\t\tbackground: #ffffff !important;\n\t\t\t}\n\t\t\t.fb_iframe_widget_fluid_desktop iframe {\n\t\t\t    width: 100% !important;\n\t\t\t}\n\t\t  <\/style>\n\t\t  ","protected":false},"excerpt":{"rendered":"<p>El Concejal del Frente de Todos, Santiago Dalmau expres\u00f3 como viene trabajando en diversos proyectos para presentar este a\u00f1o en el HCD de Patagones. &nbsp;\u201cEl contacto con los vecinos nos aporta muchas ideas de las problem\u00e1ticas y situaciones que se viven, este verano hemos aprovechado para visitar a vecinos e instituciones\u201d se\u00f1al\u00f3 Asimismo se refiri\u00f3 [&hellip;]<\/p>\n","protected":false},"author":4,"featured_media":16539,"comment_status":"closed","ping_status":"closed","sticky":false,"template":"","format":"standard","meta":{"_joinchat":[],"footnotes":""},"categories":[39],"tags":[],"class_list":["post-16538","post","type-post","status-publish","format-standard","has-post-thumbnail","hentry","category-en-esta-seccion"],"_links":{"self":[{"href":"https:\/\/www.elpolitologoyelpolitico.com.ar\/wordpress\/wp-json\/wp\/v2\/posts\/16538","targetHints":{"allow":["GET"]}}],"collection":[{"href":"https:\/\/www.elpolitologoyelpolitico.com.ar\/wordpress\/wp-json\/wp\/v2\/posts"}],"about":[{"href":"https:\/\/www.elpolitologoyelpolitico.com.ar\/wordpress\/wp-json\/wp\/v2\/types\/post"}],"author":[{"embeddable":true,"href":"https:\/\/www.elpolitologoyelpolitico.com.ar\/wordpress\/wp-json\/wp\/v2\/users\/4"}],"replies":[{"embeddable":true,"href":"https:\/\/www.elpolitologoyelpolitico.com.ar\/wordpress\/wp-json\/wp\/v2\/comments?post=16538"}],"version-history":[{"count":0,"href":"https:\/\/www.elpolitologoyelpolitico.com.ar\/wordpress\/wp-json\/wp\/v2\/posts\/16538\/revisions"}],"wp:featuredmedia":[{"embeddable":true,"href":"https:\/\/www.elpolitologoyelpolitico.com.ar\/wordpress\/wp-json\/wp\/v2\/media\/16539"}],"wp:attachment":[{"href":"https:\/\/www.elpolitologoyelpolitico.com.ar\/wordpress\/wp-json\/wp\/v2\/media?parent=16538"}],"wp:term":[{"taxonomy":"category","embeddable":true,"href":"https:\/\/www.elpolitologoyelpolitico.com.ar\/wordpress\/wp-json\/wp\/v2\/categories?post=16538"},{"taxonomy":"post_tag","embeddable":true,"href":"https:\/\/www.elpolitologoyelpolitico.com.ar\/wordpress\/wp-json\/wp\/v2\/tags?post=16538"}],"curies":[{"name":"wp","href":"https:\/\/api.w.org\/{rel}","templated":true}]}}