{"id":16529,"date":"2022-02-19T14:34:47","date_gmt":"2022-02-19T14:34:47","guid":{"rendered":"https:\/\/www.elpolitologoyelpolitico.com.ar\/wordpress\/?p=16529"},"modified":"2022-02-19T14:35:27","modified_gmt":"2022-02-19T14:35:27","slug":"se-presento-mi-escritura-un-derecho-el-programa-que-regularizara-tierras-fiscales-en-municipios","status":"publish","type":"post","link":"https:\/\/www.elpolitologoyelpolitico.com.ar\/wordpress\/2022\/02\/19\/se-presento-mi-escritura-un-derecho-el-programa-que-regularizara-tierras-fiscales-en-municipios\/","title":{"rendered":"Se present\u00f3 \u201cMi escritura, un Derecho\u201d el programa que regularizar\u00e1 tierras fiscales en Municipios"},"content":{"rendered":"\t\t<div data-elementor-type=\"wp-post\" data-elementor-id=\"16529\" class=\"elementor elementor-16529\">\n\t\t\t\t\t\t<section class=\"elementor-section elementor-top-section elementor-element elementor-element-474f264 elementor-section-boxed elementor-section-height-default elementor-section-height-default\" data-id=\"474f264\" data-element_type=\"section\" data-e-type=\"section\">\n\t\t\t\t\t\t<div class=\"elementor-container elementor-column-gap-default\">\n\t\t\t\t\t<div class=\"elementor-column elementor-col-100 elementor-top-column elementor-element elementor-element-4b91ec53\" data-id=\"4b91ec53\" data-element_type=\"column\" data-e-type=\"column\">\n\t\t\t<div class=\"elementor-widget-wrap elementor-element-populated\">\n\t\t\t\t\t\t<div class=\"elementor-element elementor-element-6d0811e9 elementor-widget elementor-widget-text-editor\" data-id=\"6d0811e9\" data-element_type=\"widget\" data-e-type=\"widget\" data-widget_type=\"text-editor.default\">\n\t\t\t\t<div class=\"elementor-widget-container\">\n\t\t\t\t\t\t\t\t\t\n<p><\/p>\n\n\n\n<p>La Gobernadora, Arabela Carreras, encabez\u00f3 hoy en Sierra Colorada la presentaci\u00f3n del programa provincial \u201cMi escritura, un Derecho\u201d, una iniciativa que garantizar\u00e1 el derecho a miles de familias de obtener la escritura de su vivienda de manera gratuita.<\/p>\n\n\n\n<p>Junto a intendentes e intendentas de 10 Municipios de la Provincia y al ministro de Gobierno y Comunidad, Rodrigo Buteler, la Mandataria firm\u00f3 el convenio para llevar a cabo el procedimiento de transferencia de tierras fiscales y as\u00ed garantizar a los vecinos y vecinas acceder a su t\u00edtulo de propiedad de sus hogares sin ning\u00fan tipo de costo.<\/p>\n\n\n\n<p>En el mapa provincial hay un total de 2900 lotes para regularizar con miras de finalizaci\u00f3n al primer semestre del 2023. Se trata de predios fiscales de las localidades de Mainqu\u00e9, Sierra Colorada, Los Menucos, Maquinchao, Guardia Mitre, Valcheta, Ingeniero Jacobacci, \u00d1orquinco, Ramos Mex\u00eda y Comallo.<\/p>\n\n\n\n<p>La Gobernadora remarc\u00f3 la pol\u00edtica que est\u00e1 llevando adelante la provincia en materia de tierras y sostuvo que \u201cse sabe que el costo de las escrituras es muy alto e inalcanzable para muchas familias y logramos generar que el tr\u00e1mite pueda realizarse a un bajo costo y para todos y todas porque iguala derechos. Queremos que cada familia tenga su porci\u00f3n de tierra para vivir, que tenga su casa con los servicios pero tambi\u00e9n trabajamos para que tenga su t\u00edtulo de propiedad, porque es lo que permite vender\u201d.<\/p>\n\n\n\n<p>\u201cLas comunidades vienen demandando el ejercicio de sus derechos y de las 180 comunidades que tenemos relevadas, 60 ya poseen sus t\u00edtulos de propiedad. Queremos que los y las rionegrinas sigan consolidando sus derechos\u201d, remarc\u00f3 Carreras.<\/p>\n\n\n\n<p>En tanto, el ministro de Gobierno y Comunidad Rodrigo Buteler, manifest\u00f3 que \u201cnosotros lo que vamos a hacer es cumplirle el sue\u00f1o a esas familias que hoy est\u00e1n en tierras provinciales y que han construido su casa a lo largo de los a\u00f1os, ya sea a trav\u00e9s de un plan de vivienda o del esfuerzo propio y que han pasado much\u00edsimos a\u00f1os sin haber obtenido su t\u00edtulo\u201d.<\/p>\n\n\n\n<p>\u201cEl t\u00edtulo de la propiedad no es siempre una responsabilidad del propietario, sino que es un derecho que nosotros tenemos la responsabilidad de trabajar para que todos lo tengan\u201d, agreg\u00f3 Buteler.<\/p>\n\n\n\n<p>Acompa\u00f1aron el acto el director de Tierras, Diego Lawrie; las y los intendentes de Los Menucos, Mabel Yahuar; de Valcheta, Yamila Direne; de Ingeniero Jacobacci, Carlos Toro; de Sierra Colorada Fabi\u00e1n Pilquinao, de Ramos Mex\u00eda, Nelson Quinteros y de Guardia Mitre, \u00c1ngel Zingoni; la presidenta del Concejo Deliberante de \u00d1orquinco, Claudia Vargas y las legisladoras Soraya Yahuar y Elena Herrero el legislador Juan Pablo Muena.<\/p>\n\n\n\n<p><strong>El programa<\/strong><\/p>\n\n\n\n<p>El programa busca promover y acompa\u00f1ar la Regularizaci\u00f3n Dominial de Tierras Fiscales en la Planta Urbana Municipal, garantizando a quienes se encuentren en esta situaci\u00f3n a que obtengan su escritura a trav\u00e9s de la Escriban\u00eda General de Gobierno del Ministerio de Gobierno y Comunidad.<\/p>\n\n\n\n<p>Los poseedores que, con causa l\u00edcita, ocupen inmuebles edificados urbanos que tengan como destino principal el de casa con habitaci\u00f3n permanente y que sean de titularidad del Estado Provincial o Municipal.<\/p>\n\n\n\n<p>Cada Municipio determinar\u00e1 las tierras que ser\u00e1n objeto de regularizaci\u00f3n, las que deber\u00e1n encontrarse dentro de la planta urbana del mismo.<\/p>\n\n\n\n<p>Asimismo, las comunas se comprometen a arbitrar las medidas necesarias y conducentes para disponer la inscripci\u00f3n registral de los lotes, priorizando el acceso al t\u00edtulo de propiedad a las mujeres y personas que vivan en situaci\u00f3n de vulnerabilidad.<\/p>\n\n\n\n<figure class=\"wp-block-gallery has-nested-images columns-default is-cropped wp-block-gallery-2 is-layout-flex wp-block-gallery-is-layout-flex\">\n<figure class=\"wp-block-image size-large\"><img fetchpriority=\"high\" decoding=\"async\" width=\"1024\" height=\"682\" data-id=\"16531\" src=\"https:\/\/www.elpolitologoyelpolitico.com.ar\/wp-content\/uploads\/2022\/02\/IMG-20220218-WA0070-1024x682.jpg\" alt=\"\" class=\"wp-image-16531\" srcset=\"https:\/\/www.elpolitologoyelpolitico.com.ar\/wp-content\/uploads\/2022\/02\/IMG-20220218-WA0070-1024x682.jpg 1024w, https:\/\/www.elpolitologoyelpolitico.com.ar\/wp-content\/uploads\/2022\/02\/IMG-20220218-WA0070-300x200.jpg 300w, https:\/\/www.elpolitologoyelpolitico.com.ar\/wp-content\/uploads\/2022\/02\/IMG-20220218-WA0070-768x512.jpg 768w, https:\/\/www.elpolitologoyelpolitico.com.ar\/wp-content\/uploads\/2022\/02\/IMG-20220218-WA0070.jpg 1280w\" sizes=\"(max-width: 1024px) 100vw, 1024px\" \/><\/figure>\n\n\n\n<figure class=\"wp-block-image size-large\"><img decoding=\"async\" width=\"1024\" height=\"682\" data-id=\"16532\" src=\"https:\/\/www.elpolitologoyelpolitico.com.ar\/wp-content\/uploads\/2022\/02\/IMG-20220218-WA0069-1024x682.jpg\" alt=\"\" class=\"wp-image-16532\" srcset=\"https:\/\/www.elpolitologoyelpolitico.com.ar\/wp-content\/uploads\/2022\/02\/IMG-20220218-WA0069-1024x682.jpg 1024w, https:\/\/www.elpolitologoyelpolitico.com.ar\/wp-content\/uploads\/2022\/02\/IMG-20220218-WA0069-300x200.jpg 300w, https:\/\/www.elpolitologoyelpolitico.com.ar\/wp-content\/uploads\/2022\/02\/IMG-20220218-WA0069-768x512.jpg 768w, https:\/\/www.elpolitologoyelpolitico.com.ar\/wp-content\/uploads\/2022\/02\/IMG-20220218-WA0069.jpg 1280w\" sizes=\"(max-width: 1024px) 100vw, 1024px\" \/><\/figure>\n\n\n\n<figure class=\"wp-block-image size-large\"><img decoding=\"async\" width=\"1024\" height=\"682\" data-id=\"16533\" src=\"https:\/\/www.elpolitologoyelpolitico.com.ar\/wp-content\/uploads\/2022\/02\/IMG-20220218-WA0071-1024x682.jpg\" alt=\"\" class=\"wp-image-16533\" srcset=\"https:\/\/www.elpolitologoyelpolitico.com.ar\/wp-content\/uploads\/2022\/02\/IMG-20220218-WA0071-1024x682.jpg 1024w, https:\/\/www.elpolitologoyelpolitico.com.ar\/wp-content\/uploads\/2022\/02\/IMG-20220218-WA0071-300x200.jpg 300w, https:\/\/www.elpolitologoyelpolitico.com.ar\/wp-content\/uploads\/2022\/02\/IMG-20220218-WA0071-768x512.jpg 768w, https:\/\/www.elpolitologoyelpolitico.com.ar\/wp-content\/uploads\/2022\/02\/IMG-20220218-WA0071.jpg 1280w\" sizes=\"(max-width: 1024px) 100vw, 1024px\" \/><\/figure>\n<\/figure>\n\t\t\t\t\t\t\t\t<\/div>\n\t\t\t\t<\/div>\n\t\t\t\t\t<\/div>\n\t\t<\/div>\n\t\t\t\t\t<\/div>\n\t\t<\/section>\n\t\t\t\t<\/div>\n\t\t<div class=\"fb-background-color\">\n\t\t\t  <div \n\t\t\t  \tclass = \"fb-comments\" \n\t\t\t  \tdata-href = \"https:\/\/www.elpolitologoyelpolitico.com.ar\/wordpress\/2022\/02\/19\/se-presento-mi-escritura-un-derecho-el-programa-que-regularizara-tierras-fiscales-en-municipios\/\"\n\t\t\t  \tdata-numposts = \"10\"\n\t\t\t  \tdata-lazy = \"true\"\n\t\t\t\tdata-colorscheme = \"light\"\n\t\t\t\tdata-order-by = \"social\"\n\t\t\t\tdata-mobile=true>\n\t\t\t  <\/div><\/div>\n\t\t  <style>\n\t\t    .fb-background-color {\n\t\t\t\tbackground: #ffffff !important;\n\t\t\t}\n\t\t\t.fb_iframe_widget_fluid_desktop iframe {\n\t\t\t    width: 100% !important;\n\t\t\t}\n\t\t  <\/style>\n\t\t  ","protected":false},"excerpt":{"rendered":"<p>La Gobernadora, Arabela Carreras, encabez\u00f3 hoy en Sierra Colorada la presentaci\u00f3n del programa provincial \u201cMi escritura, un Derecho\u201d, una iniciativa que garantizar\u00e1 el derecho a miles de familias de obtener la escritura de su vivienda de manera gratuita. Junto a intendentes e intendentas de 10 Municipios de la Provincia y al ministro de Gobierno y [&hellip;]<\/p>\n","protected":false},"author":4,"featured_media":16530,"comment_status":"closed","ping_status":"closed","sticky":false,"template":"","format":"standard","meta":{"_joinchat":[],"footnotes":""},"categories":[39],"tags":[],"class_list":["post-16529","post","type-post","status-publish","format-standard","has-post-thumbnail","hentry","category-en-esta-seccion"],"_links":{"self":[{"href":"https:\/\/www.elpolitologoyelpolitico.com.ar\/wordpress\/wp-json\/wp\/v2\/posts\/16529","targetHints":{"allow":["GET"]}}],"collection":[{"href":"https:\/\/www.elpolitologoyelpolitico.com.ar\/wordpress\/wp-json\/wp\/v2\/posts"}],"about":[{"href":"https:\/\/www.elpolitologoyelpolitico.com.ar\/wordpress\/wp-json\/wp\/v2\/types\/post"}],"author":[{"embeddable":true,"href":"https:\/\/www.elpolitologoyelpolitico.com.ar\/wordpress\/wp-json\/wp\/v2\/users\/4"}],"replies":[{"embeddable":true,"href":"https:\/\/www.elpolitologoyelpolitico.com.ar\/wordpress\/wp-json\/wp\/v2\/comments?post=16529"}],"version-history":[{"count":0,"href":"https:\/\/www.elpolitologoyelpolitico.com.ar\/wordpress\/wp-json\/wp\/v2\/posts\/16529\/revisions"}],"wp:featuredmedia":[{"embeddable":true,"href":"https:\/\/www.elpolitologoyelpolitico.com.ar\/wordpress\/wp-json\/wp\/v2\/media\/16530"}],"wp:attachment":[{"href":"https:\/\/www.elpolitologoyelpolitico.com.ar\/wordpress\/wp-json\/wp\/v2\/media?parent=16529"}],"wp:term":[{"taxonomy":"category","embeddable":true,"href":"https:\/\/www.elpolitologoyelpolitico.com.ar\/wordpress\/wp-json\/wp\/v2\/categories?post=16529"},{"taxonomy":"post_tag","embeddable":true,"href":"https:\/\/www.elpolitologoyelpolitico.com.ar\/wordpress\/wp-json\/wp\/v2\/tags?post=16529"}],"curies":[{"name":"wp","href":"https:\/\/api.w.org\/{rel}","templated":true}]}}