{"id":16523,"date":"2022-02-19T13:55:14","date_gmt":"2022-02-19T13:55:14","guid":{"rendered":"https:\/\/www.elpolitologoyelpolitico.com.ar\/wordpress\/?p=16523"},"modified":"2022-02-19T13:57:26","modified_gmt":"2022-02-19T13:57:26","slug":"licitaron-nuevas-obras-para-urbanizar-barrios-de-viedma","status":"publish","type":"post","link":"https:\/\/www.elpolitologoyelpolitico.com.ar\/wordpress\/2022\/02\/19\/licitaron-nuevas-obras-para-urbanizar-barrios-de-viedma\/","title":{"rendered":"Licitaron nuevas obras para urbanizar barrios de Viedma"},"content":{"rendered":"\t\t<div data-elementor-type=\"wp-post\" data-elementor-id=\"16523\" class=\"elementor elementor-16523\">\n\t\t\t\t\t\t<section class=\"elementor-section elementor-top-section elementor-element elementor-element-31273c53 elementor-section-boxed elementor-section-height-default elementor-section-height-default\" data-id=\"31273c53\" data-element_type=\"section\" data-e-type=\"section\">\n\t\t\t\t\t\t<div class=\"elementor-container elementor-column-gap-default\">\n\t\t\t\t\t<div class=\"elementor-column elementor-col-100 elementor-top-column elementor-element elementor-element-3d067c2e\" data-id=\"3d067c2e\" data-element_type=\"column\" data-e-type=\"column\">\n\t\t\t<div class=\"elementor-widget-wrap elementor-element-populated\">\n\t\t\t\t\t\t<div class=\"elementor-element elementor-element-4f5f0182 elementor-widget elementor-widget-text-editor\" data-id=\"4f5f0182\" data-element_type=\"widget\" data-e-type=\"widget\" data-widget_type=\"text-editor.default\">\n\t\t\t\t<div class=\"elementor-widget-container\">\n\t\t\t\t\t\t\t\t\t\n<p><\/p>\n\n\n\n<p>El intendente Pedro Pesatti acompa\u00f1ado por el Arq. Santiago Chudnovsky,&nbsp; director de Ejecuci\u00f3n de Obras de la secretar\u00eda de Integraci\u00f3n Socio Urbana de la Naci\u00f3n -SISU-, realiz\u00f3 la apertura de sobres de la licitaci\u00f3n para la obra de Red de Agua y Cloacas en el barrio Santa Clara.<\/p>\n\n\n\n<p>Se trata de una obra que incluye 450 metros de red de cloacas y 400 metros de agua que beneficia a m\u00e1s de 80 familias de este sector de Viedma.<\/p>\n\n\n\n<p>Para la ejecuci\u00f3n de esta obra el presupuesto oficial proyectado es de $13.051.997,46. En el acto licitatorio hubo una \u00fanica oferta por parte de la empresa SYLPA S.R.L por un total de $15.468.037, 35.<\/p>\n\n\n\n<p>Al respecto Pesatti indic\u00f3 que \u00abEstamos muy agradecidos con Fernanda Mi\u00f1o, titular de la SISU, por haber confiado en nosotros en un contexto complejo como lo es la pandemia, donde a pesar de las dificultades sanitarias, pudimos gestionar y coordinar grandes avances en materia de derechos para las y los viedmenses\u00bb.<\/p>\n\n\n\n<p>\u00abViedma es el primer municipio argentino que puso en marcha un proceso de urbanizaci\u00f3n de barrios populares, por eso es que seguimos en esta l\u00ednea para sumar m\u00e1s servicios b\u00e1sicos a otros sectores que est\u00e1n dentro del RENABAP\u00bb expres\u00f3 el mandatario.<\/p>\n\n\n\n<p>Cabe recordar que se est\u00e1 ejecutando la obra de cord\u00f3n cuneta en el barrio El Progreso y que pr\u00f3ximamente iniciar\u00e1 la conexi\u00f3n de red de agua y Cloacas.<\/p>\n\n\n\n<p>A su vez la SISU est\u00e1 en etapa de an\u00e1lisis y estudio de varios proyectos relacionados a la red de energ\u00eda el\u00e9ctrica y&nbsp; revestimiento del canal pluvial, tambi\u00e9n para el barrio El Progreso.<\/p>\n\n\n\n<p>Esto se suma a otras obras de urbanizaci\u00f3n de barrios populares como la red de energ\u00eda el\u00e9ctrica en el barrio Uni\u00f3n, a trav\u00e9s de la secretar\u00eda de Energ\u00eda de R\u00edo Negro.<\/p>\n\n\n\n<p>De la apertura de sobres tambi\u00e9n particip\u00f3 el secretario de Desarrollo Territorial, H\u00e1bitat y Obras P\u00fablicas, Gast\u00f3n Renda.<\/p>\n\t\t\t\t\t\t\t\t<\/div>\n\t\t\t\t<\/div>\n\t\t\t\t\t<\/div>\n\t\t<\/div>\n\t\t\t\t\t<\/div>\n\t\t<\/section>\n\t\t\t\t<\/div>\n\t\t<div class=\"fb-background-color\">\n\t\t\t  <div \n\t\t\t  \tclass = \"fb-comments\" \n\t\t\t  \tdata-href = \"https:\/\/www.elpolitologoyelpolitico.com.ar\/wordpress\/2022\/02\/19\/licitaron-nuevas-obras-para-urbanizar-barrios-de-viedma\/\"\n\t\t\t  \tdata-numposts = \"10\"\n\t\t\t  \tdata-lazy = \"true\"\n\t\t\t\tdata-colorscheme = \"light\"\n\t\t\t\tdata-order-by = \"social\"\n\t\t\t\tdata-mobile=true>\n\t\t\t  <\/div><\/div>\n\t\t  <style>\n\t\t    .fb-background-color {\n\t\t\t\tbackground: #ffffff !important;\n\t\t\t}\n\t\t\t.fb_iframe_widget_fluid_desktop iframe {\n\t\t\t    width: 100% !important;\n\t\t\t}\n\t\t  <\/style>\n\t\t  ","protected":false},"excerpt":{"rendered":"<p>El intendente Pedro Pesatti acompa\u00f1ado por el Arq. Santiago Chudnovsky,&nbsp; director de Ejecuci\u00f3n de Obras de la secretar\u00eda de Integraci\u00f3n Socio Urbana de la Naci\u00f3n -SISU-, realiz\u00f3 la apertura de sobres de la licitaci\u00f3n para la obra de Red de Agua y Cloacas en el barrio Santa Clara. Se trata de una obra que incluye [&hellip;]<\/p>\n","protected":false},"author":4,"featured_media":16524,"comment_status":"closed","ping_status":"closed","sticky":false,"template":"","format":"standard","meta":{"_joinchat":[],"footnotes":""},"categories":[39],"tags":[],"class_list":["post-16523","post","type-post","status-publish","format-standard","has-post-thumbnail","hentry","category-en-esta-seccion"],"_links":{"self":[{"href":"https:\/\/www.elpolitologoyelpolitico.com.ar\/wordpress\/wp-json\/wp\/v2\/posts\/16523","targetHints":{"allow":["GET"]}}],"collection":[{"href":"https:\/\/www.elpolitologoyelpolitico.com.ar\/wordpress\/wp-json\/wp\/v2\/posts"}],"about":[{"href":"https:\/\/www.elpolitologoyelpolitico.com.ar\/wordpress\/wp-json\/wp\/v2\/types\/post"}],"author":[{"embeddable":true,"href":"https:\/\/www.elpolitologoyelpolitico.com.ar\/wordpress\/wp-json\/wp\/v2\/users\/4"}],"replies":[{"embeddable":true,"href":"https:\/\/www.elpolitologoyelpolitico.com.ar\/wordpress\/wp-json\/wp\/v2\/comments?post=16523"}],"version-history":[{"count":0,"href":"https:\/\/www.elpolitologoyelpolitico.com.ar\/wordpress\/wp-json\/wp\/v2\/posts\/16523\/revisions"}],"wp:featuredmedia":[{"embeddable":true,"href":"https:\/\/www.elpolitologoyelpolitico.com.ar\/wordpress\/wp-json\/wp\/v2\/media\/16524"}],"wp:attachment":[{"href":"https:\/\/www.elpolitologoyelpolitico.com.ar\/wordpress\/wp-json\/wp\/v2\/media?parent=16523"}],"wp:term":[{"taxonomy":"category","embeddable":true,"href":"https:\/\/www.elpolitologoyelpolitico.com.ar\/wordpress\/wp-json\/wp\/v2\/categories?post=16523"},{"taxonomy":"post_tag","embeddable":true,"href":"https:\/\/www.elpolitologoyelpolitico.com.ar\/wordpress\/wp-json\/wp\/v2\/tags?post=16523"}],"curies":[{"name":"wp","href":"https:\/\/api.w.org\/{rel}","templated":true}]}}