{"id":16479,"date":"2022-02-18T18:11:08","date_gmt":"2022-02-18T18:11:08","guid":{"rendered":"https:\/\/www.elpolitologoyelpolitico.com.ar\/wordpress\/?p=16479"},"modified":"2022-02-18T18:11:40","modified_gmt":"2022-02-18T18:11:40","slug":"salud-y-directivos-de-la-anlap-monitorearon-proyectos-del-profarse","status":"publish","type":"post","link":"https:\/\/www.elpolitologoyelpolitico.com.ar\/wordpress\/2022\/02\/18\/salud-y-directivos-de-la-anlap-monitorearon-proyectos-del-profarse\/","title":{"rendered":"Salud y directivos de la ANLAP monitorearon proyectos del PROFARSE"},"content":{"rendered":"\t\t<div data-elementor-type=\"wp-post\" data-elementor-id=\"16479\" class=\"elementor elementor-16479\">\n\t\t\t\t\t\t<section class=\"elementor-section elementor-top-section elementor-element elementor-element-3d91c055 elementor-section-boxed elementor-section-height-default elementor-section-height-default\" data-id=\"3d91c055\" data-element_type=\"section\" data-e-type=\"section\">\n\t\t\t\t\t\t<div class=\"elementor-container elementor-column-gap-default\">\n\t\t\t\t\t<div class=\"elementor-column elementor-col-100 elementor-top-column elementor-element elementor-element-4c68531\" data-id=\"4c68531\" data-element_type=\"column\" data-e-type=\"column\">\n\t\t\t<div class=\"elementor-widget-wrap elementor-element-populated\">\n\t\t\t\t\t\t<div class=\"elementor-element elementor-element-20fdc93b elementor-widget elementor-widget-text-editor\" data-id=\"20fdc93b\" data-element_type=\"widget\" data-e-type=\"widget\" data-widget_type=\"text-editor.default\">\n\t\t\t\t<div class=\"elementor-widget-container\">\n\t\t\t\t\t\t\t\t\t\n<p><\/p>\n\n\n\n<p>Autoridades del Ministerio de Salud y del PROFARSE recibieron en Viedma a funcionarios de la Agencia Nacional de Laboratorios P\u00fablicos (ANLAP) para realizar en forma conjunta un monitoreo de proyectos del laboratorio provincial.<\/p>\n\n\n\n<p>El encuentro, encabezado por el ministro de Salud, Fabi\u00e1n Zgaib, y la presidenta del PROFARSE, Marne Livigni, cont\u00f3 con la visita de la presidenta de la ANLAP, Ana Lia Allemand junto a su equipo, y tuvo como finalidad avanzar y monitorear proyectos que el laboratorio l lleva adelante junto con la agencia.&nbsp;<\/p>\n\n\n\n<p>En la ocasi\u00f3n se recorri\u00f3 la planta y se mostr\u00f3 el proceso de producci\u00f3n que se realiza en el laboratorio provincial.<\/p>\n\n\n\n<p>El Ministro Zgaib destac\u00f3 la visita como \u201cmuy importante\u201d para la provincia y remarc\u00f3 que \u201cproyecta mucho m\u00e1s all\u00e1 al laboratorio PROFARSE\u201d.<\/p>\n\n\n\n<p>Indic\u00f3 que el trabajo con la Agencia Nacional es constante y que&nbsp; \u201chemos&nbsp; avanzado en un respaldo expl\u00edcito al laboratorio, no solo en lo econ\u00f3mico sino tambi\u00e9n en gestiones ante la ANMAT, ante&nbsp; el Ministerio de Salud de la Naci\u00f3n\u201d.<\/p>\n\n\n\n<p>Asimismo, remarc\u00f3 que este acompa\u00f1amiento es importante porque desde&nbsp; la Provincia se est\u00e1 proyectando al PROFARSE por muchos a\u00f1os m\u00e1s, para ser proveedores de Naci\u00f3n y si hay&nbsp; posibilidades para exportar, porque estamos habilitados por la ANMAT para hacerlo\u201d.<\/p>\n\n\n\n<p>Por su parte, la Presidenta de la ANLAP indic\u00f3 que se viene trabajando muy fuertemente desde la Agencia Nacional de Laboratorios P\u00fablicos en varios proyectos y \u201cesta visita t\u00e9cnica nos permiti\u00f3 recorrer y conocer el procesos de producci\u00f3n p\u00fablica para la provincia y para los&nbsp; programas de salud de la Naci\u00f3n\u201d.<\/p>\n\n\n\n<p>Asimismo, destac\u00f3 el potencial del laboratorio y el acompa\u00f1amiento y&nbsp; expres\u00f3 que \u201clo que nos pone m\u00e1s contentos es que no solo est\u00e1&nbsp; el recurso t\u00e9cnico sino el acompa\u00f1amiento pol\u00edtico que hay para llevar adelante todas las tareas&nbsp; que desarrollan en el PROFARSE\u201d.<\/p>\n\n\n\n<p>Por \u00faltimo, la presidenta del PROFARSE, Marne Livigni, expres\u00f3 que este encuentro significa que \u201cestamos en cartera y que demuestra que el laboratorio est\u00e1 valorado a nivel sistema y est\u00e1ndares de calidad\u201d.<\/p>\n\n\n\n<p>Calific\u00f3 la visita como \u201cmuy productiva\u201d y se\u00f1al\u00f3 que \u201cfortifica los proyectos de producci\u00f3n p\u00fablica porque se pone, como laboratorio p\u00fablico, en otro lugar\u201d.<\/p>\n\n\n\n<p>Finalmente, indic\u00f3 que&nbsp; \u201cpudimos mostrar la parte productiva que hace el laboratorio, y es importante porque&nbsp; se visualiza la producci\u00f3n p\u00fablica que tiene R\u00edo Negro\u201d.<\/p>\n\n\n\n<p><strong>\u201cUna planta que re\u00fane todos los requerimientos de garant\u00eda de calidad\u201d<\/strong><\/p>\n\n\n\n<p>La presidenta de la ANLAP, Ana L\u00eda Allemand, destac\u00f3 las instalaciones del laboratorio provincial y remarc\u00f3 que \u201cnos encontramos con una planta hermosa, s\u00faper en condiciones, no solo en lo edilicio e infraestructura, sino en todos los requerimientos&nbsp; de garant\u00eda de calidad y lo que la autoridad regulatoria nacional, que es el ANMAT&nbsp; exige y que pudimos ver en cada una de las \u00e1reas\u201d.<\/p>\n\n\n\n<p>\u201cAsimismo, resalt\u00f3 el compromiso y la capacitaci\u00f3n de cada una de las personas que se desempe\u00f1an en las distintas \u00e1reas del Laboratorio. \u201cEs algo que venimos destacando y rescatando, la pertenencia, pasi\u00f3n y vocaci\u00f3n con la que cada uno de los t\u00e9cnicos, operarios y responsables desarrollan sus tareas\u201d.<\/p>\n\n\n\n<p>Del encuentro y las recorridas por las instalaciones del laboratorio p\u00fablico provincial participaron, los secretarios de Relaciones Institucionales, Miguel Ledesma, y de Estrategias Sanitarias, Mart\u00edn Cioliberto;&nbsp; el vicepresidente Gast\u00f3n Pal\u00f3poli; el secretario ejecutivo, Nazareno Pernia Osuna, la directora Nacional de Investigaci\u00f3n y Estrategia, Eugenia P\u00e9rez Ponsa, y el Director de Asistencia T\u00e9cnica, Mariano Pablo Manenti.<\/p>\n\t\t\t\t\t\t\t\t<\/div>\n\t\t\t\t<\/div>\n\t\t\t\t\t<\/div>\n\t\t<\/div>\n\t\t\t\t\t<\/div>\n\t\t<\/section>\n\t\t\t\t<\/div>\n\t\t<div class=\"fb-background-color\">\n\t\t\t  <div \n\t\t\t  \tclass = \"fb-comments\" \n\t\t\t  \tdata-href = \"https:\/\/www.elpolitologoyelpolitico.com.ar\/wordpress\/2022\/02\/18\/salud-y-directivos-de-la-anlap-monitorearon-proyectos-del-profarse\/\"\n\t\t\t  \tdata-numposts = \"10\"\n\t\t\t  \tdata-lazy = \"true\"\n\t\t\t\tdata-colorscheme = \"light\"\n\t\t\t\tdata-order-by = \"social\"\n\t\t\t\tdata-mobile=true>\n\t\t\t  <\/div><\/div>\n\t\t  <style>\n\t\t    .fb-background-color {\n\t\t\t\tbackground: #ffffff !important;\n\t\t\t}\n\t\t\t.fb_iframe_widget_fluid_desktop iframe {\n\t\t\t    width: 100% !important;\n\t\t\t}\n\t\t  <\/style>\n\t\t  ","protected":false},"excerpt":{"rendered":"<p>Autoridades del Ministerio de Salud y del PROFARSE recibieron en Viedma a funcionarios de la Agencia Nacional de Laboratorios P\u00fablicos (ANLAP) para realizar en forma conjunta un monitoreo de proyectos del laboratorio provincial. El encuentro, encabezado por el ministro de Salud, Fabi\u00e1n Zgaib, y la presidenta del PROFARSE, Marne Livigni, cont\u00f3 con la visita de [&hellip;]<\/p>\n","protected":false},"author":4,"featured_media":16480,"comment_status":"closed","ping_status":"closed","sticky":false,"template":"","format":"standard","meta":{"_joinchat":[],"footnotes":""},"categories":[4],"tags":[],"class_list":["post-16479","post","type-post","status-publish","format-standard","has-post-thumbnail","hentry","category-politicas-publicas"],"_links":{"self":[{"href":"https:\/\/www.elpolitologoyelpolitico.com.ar\/wordpress\/wp-json\/wp\/v2\/posts\/16479","targetHints":{"allow":["GET"]}}],"collection":[{"href":"https:\/\/www.elpolitologoyelpolitico.com.ar\/wordpress\/wp-json\/wp\/v2\/posts"}],"about":[{"href":"https:\/\/www.elpolitologoyelpolitico.com.ar\/wordpress\/wp-json\/wp\/v2\/types\/post"}],"author":[{"embeddable":true,"href":"https:\/\/www.elpolitologoyelpolitico.com.ar\/wordpress\/wp-json\/wp\/v2\/users\/4"}],"replies":[{"embeddable":true,"href":"https:\/\/www.elpolitologoyelpolitico.com.ar\/wordpress\/wp-json\/wp\/v2\/comments?post=16479"}],"version-history":[{"count":0,"href":"https:\/\/www.elpolitologoyelpolitico.com.ar\/wordpress\/wp-json\/wp\/v2\/posts\/16479\/revisions"}],"wp:featuredmedia":[{"embeddable":true,"href":"https:\/\/www.elpolitologoyelpolitico.com.ar\/wordpress\/wp-json\/wp\/v2\/media\/16480"}],"wp:attachment":[{"href":"https:\/\/www.elpolitologoyelpolitico.com.ar\/wordpress\/wp-json\/wp\/v2\/media?parent=16479"}],"wp:term":[{"taxonomy":"category","embeddable":true,"href":"https:\/\/www.elpolitologoyelpolitico.com.ar\/wordpress\/wp-json\/wp\/v2\/categories?post=16479"},{"taxonomy":"post_tag","embeddable":true,"href":"https:\/\/www.elpolitologoyelpolitico.com.ar\/wordpress\/wp-json\/wp\/v2\/tags?post=16479"}],"curies":[{"name":"wp","href":"https:\/\/api.w.org\/{rel}","templated":true}]}}