{"id":16473,"date":"2022-02-18T17:22:48","date_gmt":"2022-02-18T17:22:48","guid":{"rendered":"https:\/\/www.elpolitologoyelpolitico.com.ar\/wordpress\/?p=16473"},"modified":"2022-02-18T17:23:12","modified_gmt":"2022-02-18T17:23:12","slug":"siguen-las-inscripciones-para-participar-del-desfile-civico-militar-de-la-fiesta-de-la-soberania-patagonica","status":"publish","type":"post","link":"https:\/\/www.elpolitologoyelpolitico.com.ar\/wordpress\/2022\/02\/18\/siguen-las-inscripciones-para-participar-del-desfile-civico-militar-de-la-fiesta-de-la-soberania-patagonica\/","title":{"rendered":"SIGUEN LAS INSCRIPCIONES PARA PARTICIPAR DEL DESFILE C\u00cdVICO MILITAR DE LA FIESTA DE LA SOBERAN\u00cdA PATAG\u00d3NICA"},"content":{"rendered":"\t\t<div data-elementor-type=\"wp-post\" data-elementor-id=\"16473\" class=\"elementor elementor-16473\">\n\t\t\t\t\t\t<section class=\"elementor-section elementor-top-section elementor-element elementor-element-211d5ec elementor-section-boxed elementor-section-height-default elementor-section-height-default\" data-id=\"211d5ec\" data-element_type=\"section\" data-e-type=\"section\">\n\t\t\t\t\t\t<div class=\"elementor-container elementor-column-gap-default\">\n\t\t\t\t\t<div class=\"elementor-column elementor-col-100 elementor-top-column elementor-element elementor-element-526149ad\" data-id=\"526149ad\" data-element_type=\"column\" data-e-type=\"column\">\n\t\t\t<div class=\"elementor-widget-wrap elementor-element-populated\">\n\t\t\t\t\t\t<div class=\"elementor-element elementor-element-deb809f elementor-widget elementor-widget-text-editor\" data-id=\"deb809f\" data-element_type=\"widget\" data-e-type=\"widget\" data-widget_type=\"text-editor.default\">\n\t\t\t\t<div class=\"elementor-widget-container\">\n\t\t\t\t\t\t\t\t\t\n<p>La Direcci\u00f3n de Ceremonial y Protocolo de la Municipalidad de Patagones recuerda que contin\u00faan abiertas las inscripciones para participar del desfile CIVICO &#8211; MILITAR, que se llevar\u00e1 a cabo el s\u00e1bado 5 de marzo, a las 16.30 horas, en el marco de la Fiesta de la Soberan\u00eda Patag\u00f3nica 2022.<\/p>\n\n\n\n<p>El lugar de inscripci\u00f3n es la Direcci\u00f3n de Ceremonial y Protocolo, ubicada en la calle Comodoro Rivadavia N\u00ba 193. El horario de atenci\u00f3n es de 8 a 12.<\/p>\n\n\n\n<p>Adem\u00e1s, se pueden realizar consultas a trav\u00e9s del correo electr\u00f3nico: protocolopatagones@gmail.com<\/p>\n\t\t\t\t\t\t\t\t<\/div>\n\t\t\t\t<\/div>\n\t\t\t\t\t<\/div>\n\t\t<\/div>\n\t\t\t\t\t<\/div>\n\t\t<\/section>\n\t\t\t\t<\/div>\n\t\t<div class=\"fb-background-color\">\n\t\t\t  <div \n\t\t\t  \tclass = \"fb-comments\" \n\t\t\t  \tdata-href = \"https:\/\/www.elpolitologoyelpolitico.com.ar\/wordpress\/2022\/02\/18\/siguen-las-inscripciones-para-participar-del-desfile-civico-militar-de-la-fiesta-de-la-soberania-patagonica\/\"\n\t\t\t  \tdata-numposts = \"10\"\n\t\t\t  \tdata-lazy = \"true\"\n\t\t\t\tdata-colorscheme = \"light\"\n\t\t\t\tdata-order-by = \"social\"\n\t\t\t\tdata-mobile=true>\n\t\t\t  <\/div><\/div>\n\t\t  <style>\n\t\t    .fb-background-color {\n\t\t\t\tbackground: #ffffff !important;\n\t\t\t}\n\t\t\t.fb_iframe_widget_fluid_desktop iframe {\n\t\t\t    width: 100% !important;\n\t\t\t}\n\t\t  <\/style>\n\t\t  ","protected":false},"excerpt":{"rendered":"<p>La Direcci\u00f3n de Ceremonial y Protocolo de la Municipalidad de Patagones recuerda que contin\u00faan abiertas las inscripciones para participar del desfile CIVICO &#8211; MILITAR, que se llevar\u00e1 a cabo el s\u00e1bado 5 de marzo, a las 16.30 horas, en el marco de la Fiesta de la Soberan\u00eda Patag\u00f3nica 2022. El lugar de inscripci\u00f3n es la [&hellip;]<\/p>\n","protected":false},"author":4,"featured_media":16474,"comment_status":"closed","ping_status":"closed","sticky":false,"template":"","format":"standard","meta":{"_joinchat":[],"footnotes":""},"categories":[39],"tags":[],"class_list":["post-16473","post","type-post","status-publish","format-standard","has-post-thumbnail","hentry","category-en-esta-seccion"],"_links":{"self":[{"href":"https:\/\/www.elpolitologoyelpolitico.com.ar\/wordpress\/wp-json\/wp\/v2\/posts\/16473","targetHints":{"allow":["GET"]}}],"collection":[{"href":"https:\/\/www.elpolitologoyelpolitico.com.ar\/wordpress\/wp-json\/wp\/v2\/posts"}],"about":[{"href":"https:\/\/www.elpolitologoyelpolitico.com.ar\/wordpress\/wp-json\/wp\/v2\/types\/post"}],"author":[{"embeddable":true,"href":"https:\/\/www.elpolitologoyelpolitico.com.ar\/wordpress\/wp-json\/wp\/v2\/users\/4"}],"replies":[{"embeddable":true,"href":"https:\/\/www.elpolitologoyelpolitico.com.ar\/wordpress\/wp-json\/wp\/v2\/comments?post=16473"}],"version-history":[{"count":0,"href":"https:\/\/www.elpolitologoyelpolitico.com.ar\/wordpress\/wp-json\/wp\/v2\/posts\/16473\/revisions"}],"wp:featuredmedia":[{"embeddable":true,"href":"https:\/\/www.elpolitologoyelpolitico.com.ar\/wordpress\/wp-json\/wp\/v2\/media\/16474"}],"wp:attachment":[{"href":"https:\/\/www.elpolitologoyelpolitico.com.ar\/wordpress\/wp-json\/wp\/v2\/media?parent=16473"}],"wp:term":[{"taxonomy":"category","embeddable":true,"href":"https:\/\/www.elpolitologoyelpolitico.com.ar\/wordpress\/wp-json\/wp\/v2\/categories?post=16473"},{"taxonomy":"post_tag","embeddable":true,"href":"https:\/\/www.elpolitologoyelpolitico.com.ar\/wordpress\/wp-json\/wp\/v2\/tags?post=16473"}],"curies":[{"name":"wp","href":"https:\/\/api.w.org\/{rel}","templated":true}]}}