{"id":16467,"date":"2022-02-18T16:36:09","date_gmt":"2022-02-18T16:36:09","guid":{"rendered":"https:\/\/www.elpolitologoyelpolitico.com.ar\/wordpress\/?p=16467"},"modified":"2022-02-18T16:36:33","modified_gmt":"2022-02-18T16:36:33","slug":"zara-visito-bahia-san-blas-superviso-el-mantenimiento-del-camino-y-se-reunio-con-vecinos-e-instituciones","status":"publish","type":"post","link":"https:\/\/www.elpolitologoyelpolitico.com.ar\/wordpress\/2022\/02\/18\/zara-visito-bahia-san-blas-superviso-el-mantenimiento-del-camino-y-se-reunio-con-vecinos-e-instituciones\/","title":{"rendered":"ZARA VISIT\u00d3 BAH\u00cdA SAN BLAS, SUPERVIS\u00d3 EL MANTENIMIENTO DEL CAMINO Y SE REUNI\u00d3 CON VECINOS E INSTITUCIONES"},"content":{"rendered":"\t\t<div data-elementor-type=\"wp-post\" data-elementor-id=\"16467\" class=\"elementor elementor-16467\">\n\t\t\t\t\t\t<section class=\"elementor-section elementor-top-section elementor-element elementor-element-59571a25 elementor-section-boxed elementor-section-height-default elementor-section-height-default\" data-id=\"59571a25\" data-element_type=\"section\" data-e-type=\"section\">\n\t\t\t\t\t\t<div class=\"elementor-container elementor-column-gap-default\">\n\t\t\t\t\t<div class=\"elementor-column elementor-col-100 elementor-top-column elementor-element elementor-element-51703507\" data-id=\"51703507\" data-element_type=\"column\" data-e-type=\"column\">\n\t\t\t<div class=\"elementor-widget-wrap elementor-element-populated\">\n\t\t\t\t\t\t<div class=\"elementor-element elementor-element-196b619a elementor-widget elementor-widget-text-editor\" data-id=\"196b619a\" data-element_type=\"widget\" data-e-type=\"widget\" data-widget_type=\"text-editor.default\">\n\t\t\t\t<div class=\"elementor-widget-container\">\n\t\t\t\t\t\t\t\t\t\n<p>El Intendente Municipal, Ing. Jos\u00e9 Luis Zara, visit\u00f3 este jueves la localidad de Bah\u00eda San Blas.<\/p>\n\n\n\n<p>Estuvo acompa\u00f1ado por el delegado municipal, Marcelo Molteni, el Secretario de Hacienda, Ricardo Teller\u00eda, el Secretario de Obras P\u00fablicas, Jorge Isaac y el subsecretario Roberto Haure, la Directora de Gobierno, Adriana Llambay, la Directora Ejecutiva de la Agencia de Recaudaci\u00f3n Municipal, Mariana Heredia, el concejal Ricardo Angos.<\/p>\n\n\n\n<p>En la oportunidad dialog\u00f3 con los operarios viales que se encuentran trabajando en el acondicionamiento del camino a la villa tur\u00edstica.<\/p>\n\n\n\n<p>Adem\u00e1s, el jefe comunal mantuvo una reuni\u00f3n con un grupo de vecinos donde, principalmente, se analiz\u00f3 el estado del camino y se abordaron otros temas de inter\u00e9s general.<\/p>\n\n\n\n<p>En esta ocasi\u00f3n, se hicieron presentes los titulares del \u00e1rea de Servicios P\u00fablicos y Viales, Alberto y Juan Castillo, respectivamente.<\/p>\n\n\n\n<p>Luego, Zara mantuvo un encuentro, en la delegaci\u00f3n municipal, con referentes del Centro de Jubilados de la localidad.<\/p>\n\n\n\n<p>M\u00e1s tarde, el Intendente visit\u00f3 la Sala de Primeros Auxilios, donde convers\u00f3 con el personal que all\u00ed se desempe\u00f1a y luego recorri\u00f3 la obra de ampliaci\u00f3n que se lleva adelante para optimizar la atenci\u00f3n de los distintos servicios sanitarios.<\/p>\n\t\t\t\t\t\t\t\t<\/div>\n\t\t\t\t<\/div>\n\t\t\t\t\t<\/div>\n\t\t<\/div>\n\t\t\t\t\t<\/div>\n\t\t<\/section>\n\t\t\t\t<\/div>\n\t\t<div class=\"fb-background-color\">\n\t\t\t  <div \n\t\t\t  \tclass = \"fb-comments\" \n\t\t\t  \tdata-href = \"https:\/\/www.elpolitologoyelpolitico.com.ar\/wordpress\/2022\/02\/18\/zara-visito-bahia-san-blas-superviso-el-mantenimiento-del-camino-y-se-reunio-con-vecinos-e-instituciones\/\"\n\t\t\t  \tdata-numposts = \"10\"\n\t\t\t  \tdata-lazy = \"true\"\n\t\t\t\tdata-colorscheme = \"light\"\n\t\t\t\tdata-order-by = \"social\"\n\t\t\t\tdata-mobile=true>\n\t\t\t  <\/div><\/div>\n\t\t  <style>\n\t\t    .fb-background-color {\n\t\t\t\tbackground: #ffffff !important;\n\t\t\t}\n\t\t\t.fb_iframe_widget_fluid_desktop iframe {\n\t\t\t    width: 100% !important;\n\t\t\t}\n\t\t  <\/style>\n\t\t  ","protected":false},"excerpt":{"rendered":"<p>El Intendente Municipal, Ing. Jos\u00e9 Luis Zara, visit\u00f3 este jueves la localidad de Bah\u00eda San Blas. Estuvo acompa\u00f1ado por el delegado municipal, Marcelo Molteni, el Secretario de Hacienda, Ricardo Teller\u00eda, el Secretario de Obras P\u00fablicas, Jorge Isaac y el subsecretario Roberto Haure, la Directora de Gobierno, Adriana Llambay, la Directora Ejecutiva de la Agencia de [&hellip;]<\/p>\n","protected":false},"author":4,"featured_media":16468,"comment_status":"closed","ping_status":"closed","sticky":false,"template":"","format":"standard","meta":{"_joinchat":[],"footnotes":""},"categories":[4],"tags":[],"class_list":["post-16467","post","type-post","status-publish","format-standard","has-post-thumbnail","hentry","category-politicas-publicas"],"_links":{"self":[{"href":"https:\/\/www.elpolitologoyelpolitico.com.ar\/wordpress\/wp-json\/wp\/v2\/posts\/16467","targetHints":{"allow":["GET"]}}],"collection":[{"href":"https:\/\/www.elpolitologoyelpolitico.com.ar\/wordpress\/wp-json\/wp\/v2\/posts"}],"about":[{"href":"https:\/\/www.elpolitologoyelpolitico.com.ar\/wordpress\/wp-json\/wp\/v2\/types\/post"}],"author":[{"embeddable":true,"href":"https:\/\/www.elpolitologoyelpolitico.com.ar\/wordpress\/wp-json\/wp\/v2\/users\/4"}],"replies":[{"embeddable":true,"href":"https:\/\/www.elpolitologoyelpolitico.com.ar\/wordpress\/wp-json\/wp\/v2\/comments?post=16467"}],"version-history":[{"count":0,"href":"https:\/\/www.elpolitologoyelpolitico.com.ar\/wordpress\/wp-json\/wp\/v2\/posts\/16467\/revisions"}],"wp:featuredmedia":[{"embeddable":true,"href":"https:\/\/www.elpolitologoyelpolitico.com.ar\/wordpress\/wp-json\/wp\/v2\/media\/16468"}],"wp:attachment":[{"href":"https:\/\/www.elpolitologoyelpolitico.com.ar\/wordpress\/wp-json\/wp\/v2\/media?parent=16467"}],"wp:term":[{"taxonomy":"category","embeddable":true,"href":"https:\/\/www.elpolitologoyelpolitico.com.ar\/wordpress\/wp-json\/wp\/v2\/categories?post=16467"},{"taxonomy":"post_tag","embeddable":true,"href":"https:\/\/www.elpolitologoyelpolitico.com.ar\/wordpress\/wp-json\/wp\/v2\/tags?post=16467"}],"curies":[{"name":"wp","href":"https:\/\/api.w.org\/{rel}","templated":true}]}}