{"id":16456,"date":"2022-02-18T02:18:56","date_gmt":"2022-02-18T02:18:56","guid":{"rendered":"https:\/\/www.elpolitologoyelpolitico.com.ar\/wordpress\/?p=16456"},"modified":"2022-02-18T02:19:00","modified_gmt":"2022-02-18T02:19:00","slug":"en-el-mes-de-marzo-se-implementara-un-plan-de-becas-para-que-muchos-profesores-puedan-llegar-a-distintas-localidades-bajo-el-programa-movernos","status":"publish","type":"post","link":"https:\/\/www.elpolitologoyelpolitico.com.ar\/wordpress\/2022\/02\/18\/en-el-mes-de-marzo-se-implementara-un-plan-de-becas-para-que-muchos-profesores-puedan-llegar-a-distintas-localidades-bajo-el-programa-movernos\/","title":{"rendered":"\u201cEn el mes de marzo se\u00a0 implementar\u00e1 un plan de becas para que muchos profesores puedan llegar a distintas localidades bajo el programa movernos\u201d"},"content":{"rendered":"\n<p><\/p>\n\n\n\n<p>Diego Rosati, secretario de deporte de R\u00edo Negro expres\u00f3 lo vivido durante el fin de semana con el TC en la ciudad de Viedma.<\/p>\n\n\n\n<p>\u201cEl turismo carretera fue el gran evento que tuvimos el fin de semana, lo m\u00e1s importante es lo que gener\u00f3 y que termina de darle el broche de oro a la temporada\u201d<\/p>\n\n\n\n<p>Asimismo remarc\u00f3 \u201cDesde octubre comenzamos a trabajar para que las mujeres tengan una categor\u00eda competitiva\u201d<\/p>\n\n\n\n<p>Por otra parte se\u00f1al\u00f3 el trabajo que se viene llevando a cabo a trav\u00e9s del programa Movernos en distintas localidades de la Provincia.<\/p>\n\n\n\n<p>\u201cEn el mes de marzo se&nbsp; implementar\u00e1 un plan de becas para que muchos profesores puedan llegar a distintas localidades bajo el programa movernos\u201d<\/p>\n\n\n\n<p>Por \u00faltimo Rosati destac\u00f3 que durante los d\u00edas jueves y viernes se estar\u00e1n reuniendo en Bariloche para organizar lo que va ser la agenda 2022 a lo que respecta a los juegos Epade y Araucan\u00eda.<\/p>\n<div class=\"fb-background-color\">\n\t\t\t  <div \n\t\t\t  \tclass = \"fb-comments\" \n\t\t\t  \tdata-href = \"https:\/\/www.elpolitologoyelpolitico.com.ar\/wordpress\/2022\/02\/18\/en-el-mes-de-marzo-se-implementara-un-plan-de-becas-para-que-muchos-profesores-puedan-llegar-a-distintas-localidades-bajo-el-programa-movernos\/\"\n\t\t\t  \tdata-numposts = \"10\"\n\t\t\t  \tdata-lazy = \"true\"\n\t\t\t\tdata-colorscheme = \"light\"\n\t\t\t\tdata-order-by = \"social\"\n\t\t\t\tdata-mobile=true>\n\t\t\t  <\/div><\/div>\n\t\t  <style>\n\t\t    .fb-background-color {\n\t\t\t\tbackground: #ffffff !important;\n\t\t\t}\n\t\t\t.fb_iframe_widget_fluid_desktop iframe {\n\t\t\t    width: 100% !important;\n\t\t\t}\n\t\t  <\/style>\n\t\t  ","protected":false},"excerpt":{"rendered":"<p>Diego Rosati, secretario de deporte de R\u00edo Negro expres\u00f3 lo vivido durante el fin de semana con el TC en la ciudad de Viedma. \u201cEl turismo carretera fue el gran evento que tuvimos el fin de semana, lo m\u00e1s importante es lo que gener\u00f3 y que termina de darle el broche de oro a la [&hellip;]<\/p>\n","protected":false},"author":4,"featured_media":16457,"comment_status":"closed","ping_status":"closed","sticky":false,"template":"","format":"standard","meta":{"_joinchat":[],"footnotes":""},"categories":[39],"tags":[],"class_list":["post-16456","post","type-post","status-publish","format-standard","has-post-thumbnail","hentry","category-en-esta-seccion"],"_links":{"self":[{"href":"https:\/\/www.elpolitologoyelpolitico.com.ar\/wordpress\/wp-json\/wp\/v2\/posts\/16456","targetHints":{"allow":["GET"]}}],"collection":[{"href":"https:\/\/www.elpolitologoyelpolitico.com.ar\/wordpress\/wp-json\/wp\/v2\/posts"}],"about":[{"href":"https:\/\/www.elpolitologoyelpolitico.com.ar\/wordpress\/wp-json\/wp\/v2\/types\/post"}],"author":[{"embeddable":true,"href":"https:\/\/www.elpolitologoyelpolitico.com.ar\/wordpress\/wp-json\/wp\/v2\/users\/4"}],"replies":[{"embeddable":true,"href":"https:\/\/www.elpolitologoyelpolitico.com.ar\/wordpress\/wp-json\/wp\/v2\/comments?post=16456"}],"version-history":[{"count":0,"href":"https:\/\/www.elpolitologoyelpolitico.com.ar\/wordpress\/wp-json\/wp\/v2\/posts\/16456\/revisions"}],"wp:featuredmedia":[{"embeddable":true,"href":"https:\/\/www.elpolitologoyelpolitico.com.ar\/wordpress\/wp-json\/wp\/v2\/media\/16457"}],"wp:attachment":[{"href":"https:\/\/www.elpolitologoyelpolitico.com.ar\/wordpress\/wp-json\/wp\/v2\/media?parent=16456"}],"wp:term":[{"taxonomy":"category","embeddable":true,"href":"https:\/\/www.elpolitologoyelpolitico.com.ar\/wordpress\/wp-json\/wp\/v2\/categories?post=16456"},{"taxonomy":"post_tag","embeddable":true,"href":"https:\/\/www.elpolitologoyelpolitico.com.ar\/wordpress\/wp-json\/wp\/v2\/tags?post=16456"}],"curies":[{"name":"wp","href":"https:\/\/api.w.org\/{rel}","templated":true}]}}