{"id":16436,"date":"2022-02-17T23:10:19","date_gmt":"2022-02-17T23:10:19","guid":{"rendered":"https:\/\/www.elpolitologoyelpolitico.com.ar\/wordpress\/?p=16436"},"modified":"2022-02-17T23:11:27","modified_gmt":"2022-02-17T23:11:27","slug":"el-operativo-de-limpieza-se-traslada-a-los-barrios-villa-del-carmen-ceferino-y-eva-peron","status":"publish","type":"post","link":"https:\/\/www.elpolitologoyelpolitico.com.ar\/wordpress\/2022\/02\/17\/el-operativo-de-limpieza-se-traslada-a-los-barrios-villa-del-carmen-ceferino-y-eva-peron\/","title":{"rendered":"El operativo de limpieza se traslada a los barrios Villa Del Carmen, Ceferino y Eva Per\u00f3n"},"content":{"rendered":"\t\t<div data-elementor-type=\"wp-post\" data-elementor-id=\"16436\" class=\"elementor elementor-16436\">\n\t\t\t\t\t\t<section class=\"elementor-section elementor-top-section elementor-element elementor-element-6066b39 elementor-section-boxed elementor-section-height-default elementor-section-height-default\" data-id=\"6066b39\" data-element_type=\"section\" data-e-type=\"section\">\n\t\t\t\t\t\t<div class=\"elementor-container elementor-column-gap-default\">\n\t\t\t\t\t<div class=\"elementor-column elementor-col-100 elementor-top-column elementor-element elementor-element-6e04fba0\" data-id=\"6e04fba0\" data-element_type=\"column\" data-e-type=\"column\">\n\t\t\t<div class=\"elementor-widget-wrap elementor-element-populated\">\n\t\t\t\t\t\t<div class=\"elementor-element elementor-element-3cf9ac98 elementor-widget elementor-widget-text-editor\" data-id=\"3cf9ac98\" data-element_type=\"widget\" data-e-type=\"widget\" data-widget_type=\"text-editor.default\">\n\t\t\t\t<div class=\"elementor-widget-container\">\n\t\t\t\t\t\t\t\t\t\n<p>La Subsecretar\u00eda de Servicios informa que, a partir del 21 de febrero, el operativo de limpieza se trasladar\u00e1 a los barrios Villa Del Carmen, Ceferino y Eva Per\u00f3n, de Carmen de Patagones, de acuerdo al cronograma dispuesto para el 2022.<\/p>\n\n\n\n<p>En Villa del Carmen y Ceferino el mismo ser\u00e1 del 21 de febrero al 4 de marzo, mientras que en el Eva Per\u00f3n se llevar\u00e1 a cabo del 17 al 19 de febrero.<\/p>\n\n\n\n<p>El servicio \u2013gratuito- tiene como objetivo despejar las veredas de los residuos voluminosos (no domiciliarios), para garantizar la higiene y mantener en buenas condiciones los espacios p\u00fablicos.<\/p>\n\n\n\n<p>Se solicita la colaboraci\u00f3n de los vecinos respetando el cronograma establecido, retirando sus residuos no convencionales durante el mes que corresponde.<\/p>\n\n\n\n<p>Entre los residuos que podr\u00e1n depositar en la calle, mientras dure el operativo, se encuentran; madera, hierro, chapa y escombros, que posteriormente ser\u00e1n recolectados por los operarios del \u00e1rea.<\/p>\n\t\t\t\t\t\t\t\t<\/div>\n\t\t\t\t<\/div>\n\t\t\t\t\t<\/div>\n\t\t<\/div>\n\t\t\t\t\t<\/div>\n\t\t<\/section>\n\t\t\t\t<\/div>\n\t\t<div class=\"fb-background-color\">\n\t\t\t  <div \n\t\t\t  \tclass = \"fb-comments\" \n\t\t\t  \tdata-href = \"https:\/\/www.elpolitologoyelpolitico.com.ar\/wordpress\/2022\/02\/17\/el-operativo-de-limpieza-se-traslada-a-los-barrios-villa-del-carmen-ceferino-y-eva-peron\/\"\n\t\t\t  \tdata-numposts = \"10\"\n\t\t\t  \tdata-lazy = \"true\"\n\t\t\t\tdata-colorscheme = \"light\"\n\t\t\t\tdata-order-by = \"social\"\n\t\t\t\tdata-mobile=true>\n\t\t\t  <\/div><\/div>\n\t\t  <style>\n\t\t    .fb-background-color {\n\t\t\t\tbackground: #ffffff !important;\n\t\t\t}\n\t\t\t.fb_iframe_widget_fluid_desktop iframe {\n\t\t\t    width: 100% !important;\n\t\t\t}\n\t\t  <\/style>\n\t\t  ","protected":false},"excerpt":{"rendered":"<p>La Subsecretar\u00eda de Servicios informa que, a partir del 21 de febrero, el operativo de limpieza se trasladar\u00e1 a los barrios Villa Del Carmen, Ceferino y Eva Per\u00f3n, de Carmen de Patagones, de acuerdo al cronograma dispuesto para el 2022. En Villa del Carmen y Ceferino el mismo ser\u00e1 del 21 de febrero al 4 [&hellip;]<\/p>\n","protected":false},"author":4,"featured_media":16437,"comment_status":"closed","ping_status":"closed","sticky":false,"template":"","format":"standard","meta":{"_joinchat":[],"footnotes":""},"categories":[4],"tags":[],"class_list":["post-16436","post","type-post","status-publish","format-standard","has-post-thumbnail","hentry","category-politicas-publicas"],"_links":{"self":[{"href":"https:\/\/www.elpolitologoyelpolitico.com.ar\/wordpress\/wp-json\/wp\/v2\/posts\/16436","targetHints":{"allow":["GET"]}}],"collection":[{"href":"https:\/\/www.elpolitologoyelpolitico.com.ar\/wordpress\/wp-json\/wp\/v2\/posts"}],"about":[{"href":"https:\/\/www.elpolitologoyelpolitico.com.ar\/wordpress\/wp-json\/wp\/v2\/types\/post"}],"author":[{"embeddable":true,"href":"https:\/\/www.elpolitologoyelpolitico.com.ar\/wordpress\/wp-json\/wp\/v2\/users\/4"}],"replies":[{"embeddable":true,"href":"https:\/\/www.elpolitologoyelpolitico.com.ar\/wordpress\/wp-json\/wp\/v2\/comments?post=16436"}],"version-history":[{"count":0,"href":"https:\/\/www.elpolitologoyelpolitico.com.ar\/wordpress\/wp-json\/wp\/v2\/posts\/16436\/revisions"}],"wp:featuredmedia":[{"embeddable":true,"href":"https:\/\/www.elpolitologoyelpolitico.com.ar\/wordpress\/wp-json\/wp\/v2\/media\/16437"}],"wp:attachment":[{"href":"https:\/\/www.elpolitologoyelpolitico.com.ar\/wordpress\/wp-json\/wp\/v2\/media?parent=16436"}],"wp:term":[{"taxonomy":"category","embeddable":true,"href":"https:\/\/www.elpolitologoyelpolitico.com.ar\/wordpress\/wp-json\/wp\/v2\/categories?post=16436"},{"taxonomy":"post_tag","embeddable":true,"href":"https:\/\/www.elpolitologoyelpolitico.com.ar\/wordpress\/wp-json\/wp\/v2\/tags?post=16436"}],"curies":[{"name":"wp","href":"https:\/\/api.w.org\/{rel}","templated":true}]}}