{"id":16432,"date":"2022-02-17T22:17:31","date_gmt":"2022-02-17T22:17:31","guid":{"rendered":"https:\/\/www.elpolitologoyelpolitico.com.ar\/wordpress\/?p=16432"},"modified":"2022-02-17T22:17:35","modified_gmt":"2022-02-17T22:17:35","slug":"en-un-dia-historico-para-rio-negro-en-perspectiva-de-genero-se-entregaron-jerarquias-a-la-policia","status":"publish","type":"post","link":"https:\/\/www.elpolitologoyelpolitico.com.ar\/wordpress\/2022\/02\/17\/en-un-dia-historico-para-rio-negro-en-perspectiva-de-genero-se-entregaron-jerarquias-a-la-policia\/","title":{"rendered":"En un d\u00eda hist\u00f3rico para R\u00edo Negro en perspectiva de g\u00e9nero, se entregaron jerarqu\u00edas a la Polic\u00eda"},"content":{"rendered":"\n<p><\/p>\n\n\n\n<p>Con el nombramiento de Adriana Fabi como la primera mujer en alcanzar la m\u00e1xima jerarqu\u00eda en el escalaf\u00f3n de la Polic\u00eda de R\u00edo Negro, la Gobernadora Arabela Carreras presidi\u00f3 hoy en Viedma la entrega de jerarqu\u00edas al personal policial superior, oficiales en jefe y subalterno.&nbsp;<\/p>\n\n\n\n<p>Tal como destac\u00f3 la ministra de Seguridad y Justicia, Betiana Minor, este nombramiento es hist\u00f3rico para la provincia ya que marca el trabajo que viene realizando R\u00edo Negro en pol\u00edticas de g\u00e9nero. \u201cTenemos la foto de una primera gobernadora mujer, una primera ministra de Seguridad y Justicia y una mujer que obtiene la m\u00e1xima jerarqu\u00eda en la Polic\u00eda\u201d, destac\u00f3.<\/p>\n\n\n\n<p>\u201cEs un hecho que marca la perspectiva de g\u00e9nero que tiene la provincia, el camino que podemos construir tanto hombres como mujeres trabajando de manera conjunta. En materia de g\u00e9nero, debemos seguir construyendo herramientas para trabajar en contra de la violencia hacia las mujeres y seguir por la l\u00ednea de una sociedad m\u00e1s igualitaria y segura para todos\u201d, agreg\u00f3.<\/p>\n\n\n\n<p>La formalizaci\u00f3n de atributos tuvo lugar esta ma\u00f1ana en la Escuela de Cadetes en Viedma, en el cual Carreras condecor\u00f3 a la primera mujer en llegar a Comisaria General, la m\u00e1xima jerarqu\u00eda de oficial superior dentro de la estructura policial rionegrina.<\/p>\n\n\n\n<p>Se trata de Adriana Fabi, una allense de intachable trayectoria que con 33 a\u00f1os de servicio, incursion\u00f3 en varias dependencias en distintos puntos de la provincia, siempre predispuesta al servicio de la comunidad.<\/p>\n\n\n\n<p>En su trayectoria, alcanz\u00f3 a ocupar lugares de mando como el Establecimiento de Formaci\u00f3n Policial de Villa Regina, la Comisar\u00eda de la Familia de Cipolletti, el Cuerpo de Seguridad Vial de Viedma, la Comisar\u00eda s\u00e9ptima de Cinco Saltos, la Comisar\u00eda cuarta de Cipolletti, la unidad regional sexta de Los Menucos, la Unidad Regional cuarta de Choele Choel y la Direcci\u00f3n de Toxicoman\u00eda.<\/p>\n\n\n\n<p>Acompa\u00f1aron el acto el vicegobernador Alejandro Palmieri, la ministra de Seguridad y Justicia, Betiana Minor, el jefe de la Polic\u00eda Comisario General Osvaldo Adri\u00e1n Teller\u00eda, el subjefe Comisario General Orlando M\u00e1ximo Ca\u00f1uqueo.<\/p>\n\n\n\n<p>Asimismo, estuvieron presentes el secretario General de la Gobernaci\u00f3n Jos\u00e9 Mar\u00eda Apud, el secretario de Comunicaci\u00f3n Gustavo Glave, el secretario de Justicia Mariano Sachetti, la Defensora del Pueblo, Adriana Santagatti, los legisladores Marcelo Szczygol, Marcelino Jerez, y las legisladoras Nancy Andaloro, Graciela Valdebenito, y Nayibe Gattoni.<\/p>\n\n\n\n<figure class=\"wp-block-gallery has-nested-images columns-default is-cropped wp-block-gallery-1 is-layout-flex wp-block-gallery-is-layout-flex\">\n<figure class=\"wp-block-image size-large\"><img fetchpriority=\"high\" decoding=\"async\" width=\"1024\" height=\"682\" data-id=\"16434\" src=\"https:\/\/www.elpolitologoyelpolitico.com.ar\/wp-content\/uploads\/2022\/02\/IMG-20220217-WA0035-1024x682.jpg\" alt=\"\" class=\"wp-image-16434\" srcset=\"https:\/\/www.elpolitologoyelpolitico.com.ar\/wp-content\/uploads\/2022\/02\/IMG-20220217-WA0035-1024x682.jpg 1024w, https:\/\/www.elpolitologoyelpolitico.com.ar\/wp-content\/uploads\/2022\/02\/IMG-20220217-WA0035-300x200.jpg 300w, https:\/\/www.elpolitologoyelpolitico.com.ar\/wp-content\/uploads\/2022\/02\/IMG-20220217-WA0035-768x512.jpg 768w, https:\/\/www.elpolitologoyelpolitico.com.ar\/wp-content\/uploads\/2022\/02\/IMG-20220217-WA0035.jpg 1336w\" sizes=\"(max-width: 1024px) 100vw, 1024px\" \/><\/figure>\n<\/figure>\n<div class=\"fb-background-color\">\n\t\t\t  <div \n\t\t\t  \tclass = \"fb-comments\" \n\t\t\t  \tdata-href = \"https:\/\/www.elpolitologoyelpolitico.com.ar\/wordpress\/2022\/02\/17\/en-un-dia-historico-para-rio-negro-en-perspectiva-de-genero-se-entregaron-jerarquias-a-la-policia\/\"\n\t\t\t  \tdata-numposts = \"10\"\n\t\t\t  \tdata-lazy = \"true\"\n\t\t\t\tdata-colorscheme = \"light\"\n\t\t\t\tdata-order-by = \"social\"\n\t\t\t\tdata-mobile=true>\n\t\t\t  <\/div><\/div>\n\t\t  <style>\n\t\t    .fb-background-color {\n\t\t\t\tbackground: #ffffff !important;\n\t\t\t}\n\t\t\t.fb_iframe_widget_fluid_desktop iframe {\n\t\t\t    width: 100% !important;\n\t\t\t}\n\t\t  <\/style>\n\t\t  ","protected":false},"excerpt":{"rendered":"<p>Con el nombramiento de Adriana Fabi como la primera mujer en alcanzar la m\u00e1xima jerarqu\u00eda en el escalaf\u00f3n de la Polic\u00eda de R\u00edo Negro, la Gobernadora Arabela Carreras presidi\u00f3 hoy en Viedma la entrega de jerarqu\u00edas al personal policial superior, oficiales en jefe y subalterno.&nbsp; Tal como destac\u00f3 la ministra de Seguridad y Justicia, Betiana [&hellip;]<\/p>\n","protected":false},"author":4,"featured_media":16433,"comment_status":"closed","ping_status":"closed","sticky":false,"template":"","format":"standard","meta":{"_joinchat":[],"footnotes":""},"categories":[39],"tags":[],"class_list":["post-16432","post","type-post","status-publish","format-standard","has-post-thumbnail","hentry","category-en-esta-seccion"],"_links":{"self":[{"href":"https:\/\/www.elpolitologoyelpolitico.com.ar\/wordpress\/wp-json\/wp\/v2\/posts\/16432","targetHints":{"allow":["GET"]}}],"collection":[{"href":"https:\/\/www.elpolitologoyelpolitico.com.ar\/wordpress\/wp-json\/wp\/v2\/posts"}],"about":[{"href":"https:\/\/www.elpolitologoyelpolitico.com.ar\/wordpress\/wp-json\/wp\/v2\/types\/post"}],"author":[{"embeddable":true,"href":"https:\/\/www.elpolitologoyelpolitico.com.ar\/wordpress\/wp-json\/wp\/v2\/users\/4"}],"replies":[{"embeddable":true,"href":"https:\/\/www.elpolitologoyelpolitico.com.ar\/wordpress\/wp-json\/wp\/v2\/comments?post=16432"}],"version-history":[{"count":0,"href":"https:\/\/www.elpolitologoyelpolitico.com.ar\/wordpress\/wp-json\/wp\/v2\/posts\/16432\/revisions"}],"wp:featuredmedia":[{"embeddable":true,"href":"https:\/\/www.elpolitologoyelpolitico.com.ar\/wordpress\/wp-json\/wp\/v2\/media\/16433"}],"wp:attachment":[{"href":"https:\/\/www.elpolitologoyelpolitico.com.ar\/wordpress\/wp-json\/wp\/v2\/media?parent=16432"}],"wp:term":[{"taxonomy":"category","embeddable":true,"href":"https:\/\/www.elpolitologoyelpolitico.com.ar\/wordpress\/wp-json\/wp\/v2\/categories?post=16432"},{"taxonomy":"post_tag","embeddable":true,"href":"https:\/\/www.elpolitologoyelpolitico.com.ar\/wordpress\/wp-json\/wp\/v2\/tags?post=16432"}],"curies":[{"name":"wp","href":"https:\/\/api.w.org\/{rel}","templated":true}]}}