{"id":16426,"date":"2022-02-17T21:38:34","date_gmt":"2022-02-17T21:38:34","guid":{"rendered":"https:\/\/www.elpolitologoyelpolitico.com.ar\/wordpress\/?p=16426"},"modified":"2022-02-17T21:38:38","modified_gmt":"2022-02-17T21:38:38","slug":"con-gran-participacion-de-jovenes-continua-el-taller-de-ciclomecanica","status":"publish","type":"post","link":"https:\/\/www.elpolitologoyelpolitico.com.ar\/wordpress\/2022\/02\/17\/con-gran-participacion-de-jovenes-continua-el-taller-de-ciclomecanica\/","title":{"rendered":"Con gran participaci\u00f3n de j\u00f3venes contin\u00faa el taller de ciclomec\u00e1nica"},"content":{"rendered":"\n<p><\/p>\n\n\n\n<p>El gobierno de Viedma contin\u00faa con el taller de Ciclomec\u00e1nica en el barrio Alvarez Guerrero de nuestra ciudad.<\/p>\n\n\n\n<p>Este espacio de formaci\u00f3n en oficios que promueve la secretar\u00eda de Desarrollo e Integraci\u00f3n Social, se lleva adelante en la capilla del barrio todos los mi\u00e9rcoles de 14.30 a 16.30hs, y est\u00e1 destinado a j\u00f3venes de 14 a 18 a\u00f1os de este sector de Viedma.<\/p>\n\n\n\n<p>Al respecto la titular del \u00e1rea de Promoci\u00f3n Social municipal, Daniela Lillo, resalt\u00f3 que \u201ca partir del trabajo articulado con diferentes instituciones, encabezado por el secretario Mario S\u00e1nchez, pusimos en marcha este espacio de formaci\u00f3n del que participan chicas y chicos del Alvarez Guerrero con quienes venimos trabajando desde hace varios meses\u201d.<\/p>\n\n\n\n<p>\u201cSe trata de una oportunidad para que las y los j\u00f3venes &nbsp;puedan aprender un nuevo oficio armando y restaurando por completo bicicletas en desuso, siendo tambi\u00e9n un espacio de integraci\u00f3n y &nbsp;aprendizaje\u201d destac\u00f3 Lillo.<\/p>\n\n\n\n<p>Cabe destacar que esta capacitaci\u00f3n se enmarca en el convenio que oportunamente firmaron el intendente Pesatti y la ministra de Seguridad y Justicia, Betiana Minor, para realizar actividades de este tipo a trav\u00e9s del programa \u201cOportunidades desde el Barrio\u201d.<\/p>\n\n\n\n<p>El taller de Mec\u00e1nica de Bicicletas es dictado por integrantes del Club de Ciclismo de Viedma y Patagones, quienes tambi\u00e9n proponen espacios de iniciaci\u00f3n en esta disciplina.<\/p>\n\n\n\n<p>Adem\u00e1s es importante destacar que desde hace varios meses el gobierno de Viedma junto a diversas instituciones est\u00e1 trabajando e integrando la red del barrio Alvarez Guerrero, espacio que promueve diversas actividades para adolescentes y j\u00f3venes.<\/p>\n\n\n\n<figure class=\"wp-block-gallery has-nested-images columns-default is-cropped wp-block-gallery-1 is-layout-flex wp-block-gallery-is-layout-flex\">\n<figure class=\"wp-block-image size-large\"><img fetchpriority=\"high\" decoding=\"async\" width=\"720\" height=\"480\" data-id=\"16429\" src=\"https:\/\/www.elpolitologoyelpolitico.com.ar\/wp-content\/uploads\/2022\/02\/IMG-20220217-WA0032.jpg\" alt=\"\" class=\"wp-image-16429\" srcset=\"https:\/\/www.elpolitologoyelpolitico.com.ar\/wp-content\/uploads\/2022\/02\/IMG-20220217-WA0032.jpg 720w, https:\/\/www.elpolitologoyelpolitico.com.ar\/wp-content\/uploads\/2022\/02\/IMG-20220217-WA0032-300x200.jpg 300w\" sizes=\"(max-width: 720px) 100vw, 720px\" \/><\/figure>\n\n\n\n<figure class=\"wp-block-image size-large\"><img decoding=\"async\" width=\"720\" height=\"480\" data-id=\"16430\" src=\"https:\/\/www.elpolitologoyelpolitico.com.ar\/wp-content\/uploads\/2022\/02\/IMG-20220217-WA0033.jpg\" alt=\"\" class=\"wp-image-16430\" srcset=\"https:\/\/www.elpolitologoyelpolitico.com.ar\/wp-content\/uploads\/2022\/02\/IMG-20220217-WA0033.jpg 720w, https:\/\/www.elpolitologoyelpolitico.com.ar\/wp-content\/uploads\/2022\/02\/IMG-20220217-WA0033-300x200.jpg 300w\" sizes=\"(max-width: 720px) 100vw, 720px\" \/><\/figure>\n<\/figure>\n<div class=\"fb-background-color\">\n\t\t\t  <div \n\t\t\t  \tclass = \"fb-comments\" \n\t\t\t  \tdata-href = \"https:\/\/www.elpolitologoyelpolitico.com.ar\/wordpress\/2022\/02\/17\/con-gran-participacion-de-jovenes-continua-el-taller-de-ciclomecanica\/\"\n\t\t\t  \tdata-numposts = \"10\"\n\t\t\t  \tdata-lazy = \"true\"\n\t\t\t\tdata-colorscheme = \"light\"\n\t\t\t\tdata-order-by = \"social\"\n\t\t\t\tdata-mobile=true>\n\t\t\t  <\/div><\/div>\n\t\t  <style>\n\t\t    .fb-background-color {\n\t\t\t\tbackground: #ffffff !important;\n\t\t\t}\n\t\t\t.fb_iframe_widget_fluid_desktop iframe {\n\t\t\t    width: 100% !important;\n\t\t\t}\n\t\t  <\/style>\n\t\t  ","protected":false},"excerpt":{"rendered":"<p>El gobierno de Viedma contin\u00faa con el taller de Ciclomec\u00e1nica en el barrio Alvarez Guerrero de nuestra ciudad. Este espacio de formaci\u00f3n en oficios que promueve la secretar\u00eda de Desarrollo e Integraci\u00f3n Social, se lleva adelante en la capilla del barrio todos los mi\u00e9rcoles de 14.30 a 16.30hs, y est\u00e1 destinado a j\u00f3venes de 14 [&hellip;]<\/p>\n","protected":false},"author":4,"featured_media":16428,"comment_status":"closed","ping_status":"closed","sticky":false,"template":"","format":"standard","meta":{"_joinchat":[],"footnotes":""},"categories":[39],"tags":[],"class_list":["post-16426","post","type-post","status-publish","format-standard","has-post-thumbnail","hentry","category-en-esta-seccion"],"_links":{"self":[{"href":"https:\/\/www.elpolitologoyelpolitico.com.ar\/wordpress\/wp-json\/wp\/v2\/posts\/16426","targetHints":{"allow":["GET"]}}],"collection":[{"href":"https:\/\/www.elpolitologoyelpolitico.com.ar\/wordpress\/wp-json\/wp\/v2\/posts"}],"about":[{"href":"https:\/\/www.elpolitologoyelpolitico.com.ar\/wordpress\/wp-json\/wp\/v2\/types\/post"}],"author":[{"embeddable":true,"href":"https:\/\/www.elpolitologoyelpolitico.com.ar\/wordpress\/wp-json\/wp\/v2\/users\/4"}],"replies":[{"embeddable":true,"href":"https:\/\/www.elpolitologoyelpolitico.com.ar\/wordpress\/wp-json\/wp\/v2\/comments?post=16426"}],"version-history":[{"count":0,"href":"https:\/\/www.elpolitologoyelpolitico.com.ar\/wordpress\/wp-json\/wp\/v2\/posts\/16426\/revisions"}],"wp:featuredmedia":[{"embeddable":true,"href":"https:\/\/www.elpolitologoyelpolitico.com.ar\/wordpress\/wp-json\/wp\/v2\/media\/16428"}],"wp:attachment":[{"href":"https:\/\/www.elpolitologoyelpolitico.com.ar\/wordpress\/wp-json\/wp\/v2\/media?parent=16426"}],"wp:term":[{"taxonomy":"category","embeddable":true,"href":"https:\/\/www.elpolitologoyelpolitico.com.ar\/wordpress\/wp-json\/wp\/v2\/categories?post=16426"},{"taxonomy":"post_tag","embeddable":true,"href":"https:\/\/www.elpolitologoyelpolitico.com.ar\/wordpress\/wp-json\/wp\/v2\/tags?post=16426"}],"curies":[{"name":"wp","href":"https:\/\/api.w.org\/{rel}","templated":true}]}}