{"id":16395,"date":"2022-02-17T17:18:27","date_gmt":"2022-02-17T17:18:27","guid":{"rendered":"https:\/\/www.elpolitologoyelpolitico.com.ar\/wordpress\/?p=16395"},"modified":"2022-02-17T17:29:42","modified_gmt":"2022-02-17T17:29:42","slug":"16395","status":"publish","type":"post","link":"https:\/\/www.elpolitologoyelpolitico.com.ar\/wordpress\/2022\/02\/17\/16395\/","title":{"rendered":"Sesion\u00f3 el Honorable Concejo Deliberante de Patagones"},"content":{"rendered":"\n<p><\/p>\n\n\n\n<p>Con el izado de los pabellones nacional y bonaerense se dio inicio a la primera Sesi\u00f3n Extraordinaria, convocada para el tratamiento de temas espec\u00edficos, y se solicit\u00f3 que la Sesi\u00f3n sea declarada \u201cSesi\u00f3n de Urgencia Comunitaria\u201d atento a las graves situaciones que se est\u00e1n atravesando con la empresa ABSA y la provisi\u00f3n de agua potable en el Partido de Patagones, con el camino provincial a la localidad de San Blas y los inconvenientes de los transportistas del distrito: &nbsp; Aprobado por Unanimidad<\/p>\n\n\n\n<p><strong>PROYECTOS INGRESADOS:<\/strong><\/p>\n\n\n\n<p><strong>Iniciado: Bloque Juntos.<\/strong><\/p>\n\n\n\n<p>Extracto: Proyecto de Resoluci\u00f3n. Solicitar al Gobierno de la Provincia de Buenos Aires el pavimento del camino de acceso a Bah\u00eda San Blas. Con amplio en el recinto los Concejales vertieron opiniones sobre el estado conservaci\u00f3n y trabajos sobre varios caminos provinciales que incluye el camino a Bah\u00eda San Blas. Aprobado por Unanimidad.<br><\/p>\n\n\n\n<p><strong>Iniciado: Bloque Juntos.<\/strong><\/p>\n\n\n\n<p>Extracto: Proyecto de Resoluci\u00f3n. Solicitar al Departamento Ejecutivo. gestiones para la realizaci\u00f3n de m\u00f3dulo potabilizador. Aprobado por Unanimidad.<br><\/p>\n\n\n\n<p><strong>Iniciado: Bloque Juntos.<\/strong><\/p>\n\n\n\n<p>Extracto: Proyecto de Resoluci\u00f3n. Solicitar al Departamento Ejecutivo intensifique gestiones para la obra de dos Estaciones Transformadoras. Aprobado por Unanimidad.<br><\/p>\n\n\n\n<p><strong>EXPEDIENTES CON DESPACHO DE COMISI\u00d2N:<\/strong><\/p>\n\n\n\n<p><strong>Iniciado: Intendente Municipal-Ing. Jos\u00e9 Luis Zara.<\/strong><\/p>\n\n\n\n<p>Extracto: Solicitud de uso de espacio p\u00fablico y corte de calles para realizaci\u00f3n de Desfile C\u00edvico Militar.<\/p>\n\n\n\n<p>&nbsp;RESOLUCI\u00d3N. Aprobado por Unanimidad.<br><\/p>\n\n\n\n<p><strong>Iniciado: Propietarios de Veh\u00edculos de carga.<\/strong><\/p>\n\n\n\n<p>Extracto: S\/ problem\u00e1tica Ley Nacional de Tr\u00e1nsito N\u00ba 24.449.-<\/p>\n\n\n\n<p>RESOLUCI\u00d3N. Aprobado por Unanimidad. Representantes de los transportistas participaron de la Sesi\u00f3n por plataforma virtual.<\/p>\n\n\n\n<p>El Concejal Marcelo Honcharuk realizo la presentaci\u00f3n de Proyectos \u201cIn Voce\u201d. Que fueron enviados a Comisi\u00f3n para que todos los Concejales puedan realizar aportes. Enviados a Comisi\u00f3n Aprobados por Unanimidad.<\/p>\n\n\n\n<p>Se dio lectura a la correspondencia recibida.<\/p>\n\n\n\n<p>Se ingresaron expedientes por art\u00edculo 81 que fueron aprobados por unanimidad.<\/p>\n\n\n\n<p>Se realiz\u00f3 un recordatorio para Ricardo Campetti, vecino Maragato quien nos dejara f\u00edsicamente en las \u00faltimas horas.<\/p>\n\n\n\n<p><strong>Presentes en el Recinto: <\/strong>Presidente Julio Costantino, Secretaria Legislativa, Claudia Negri Daurade. Concejales: Romina Colombi, Rosario Melluso, Jorgelina Castronovo, Mar\u00eda Dolores Patan\u00e8, Diego Stainnekker, Mayra Sardi, Ricardo Angos, Nicol\u00e1s Garc\u00eda, Noelia Sep\u00falveda, Diego Dalmau, Fabiola Acosta Caballero, Mariel Cinirella, y Marcelo Honcharuk.<\/p>\n\n\n\n<figure class=\"wp-block-gallery has-nested-images columns-default is-cropped wp-block-gallery-1 is-layout-flex wp-block-gallery-is-layout-flex\">\n<figure><img decoding=\"async\" data-id=\"16397\" src=\"https:\/\/www.elpolitologoyelpolitico.com.ar\/wp-content\/uploads\/2022\/02\/IMG-20220217-WA0007-1024x678.jpg\" alt=\"\"\/><\/figure>\n\n\n\n<figure><img decoding=\"async\" data-id=\"16398\" src=\"https:\/\/www.elpolitologoyelpolitico.com.ar\/wp-content\/uploads\/2022\/02\/IMG-20220217-WA0006-1024x678.jpg\" alt=\"\"\/><\/figure>\n<\/figure>\n<div class=\"fb-background-color\">\n\t\t\t  <div \n\t\t\t  \tclass = \"fb-comments\" \n\t\t\t  \tdata-href = \"https:\/\/www.elpolitologoyelpolitico.com.ar\/wordpress\/2022\/02\/17\/16395\/\"\n\t\t\t  \tdata-numposts = \"10\"\n\t\t\t  \tdata-lazy = \"true\"\n\t\t\t\tdata-colorscheme = \"light\"\n\t\t\t\tdata-order-by = \"social\"\n\t\t\t\tdata-mobile=true>\n\t\t\t  <\/div><\/div>\n\t\t  <style>\n\t\t    .fb-background-color {\n\t\t\t\tbackground: #ffffff !important;\n\t\t\t}\n\t\t\t.fb_iframe_widget_fluid_desktop iframe {\n\t\t\t    width: 100% !important;\n\t\t\t}\n\t\t  <\/style>\n\t\t  ","protected":false},"excerpt":{"rendered":"<p>Con el izado de los pabellones nacional y bonaerense se dio inicio a la primera Sesi\u00f3n Extraordinaria, convocada para el tratamiento de temas espec\u00edficos, y se solicit\u00f3 que la Sesi\u00f3n sea declarada \u201cSesi\u00f3n de Urgencia Comunitaria\u201d atento a las graves situaciones que se est\u00e1n atravesando con la empresa ABSA y la provisi\u00f3n de agua potable [&hellip;]<\/p>\n","protected":false},"author":4,"featured_media":16396,"comment_status":"closed","ping_status":"closed","sticky":false,"template":"","format":"standard","meta":{"_joinchat":[],"footnotes":""},"categories":[39],"tags":[],"class_list":["post-16395","post","type-post","status-publish","format-standard","has-post-thumbnail","hentry","category-en-esta-seccion"],"_links":{"self":[{"href":"https:\/\/www.elpolitologoyelpolitico.com.ar\/wordpress\/wp-json\/wp\/v2\/posts\/16395","targetHints":{"allow":["GET"]}}],"collection":[{"href":"https:\/\/www.elpolitologoyelpolitico.com.ar\/wordpress\/wp-json\/wp\/v2\/posts"}],"about":[{"href":"https:\/\/www.elpolitologoyelpolitico.com.ar\/wordpress\/wp-json\/wp\/v2\/types\/post"}],"author":[{"embeddable":true,"href":"https:\/\/www.elpolitologoyelpolitico.com.ar\/wordpress\/wp-json\/wp\/v2\/users\/4"}],"replies":[{"embeddable":true,"href":"https:\/\/www.elpolitologoyelpolitico.com.ar\/wordpress\/wp-json\/wp\/v2\/comments?post=16395"}],"version-history":[{"count":0,"href":"https:\/\/www.elpolitologoyelpolitico.com.ar\/wordpress\/wp-json\/wp\/v2\/posts\/16395\/revisions"}],"wp:featuredmedia":[{"embeddable":true,"href":"https:\/\/www.elpolitologoyelpolitico.com.ar\/wordpress\/wp-json\/wp\/v2\/media\/16396"}],"wp:attachment":[{"href":"https:\/\/www.elpolitologoyelpolitico.com.ar\/wordpress\/wp-json\/wp\/v2\/media?parent=16395"}],"wp:term":[{"taxonomy":"category","embeddable":true,"href":"https:\/\/www.elpolitologoyelpolitico.com.ar\/wordpress\/wp-json\/wp\/v2\/categories?post=16395"},{"taxonomy":"post_tag","embeddable":true,"href":"https:\/\/www.elpolitologoyelpolitico.com.ar\/wordpress\/wp-json\/wp\/v2\/tags?post=16395"}],"curies":[{"name":"wp","href":"https:\/\/api.w.org\/{rel}","templated":true}]}}