{"id":16365,"date":"2022-02-16T22:06:14","date_gmt":"2022-02-16T22:06:14","guid":{"rendered":"https:\/\/www.elpolitologoyelpolitico.com.ar\/wordpress\/?p=16365"},"modified":"2022-02-16T22:06:34","modified_gmt":"2022-02-16T22:06:34","slug":"el-verano-cultural-continua-en-viedma-con-espectaculos-para-toda-la-familia","status":"publish","type":"post","link":"https:\/\/www.elpolitologoyelpolitico.com.ar\/wordpress\/2022\/02\/16\/el-verano-cultural-continua-en-viedma-con-espectaculos-para-toda-la-familia\/","title":{"rendered":"EL VERANO CULTURAL CONTIN\u00daA EN VIEDMA CON ESPECT\u00c1CULOS PARA TODA LA FAMILIA"},"content":{"rendered":"\t\t<div data-elementor-type=\"wp-post\" data-elementor-id=\"16365\" class=\"elementor elementor-16365\">\n\t\t\t\t\t\t<section class=\"elementor-section elementor-top-section elementor-element elementor-element-3e4d73a4 elementor-section-boxed elementor-section-height-default elementor-section-height-default\" data-id=\"3e4d73a4\" data-element_type=\"section\" data-e-type=\"section\">\n\t\t\t\t\t\t<div class=\"elementor-container elementor-column-gap-default\">\n\t\t\t\t\t<div class=\"elementor-column elementor-col-100 elementor-top-column elementor-element elementor-element-46a5249c\" data-id=\"46a5249c\" data-element_type=\"column\" data-e-type=\"column\">\n\t\t\t<div class=\"elementor-widget-wrap elementor-element-populated\">\n\t\t\t\t\t\t<div class=\"elementor-element elementor-element-15e3d823 elementor-widget elementor-widget-text-editor\" data-id=\"15e3d823\" data-element_type=\"widget\" data-e-type=\"widget\" data-widget_type=\"text-editor.default\">\n\t\t\t\t<div class=\"elementor-widget-container\">\n\t\t\t\t\t\t\t\t\t\n<p>Esta semana el gobierno de Viedma sigue adelante con las propuestas libres y gratuitas del Verano Cultural 2022 con actividades para toda la familia.<\/p>\n\n\n\n<p>Los d\u00edas lunes y&nbsp; mi\u00e9rcoles 16 de febrero, los docentes municipales Mimi Nieto y Luis Le\u00f3n continuar\u00e1n con las clases de iniciaci\u00f3n al Tango a partir de las 19 hs, en el Centro Cultural 2 , ubicado en Mitre 849.<\/p>\n\n\n\n<p>En tanto el jueves 17 de febrero, desde las 19 hs se realizar\u00e1 la pr\u00e1ctica y cierre de la actividad.<\/p>\n\n\n\n<p>Asimismo, el viernes 18 de febrero, a las 19.30hs, en el Centro Cultural (Gallardo 550) se realizar\u00e1 la inauguraci\u00f3n de la muestra \u201cCielo en el Mar\u201d de Mariela Fondrini, acompa\u00f1ada por m\u00fasica en vivo de Gustavo Ferraiuolo.<\/p>\n\n\n\n<p>La artista visual Mariela Fondrini realiza su muestra de pinturas \u00abCielo en el Mar\u00bb donde las im\u00e1genes revelan una cosmovisi\u00f3n en cercan\u00eda con la naturaleza, con el universo en constante transformaci\u00f3n, estableciendo un di\u00e1logo con la interioridad del ser, que abre puertas a la imaginaci\u00f3n y a la interpretaci\u00f3n subjetiva de un mundo femenino surrealista.<\/p>\n\n\n\n<p>La muestra permanecer\u00e1 abierta hasta el 14 de marzo y se podr\u00e1 visitar de lunes a viernes de 9 a 13 hs y de 16 a 20hs y los fines de semana de 17 a 21hs.<\/p>\n\n\n\n<p>El mismo 18 de febrero, desde las 20hs, con entrada libre y gratuita en la Ex Capilla Maria Auxiliadora se presentar\u00e1 \u201cDuoArts\u201d con Pablo S\u00e1nchez en Guitarra y Cristian Castillo Tenor. El d\u00fao interpretar\u00e1 obras de Bach, Mozart, Rossini, Villalobos, Schubert, Frank, Rodrigo.<\/p>\n\n\n\n<p>Adem\u00e1s el s\u00e1bado 19 de febrero, desde las 18.30hs en la Plazoleta del Fundador (frente al Centro Cultural) se presentar\u00e1 \u201cCosa e Mandinga\u201d,&nbsp; un espect\u00e1culo para toda la familia, libre y gratuito.<\/p>\n\n\n\n<p>A trav\u00e9s del programa Impulsar, \u201cCosa e Mandinga\u201d es un espect\u00e1culo, en el que las peripecias de los personajes se develan a trav\u00e9s de la magia y la m\u00fasica, con la risa como punto de encuentro. La simpat\u00eda y empat\u00eda provocadas por estos dos singulares personajes aparecen al mostrar sus inseguridades, funcionando, as\u00ed como personajes \u201cantih\u00e9roes\u201d<\/p>\n\n\n\n<p>Del 18 al 20 de marzo en la ex Capilla Maria Auxiliadora (Rivadavia 65) se llevar\u00e1 adelante \u201cQui\u00e9n est\u00e1 ah\u00ed? un Taller intensivo de Clown, dictado por Pablo Mario, con cupos limitados. Informes e inscripciones al 2920-642321.<\/p>\n\n\n\n<figure class=\"wp-block-gallery has-nested-images columns-default is-cropped wp-block-gallery-2 is-layout-flex wp-block-gallery-is-layout-flex\">\n<figure class=\"wp-block-image size-large\"><img fetchpriority=\"high\" decoding=\"async\" width=\"720\" height=\"720\" data-id=\"16367\" src=\"https:\/\/www.elpolitologoyelpolitico.com.ar\/wp-content\/uploads\/2022\/02\/WhatsApp-Image-2022-02-16-at-5.43.46-PM-2.jpeg\" alt=\"\" class=\"wp-image-16367\" srcset=\"https:\/\/www.elpolitologoyelpolitico.com.ar\/wp-content\/uploads\/2022\/02\/WhatsApp-Image-2022-02-16-at-5.43.46-PM-2.jpeg 720w, https:\/\/www.elpolitologoyelpolitico.com.ar\/wp-content\/uploads\/2022\/02\/WhatsApp-Image-2022-02-16-at-5.43.46-PM-2-300x300.jpeg 300w, https:\/\/www.elpolitologoyelpolitico.com.ar\/wp-content\/uploads\/2022\/02\/WhatsApp-Image-2022-02-16-at-5.43.46-PM-2-150x150.jpeg 150w\" sizes=\"(max-width: 720px) 100vw, 720px\" \/><\/figure>\n\n\n\n<figure class=\"wp-block-image size-large\"><img decoding=\"async\" width=\"720\" height=\"720\" data-id=\"16368\" src=\"https:\/\/www.elpolitologoyelpolitico.com.ar\/wp-content\/uploads\/2022\/02\/WhatsApp-Image-2022-02-16-at-5.43.46-PM-1.jpeg\" alt=\"\" class=\"wp-image-16368\" srcset=\"https:\/\/www.elpolitologoyelpolitico.com.ar\/wp-content\/uploads\/2022\/02\/WhatsApp-Image-2022-02-16-at-5.43.46-PM-1.jpeg 720w, https:\/\/www.elpolitologoyelpolitico.com.ar\/wp-content\/uploads\/2022\/02\/WhatsApp-Image-2022-02-16-at-5.43.46-PM-1-300x300.jpeg 300w, https:\/\/www.elpolitologoyelpolitico.com.ar\/wp-content\/uploads\/2022\/02\/WhatsApp-Image-2022-02-16-at-5.43.46-PM-1-150x150.jpeg 150w\" sizes=\"(max-width: 720px) 100vw, 720px\" \/><\/figure>\n\n\n\n<figure class=\"wp-block-image size-large\"><img decoding=\"async\" width=\"720\" height=\"720\" data-id=\"16370\" src=\"https:\/\/www.elpolitologoyelpolitico.com.ar\/wp-content\/uploads\/2022\/02\/WhatsApp-Image-2022-02-16-at-5.43.46-PM.jpeg\" alt=\"\" class=\"wp-image-16370\" srcset=\"https:\/\/www.elpolitologoyelpolitico.com.ar\/wp-content\/uploads\/2022\/02\/WhatsApp-Image-2022-02-16-at-5.43.46-PM.jpeg 720w, https:\/\/www.elpolitologoyelpolitico.com.ar\/wp-content\/uploads\/2022\/02\/WhatsApp-Image-2022-02-16-at-5.43.46-PM-300x300.jpeg 300w, https:\/\/www.elpolitologoyelpolitico.com.ar\/wp-content\/uploads\/2022\/02\/WhatsApp-Image-2022-02-16-at-5.43.46-PM-150x150.jpeg 150w\" sizes=\"(max-width: 720px) 100vw, 720px\" \/><\/figure>\n\n\n\n<figure class=\"wp-block-image size-large\"><img loading=\"lazy\" decoding=\"async\" width=\"720\" height=\"720\" data-id=\"16369\" src=\"https:\/\/www.elpolitologoyelpolitico.com.ar\/wp-content\/uploads\/2022\/02\/WhatsApp-Image-2022-02-16-at-5.43.45-PM.jpeg\" alt=\"\" class=\"wp-image-16369\" srcset=\"https:\/\/www.elpolitologoyelpolitico.com.ar\/wp-content\/uploads\/2022\/02\/WhatsApp-Image-2022-02-16-at-5.43.45-PM.jpeg 720w, https:\/\/www.elpolitologoyelpolitico.com.ar\/wp-content\/uploads\/2022\/02\/WhatsApp-Image-2022-02-16-at-5.43.45-PM-300x300.jpeg 300w, https:\/\/www.elpolitologoyelpolitico.com.ar\/wp-content\/uploads\/2022\/02\/WhatsApp-Image-2022-02-16-at-5.43.45-PM-150x150.jpeg 150w\" sizes=\"(max-width: 720px) 100vw, 720px\" \/><\/figure>\n<\/figure>\n\t\t\t\t\t\t\t\t<\/div>\n\t\t\t\t<\/div>\n\t\t\t\t\t<\/div>\n\t\t<\/div>\n\t\t\t\t\t<\/div>\n\t\t<\/section>\n\t\t\t\t<\/div>\n\t\t<div class=\"fb-background-color\">\n\t\t\t  <div \n\t\t\t  \tclass = \"fb-comments\" \n\t\t\t  \tdata-href = \"https:\/\/www.elpolitologoyelpolitico.com.ar\/wordpress\/2022\/02\/16\/el-verano-cultural-continua-en-viedma-con-espectaculos-para-toda-la-familia\/\"\n\t\t\t  \tdata-numposts = \"10\"\n\t\t\t  \tdata-lazy = \"true\"\n\t\t\t\tdata-colorscheme = \"light\"\n\t\t\t\tdata-order-by = \"social\"\n\t\t\t\tdata-mobile=true>\n\t\t\t  <\/div><\/div>\n\t\t  <style>\n\t\t    .fb-background-color {\n\t\t\t\tbackground: #ffffff !important;\n\t\t\t}\n\t\t\t.fb_iframe_widget_fluid_desktop iframe {\n\t\t\t    width: 100% !important;\n\t\t\t}\n\t\t  <\/style>\n\t\t  ","protected":false},"excerpt":{"rendered":"<p>Esta semana el gobierno de Viedma sigue adelante con las propuestas libres y gratuitas del Verano Cultural 2022 con actividades para toda la familia. Los d\u00edas lunes y&nbsp; mi\u00e9rcoles 16 de febrero, los docentes municipales Mimi Nieto y Luis Le\u00f3n continuar\u00e1n con las clases de iniciaci\u00f3n al Tango a partir de las 19 hs, en [&hellip;]<\/p>\n","protected":false},"author":4,"featured_media":16366,"comment_status":"closed","ping_status":"closed","sticky":false,"template":"","format":"standard","meta":{"_joinchat":[],"footnotes":""},"categories":[39],"tags":[],"class_list":["post-16365","post","type-post","status-publish","format-standard","has-post-thumbnail","hentry","category-en-esta-seccion"],"_links":{"self":[{"href":"https:\/\/www.elpolitologoyelpolitico.com.ar\/wordpress\/wp-json\/wp\/v2\/posts\/16365","targetHints":{"allow":["GET"]}}],"collection":[{"href":"https:\/\/www.elpolitologoyelpolitico.com.ar\/wordpress\/wp-json\/wp\/v2\/posts"}],"about":[{"href":"https:\/\/www.elpolitologoyelpolitico.com.ar\/wordpress\/wp-json\/wp\/v2\/types\/post"}],"author":[{"embeddable":true,"href":"https:\/\/www.elpolitologoyelpolitico.com.ar\/wordpress\/wp-json\/wp\/v2\/users\/4"}],"replies":[{"embeddable":true,"href":"https:\/\/www.elpolitologoyelpolitico.com.ar\/wordpress\/wp-json\/wp\/v2\/comments?post=16365"}],"version-history":[{"count":0,"href":"https:\/\/www.elpolitologoyelpolitico.com.ar\/wordpress\/wp-json\/wp\/v2\/posts\/16365\/revisions"}],"wp:featuredmedia":[{"embeddable":true,"href":"https:\/\/www.elpolitologoyelpolitico.com.ar\/wordpress\/wp-json\/wp\/v2\/media\/16366"}],"wp:attachment":[{"href":"https:\/\/www.elpolitologoyelpolitico.com.ar\/wordpress\/wp-json\/wp\/v2\/media?parent=16365"}],"wp:term":[{"taxonomy":"category","embeddable":true,"href":"https:\/\/www.elpolitologoyelpolitico.com.ar\/wordpress\/wp-json\/wp\/v2\/categories?post=16365"},{"taxonomy":"post_tag","embeddable":true,"href":"https:\/\/www.elpolitologoyelpolitico.com.ar\/wordpress\/wp-json\/wp\/v2\/tags?post=16365"}],"curies":[{"name":"wp","href":"https:\/\/api.w.org\/{rel}","templated":true}]}}