{"id":16359,"date":"2022-02-16T22:03:13","date_gmt":"2022-02-16T22:03:13","guid":{"rendered":"https:\/\/www.elpolitologoyelpolitico.com.ar\/wordpress\/?p=16359"},"modified":"2022-02-16T22:03:31","modified_gmt":"2022-02-16T22:03:31","slug":"se-pone-en-marcha-el-programa-delegadas-de-la-direccion-de-ninez-adolescencia-y-genero","status":"publish","type":"post","link":"https:\/\/www.elpolitologoyelpolitico.com.ar\/wordpress\/2022\/02\/16\/se-pone-en-marcha-el-programa-delegadas-de-la-direccion-de-ninez-adolescencia-y-genero\/","title":{"rendered":"SE PONE EN MARCHA EL PROGRAMA \u201cDELEGADAS\u201d, DE LA DIRECCI\u00d3N DE NI\u00d1EZ, ADOLESCENCIA Y G\u00c9NERO"},"content":{"rendered":"\t\t<div data-elementor-type=\"wp-post\" data-elementor-id=\"16359\" class=\"elementor elementor-16359\">\n\t\t\t\t\t\t<section class=\"elementor-section elementor-top-section elementor-element elementor-element-4ac691dd elementor-section-boxed elementor-section-height-default elementor-section-height-default\" data-id=\"4ac691dd\" data-element_type=\"section\" data-e-type=\"section\">\n\t\t\t\t\t\t<div class=\"elementor-container elementor-column-gap-default\">\n\t\t\t\t\t<div class=\"elementor-column elementor-col-100 elementor-top-column elementor-element elementor-element-2a0bc899\" data-id=\"2a0bc899\" data-element_type=\"column\" data-e-type=\"column\">\n\t\t\t<div class=\"elementor-widget-wrap elementor-element-populated\">\n\t\t\t\t\t\t<div class=\"elementor-element elementor-element-5c4b87db elementor-widget elementor-widget-text-editor\" data-id=\"5c4b87db\" data-element_type=\"widget\" data-e-type=\"widget\" data-widget_type=\"text-editor.default\">\n\t\t\t\t<div class=\"elementor-widget-container\">\n\t\t\t\t\t\t\t\t\t\n<p>La Direcci\u00f3n de Ni\u00f1ez, Adolescencia y G\u00e9nero informa a la comunidad que a partir del 21 de febrero pr\u00f3ximo se pondr\u00e1 en funcionamiento el programa de Delegadas de dicha cartera municipal.<\/p>\n\n\n\n<p>Funcionar\u00e1 en las sedes de las comisiones de fomento de los barrios Villa Lynch, Villa del Carmen, Bicentenario y en el Punto Digital del barrio Villa Rita.<\/p>\n\n\n\n<p>El programa garantiza la presencia de una operadora en cada espacio, cuya funci\u00f3n ser\u00e1 recepcionar todas las consultas y brindar asesoramiento con respecto a las prestaciones que refieran la incumbencia de la Direcci\u00f3n.<\/p>\n\n\n\n<p><strong>Los horarios de atenci\u00f3n ser\u00e1n:<\/strong><\/p>\n\n\n\n<p>-Barrio Bicentenario: lunes y mi\u00e9rcoles de 15.00 a 17.00<\/p>\n\n\n\n<p>-Barrio Villa del Carmen: lunes y mi\u00e9rcoles de 15.00 a 17.00<\/p>\n\n\n\n<p>-Barrio Villa Lynch: martes y jueves de 15.00 a 17.00<\/p>\n\n\n\n<p>&#8211; Barrio Villa Rita &#8211; Punto Digital: lunes a viernes de 9 a 13 horas<\/p>\n\t\t\t\t\t\t\t\t<\/div>\n\t\t\t\t<\/div>\n\t\t\t\t\t<\/div>\n\t\t<\/div>\n\t\t\t\t\t<\/div>\n\t\t<\/section>\n\t\t\t\t<\/div>\n\t\t<div class=\"fb-background-color\">\n\t\t\t  <div \n\t\t\t  \tclass = \"fb-comments\" \n\t\t\t  \tdata-href = \"https:\/\/www.elpolitologoyelpolitico.com.ar\/wordpress\/2022\/02\/16\/se-pone-en-marcha-el-programa-delegadas-de-la-direccion-de-ninez-adolescencia-y-genero\/\"\n\t\t\t  \tdata-numposts = \"10\"\n\t\t\t  \tdata-lazy = \"true\"\n\t\t\t\tdata-colorscheme = \"light\"\n\t\t\t\tdata-order-by = \"social\"\n\t\t\t\tdata-mobile=true>\n\t\t\t  <\/div><\/div>\n\t\t  <style>\n\t\t    .fb-background-color {\n\t\t\t\tbackground: #ffffff !important;\n\t\t\t}\n\t\t\t.fb_iframe_widget_fluid_desktop iframe {\n\t\t\t    width: 100% !important;\n\t\t\t}\n\t\t  <\/style>\n\t\t  ","protected":false},"excerpt":{"rendered":"<p>La Direcci\u00f3n de Ni\u00f1ez, Adolescencia y G\u00e9nero informa a la comunidad que a partir del 21 de febrero pr\u00f3ximo se pondr\u00e1 en funcionamiento el programa de Delegadas de dicha cartera municipal. Funcionar\u00e1 en las sedes de las comisiones de fomento de los barrios Villa Lynch, Villa del Carmen, Bicentenario y en el Punto Digital del [&hellip;]<\/p>\n","protected":false},"author":4,"featured_media":16360,"comment_status":"closed","ping_status":"closed","sticky":false,"template":"","format":"standard","meta":{"_joinchat":[],"footnotes":""},"categories":[4],"tags":[],"class_list":["post-16359","post","type-post","status-publish","format-standard","has-post-thumbnail","hentry","category-politicas-publicas"],"_links":{"self":[{"href":"https:\/\/www.elpolitologoyelpolitico.com.ar\/wordpress\/wp-json\/wp\/v2\/posts\/16359","targetHints":{"allow":["GET"]}}],"collection":[{"href":"https:\/\/www.elpolitologoyelpolitico.com.ar\/wordpress\/wp-json\/wp\/v2\/posts"}],"about":[{"href":"https:\/\/www.elpolitologoyelpolitico.com.ar\/wordpress\/wp-json\/wp\/v2\/types\/post"}],"author":[{"embeddable":true,"href":"https:\/\/www.elpolitologoyelpolitico.com.ar\/wordpress\/wp-json\/wp\/v2\/users\/4"}],"replies":[{"embeddable":true,"href":"https:\/\/www.elpolitologoyelpolitico.com.ar\/wordpress\/wp-json\/wp\/v2\/comments?post=16359"}],"version-history":[{"count":0,"href":"https:\/\/www.elpolitologoyelpolitico.com.ar\/wordpress\/wp-json\/wp\/v2\/posts\/16359\/revisions"}],"wp:featuredmedia":[{"embeddable":true,"href":"https:\/\/www.elpolitologoyelpolitico.com.ar\/wordpress\/wp-json\/wp\/v2\/media\/16360"}],"wp:attachment":[{"href":"https:\/\/www.elpolitologoyelpolitico.com.ar\/wordpress\/wp-json\/wp\/v2\/media?parent=16359"}],"wp:term":[{"taxonomy":"category","embeddable":true,"href":"https:\/\/www.elpolitologoyelpolitico.com.ar\/wordpress\/wp-json\/wp\/v2\/categories?post=16359"},{"taxonomy":"post_tag","embeddable":true,"href":"https:\/\/www.elpolitologoyelpolitico.com.ar\/wordpress\/wp-json\/wp\/v2\/tags?post=16359"}],"curies":[{"name":"wp","href":"https:\/\/api.w.org\/{rel}","templated":true}]}}