{"id":16333,"date":"2022-02-16T21:40:36","date_gmt":"2022-02-16T21:40:36","guid":{"rendered":"https:\/\/www.elpolitologoyelpolitico.com.ar\/wordpress\/?p=16333"},"modified":"2022-02-16T21:40:54","modified_gmt":"2022-02-16T21:40:54","slug":"la-fiesta-provincial-del-rio-cada-vez-mas-cerca","status":"publish","type":"post","link":"https:\/\/www.elpolitologoyelpolitico.com.ar\/wordpress\/2022\/02\/16\/la-fiesta-provincial-del-rio-cada-vez-mas-cerca\/","title":{"rendered":"LA FIESTA PROVINCIAL DEL R\u00cdO CADA VEZ M\u00c1S CERCA"},"content":{"rendered":"\t\t<div data-elementor-type=\"wp-post\" data-elementor-id=\"16333\" class=\"elementor elementor-16333\">\n\t\t\t\t\t\t<section class=\"elementor-section elementor-top-section elementor-element elementor-element-180398fd elementor-section-boxed elementor-section-height-default elementor-section-height-default\" data-id=\"180398fd\" data-element_type=\"section\" data-e-type=\"section\">\n\t\t\t\t\t\t<div class=\"elementor-container elementor-column-gap-default\">\n\t\t\t\t\t<div class=\"elementor-column elementor-col-100 elementor-top-column elementor-element elementor-element-48493a2f\" data-id=\"48493a2f\" data-element_type=\"column\" data-e-type=\"column\">\n\t\t\t<div class=\"elementor-widget-wrap elementor-element-populated\">\n\t\t\t\t\t\t<div class=\"elementor-element elementor-element-784a9b03 elementor-widget elementor-widget-text-editor\" data-id=\"784a9b03\" data-element_type=\"widget\" data-e-type=\"widget\" data-widget_type=\"text-editor.default\">\n\t\t\t\t<div class=\"elementor-widget-container\">\n\t\t\t\t\t\t\t\t\t\n<p>Con m\u00faltiples propuestas culturales y deportivas, del 26 al 28 de febrero, desde las 18hs, el gobierno de Viedma, llevar\u00e1 adelante la Fiesta Provincial del R\u00edo en el parque Jorge Ferreira.<\/p>\n\n\n\n<p>En esta edici\u00f3n habr\u00e1 paseo de artesanos, globa de productores locales, sector de juegos para chicxs, stands municipales, paseo gastron\u00f3mico con foodtrucks, puestos de comida y de cerveza.<\/p>\n\n\n\n<p>Los espect\u00e1culos centrales ser\u00e1n protagonizados por el grupo Rafaga, Destino San Javier, Alejandro Lerner y Los Autenticos Decadentes. Asimismo, durante los tres d\u00edas de la fiesta, se presentar\u00e1n artistas locales en el escenario central.<\/p>\n\n\n\n<p><strong>Cronograma de artistas<\/strong><\/p>\n\n\n\n<p><strong>S\u00e1bado 26<\/strong><\/p>\n\n\n\n<p>Pelusa Rupay\u00e1n \u2013 La Doble G \u2013 Sole Sanhueza y SofiMazzei \u2013 La Sandoband \u2013 Tributo a Gilda- R\u00e1faga<\/p>\n\n\n\n<p><strong>Domingo 27<\/strong><\/p>\n\n\n\n<p>Mayi- Comarca Chamamecera- Georgina Herrera- EdelFarias- Tributo a Horacio Guarany donde actuar\u00e1 el grupo de danzas De Ra\u00edz Folkl\u00f3rica -Destino San Javier.<\/p>\n\n\n\n<p><strong>Lunes 28<\/strong><\/p>\n\n\n\n<p>ShayaNicolas \u2013 Guayubira -Alejandra Gioventu -Tributo a Charly Garcia -Alejandro Lerner y Los Aut\u00e9nticos Decadentes<\/p>\n\n\n\n<p><strong>Actividades deportivas<\/strong><\/p>\n\n\n\n<p>En el marco de la Fiesta Provincial del R\u00edo, se desarrollar\u00e1n tambi\u00e9n diferentes propuestas deportivas.<\/p>\n\n\n\n<p>El 17 y 24 de febrero continuar\u00e1 el encuentro de B\u00e1squet 3\u00d73 en el nuevo play\u00f3n del parque Jorge Ferreira.<\/p>\n\n\n\n<p>El viernes 25 de febrero, se realizar\u00e1 un Torneo abierto de Ajedrez en el Parque Jorge Ferreira, a la altura del Reloj de Sol.<\/p>\n\n\n\n<p>El s\u00e1bado 26, se llevar\u00e1 adelante un Torneo de f\u00fatbol Playa en el caj\u00f3n de arena y el mismo d\u00eda, desde las 10hs en el parador de Roma Costero, habr\u00e1 Cruce Simple del r\u00edo&nbsp; y desde las 12hs y triaKids, para ni\u00f1as y ni\u00f1os de 4 a\u00f1os a 12 a\u00f1os. Las Inscripciones pueden realizarse al mail <a href=\"mailto:viedmadeportes@hotmail.com\">viedmadeportes@hotmail.com<\/a><\/p>\n\n\n\n<p>Adem\u00e1s, el domingo 27 acompa\u00f1aremos al Club Villa Congreso en la Competencia de Aguas abiertas 3k, que se realizar\u00e1 desde las 10hs en el Puente Basilio Villarino.<\/p>\n\n\n\n<figure class=\"wp-block-image size-full\"><img fetchpriority=\"high\" decoding=\"async\" width=\"536\" height=\"529\" src=\"https:\/\/www.elpolitologoyelpolitico.com.ar\/wp-content\/uploads\/2022\/02\/WhatsApp-Image-2022-02-16-at-3.29.14-PM.jpeg\" alt=\"\" class=\"wp-image-16335\" srcset=\"https:\/\/www.elpolitologoyelpolitico.com.ar\/wp-content\/uploads\/2022\/02\/WhatsApp-Image-2022-02-16-at-3.29.14-PM.jpeg 536w, https:\/\/www.elpolitologoyelpolitico.com.ar\/wp-content\/uploads\/2022\/02\/WhatsApp-Image-2022-02-16-at-3.29.14-PM-300x296.jpeg 300w\" sizes=\"(max-width: 536px) 100vw, 536px\" \/><\/figure>\n\t\t\t\t\t\t\t\t<\/div>\n\t\t\t\t<\/div>\n\t\t\t\t\t<\/div>\n\t\t<\/div>\n\t\t\t\t\t<\/div>\n\t\t<\/section>\n\t\t\t\t<\/div>\n\t\t<div class=\"fb-background-color\">\n\t\t\t  <div \n\t\t\t  \tclass = \"fb-comments\" \n\t\t\t  \tdata-href = \"https:\/\/www.elpolitologoyelpolitico.com.ar\/wordpress\/2022\/02\/16\/la-fiesta-provincial-del-rio-cada-vez-mas-cerca\/\"\n\t\t\t  \tdata-numposts = \"10\"\n\t\t\t  \tdata-lazy = \"true\"\n\t\t\t\tdata-colorscheme = \"light\"\n\t\t\t\tdata-order-by = \"social\"\n\t\t\t\tdata-mobile=true>\n\t\t\t  <\/div><\/div>\n\t\t  <style>\n\t\t    .fb-background-color {\n\t\t\t\tbackground: #ffffff !important;\n\t\t\t}\n\t\t\t.fb_iframe_widget_fluid_desktop iframe {\n\t\t\t    width: 100% !important;\n\t\t\t}\n\t\t  <\/style>\n\t\t  ","protected":false},"excerpt":{"rendered":"<p>Con m\u00faltiples propuestas culturales y deportivas, del 26 al 28 de febrero, desde las 18hs, el gobierno de Viedma, llevar\u00e1 adelante la Fiesta Provincial del R\u00edo en el parque Jorge Ferreira. En esta edici\u00f3n habr\u00e1 paseo de artesanos, globa de productores locales, sector de juegos para chicxs, stands municipales, paseo gastron\u00f3mico con foodtrucks, puestos de [&hellip;]<\/p>\n","protected":false},"author":4,"featured_media":16334,"comment_status":"closed","ping_status":"closed","sticky":false,"template":"","format":"standard","meta":{"_joinchat":[],"footnotes":""},"categories":[39],"tags":[],"class_list":["post-16333","post","type-post","status-publish","format-standard","has-post-thumbnail","hentry","category-en-esta-seccion"],"_links":{"self":[{"href":"https:\/\/www.elpolitologoyelpolitico.com.ar\/wordpress\/wp-json\/wp\/v2\/posts\/16333","targetHints":{"allow":["GET"]}}],"collection":[{"href":"https:\/\/www.elpolitologoyelpolitico.com.ar\/wordpress\/wp-json\/wp\/v2\/posts"}],"about":[{"href":"https:\/\/www.elpolitologoyelpolitico.com.ar\/wordpress\/wp-json\/wp\/v2\/types\/post"}],"author":[{"embeddable":true,"href":"https:\/\/www.elpolitologoyelpolitico.com.ar\/wordpress\/wp-json\/wp\/v2\/users\/4"}],"replies":[{"embeddable":true,"href":"https:\/\/www.elpolitologoyelpolitico.com.ar\/wordpress\/wp-json\/wp\/v2\/comments?post=16333"}],"version-history":[{"count":0,"href":"https:\/\/www.elpolitologoyelpolitico.com.ar\/wordpress\/wp-json\/wp\/v2\/posts\/16333\/revisions"}],"wp:featuredmedia":[{"embeddable":true,"href":"https:\/\/www.elpolitologoyelpolitico.com.ar\/wordpress\/wp-json\/wp\/v2\/media\/16334"}],"wp:attachment":[{"href":"https:\/\/www.elpolitologoyelpolitico.com.ar\/wordpress\/wp-json\/wp\/v2\/media?parent=16333"}],"wp:term":[{"taxonomy":"category","embeddable":true,"href":"https:\/\/www.elpolitologoyelpolitico.com.ar\/wordpress\/wp-json\/wp\/v2\/categories?post=16333"},{"taxonomy":"post_tag","embeddable":true,"href":"https:\/\/www.elpolitologoyelpolitico.com.ar\/wordpress\/wp-json\/wp\/v2\/tags?post=16333"}],"curies":[{"name":"wp","href":"https:\/\/api.w.org\/{rel}","templated":true}]}}