{"id":16300,"date":"2022-02-16T17:59:01","date_gmt":"2022-02-16T17:59:01","guid":{"rendered":"https:\/\/www.elpolitologoyelpolitico.com.ar\/wordpress\/?p=16300"},"modified":"2022-02-16T18:01:03","modified_gmt":"2022-02-16T18:01:03","slug":"el-intendente-zara-se-reunio-con-el-gobernador-axel-kicillof-y-sus-ministros-en-tandil-y-realizo-diversas-gestiones-para-el-distrito","status":"publish","type":"post","link":"https:\/\/www.elpolitologoyelpolitico.com.ar\/wordpress\/2022\/02\/16\/el-intendente-zara-se-reunio-con-el-gobernador-axel-kicillof-y-sus-ministros-en-tandil-y-realizo-diversas-gestiones-para-el-distrito\/","title":{"rendered":"El Intendente Zara se reuni\u00f3 con el gobernador, Axel Kicillof y sus ministros en Tandil y realiz\u00f3 diversas gestiones para el Distrito\u00a0"},"content":{"rendered":"\t\t<div data-elementor-type=\"wp-post\" data-elementor-id=\"16300\" class=\"elementor elementor-16300\">\n\t\t\t\t\t\t<section class=\"elementor-section elementor-top-section elementor-element elementor-element-564dae7 elementor-section-boxed elementor-section-height-default elementor-section-height-default\" data-id=\"564dae7\" data-element_type=\"section\" data-e-type=\"section\">\n\t\t\t\t\t\t<div class=\"elementor-container elementor-column-gap-default\">\n\t\t\t\t\t<div class=\"elementor-column elementor-col-100 elementor-top-column elementor-element elementor-element-1fb83140\" data-id=\"1fb83140\" data-element_type=\"column\" data-e-type=\"column\">\n\t\t\t<div class=\"elementor-widget-wrap elementor-element-populated\">\n\t\t\t\t\t\t<div class=\"elementor-element elementor-element-4c01d2c1 elementor-widget elementor-widget-text-editor\" data-id=\"4c01d2c1\" data-element_type=\"widget\" data-e-type=\"widget\" data-widget_type=\"text-editor.default\">\n\t\t\t\t<div class=\"elementor-widget-container\">\n\t\t\t\t\t\t\t\t\t\n<p><\/p>\n\n\n\n<p>El Intendente Municipal, Ing. Jos\u00e9 Luis Zara, particip\u00f3 este martes de un encuentro convocado por el gobernador de la provincia de Buenos Aires, Axel Kicillof, con representantes del sector tur\u00edstico, de la industria y el comercio de la regi\u00f3n.&nbsp;<\/p>\n\n\n\n<p>La reuni\u00f3n tuvo lugar en la localidad de Tandil, donde el jefe comunal concurri\u00f3 acompa\u00f1ado por la Subsecretaria de Desarrollo Territorial, Eloise Gaido, y el Director de Cultura, Vicente Paredes.&nbsp;<\/p>\n\n\n\n<p>\u201cTuvimos la oportunidad de hablar con el gobernador y con distintos ministros; entre ellos, el Ministro de Producci\u00f3n e Innovaci\u00f3n Tecnol\u00f3gica, Augusto Costa, el Ministro de Desarrollo Agrario, Javier Rodr\u00edguez, y la presidenta del Instituto Cultural, Florencia Saintout\u201d, detall\u00f3 el Intendente.&nbsp;<\/p>\n\n\n\n<p>Asimismo, indic\u00f3: \u201cAl gobernador le expuse la problem\u00e1tica del camino a Bah\u00eda San Blas y analizamos la posibilidad de reconstruirlo, despu\u00e9s de la inundaci\u00f3n de las \u00faltimas semanas y el deterioro preexistente. Como es un camino provincial, pedimos el apoyo del gobierno para poder ampliarlo, rellenar y levantar los bajos que hoy tiene\u201d.&nbsp;<\/p>\n\n\n\n<p>Adem\u00e1s, conversaron sobre distintas obras para el Distrito.&nbsp;<\/p>\n\n\n\n<p>Por otra parte, el jefe comunal dialog\u00f3 con el Ministro de Producci\u00f3n e Innovaci\u00f3n Tecnol\u00f3gica sobre la ampliaci\u00f3n y mejoras en el sector industrial planificado, de Carmen de Patagones.<\/p>\n\n\n\n<p>Del mismo modo, hizo entrega de distintos proyectos culturales, especialmente para la reapertura del museo hist\u00f3rico \u00abEmma Nozzi\u201d, a la presidenta del Instituto Cultural bonaerense.&nbsp;<\/p>\n\n\n\n<p>Con referentes de la cartera provincial de Turismo, el Intendente habl\u00f3 sobre diversas acciones a realizar en conjunto, para fomentar el turismo en el Partido de Patagones.&nbsp;<\/p>\n\n\n\n<p>Finalmente, Zara dialog\u00f3 con el Ministro de Desarrollo Agrario de la Provincia sobre la recientemente aprobada Ley de Emergencia, a nivel provincial, y en ese sentido asegur\u00f3 que \u201cestamos esperando la homologaci\u00f3n a nivel nacional\u201d.&nbsp;<\/p>\n\n\n\n<p>\u201cHablamos sobre la situaci\u00f3n del Partido de Patagones, ya que pasamos de una sequ\u00eda extrema a una inundaci\u00f3n y, adem\u00e1s, planteamos todas las inquietudes que estamos teniendo desde el sector productivo\u201d, precis\u00f3 el mandatario.&nbsp;<\/p>\n\n\n\n<p>Finalmente, el Intendente convers\u00f3 con el Jefe de Asesores del gobierno provincial, Carlos Bianco: \u201cle solicit\u00e9 que realice gestiones ante la Direcci\u00f3n de Energ\u00eda, para potenciar el sistema el\u00e9ctrico en el casco hist\u00f3rico de la ciudad, adem\u00e1s de temas ambientales y sobre la producci\u00f3n de ostras\u201d.<\/p>\n\n\n\n<figure class=\"wp-block-gallery has-nested-images columns-default is-cropped wp-block-gallery-2 is-layout-flex wp-block-gallery-is-layout-flex\">\n<figure class=\"wp-block-image size-large\"><img fetchpriority=\"high\" decoding=\"async\" width=\"461\" height=\"1024\" data-id=\"16302\" src=\"https:\/\/www.elpolitologoyelpolitico.com.ar\/wp-content\/uploads\/2022\/02\/IMG-20220216-WA0012-461x1024.jpg\" alt=\"\" class=\"wp-image-16302\" srcset=\"https:\/\/www.elpolitologoyelpolitico.com.ar\/wp-content\/uploads\/2022\/02\/IMG-20220216-WA0012-461x1024.jpg 461w, https:\/\/www.elpolitologoyelpolitico.com.ar\/wp-content\/uploads\/2022\/02\/IMG-20220216-WA0012-135x300.jpg 135w, https:\/\/www.elpolitologoyelpolitico.com.ar\/wp-content\/uploads\/2022\/02\/IMG-20220216-WA0012-692x1536.jpg 692w, https:\/\/www.elpolitologoyelpolitico.com.ar\/wp-content\/uploads\/2022\/02\/IMG-20220216-WA0012.jpg 720w\" sizes=\"(max-width: 461px) 100vw, 461px\" \/><\/figure>\n\n\n\n<figure class=\"wp-block-image size-large\"><img decoding=\"async\" width=\"461\" height=\"1024\" data-id=\"16303\" src=\"https:\/\/www.elpolitologoyelpolitico.com.ar\/wp-content\/uploads\/2022\/02\/IMG-20220216-WA0013-461x1024.jpg\" alt=\"\" class=\"wp-image-16303\" srcset=\"https:\/\/www.elpolitologoyelpolitico.com.ar\/wp-content\/uploads\/2022\/02\/IMG-20220216-WA0013-461x1024.jpg 461w, https:\/\/www.elpolitologoyelpolitico.com.ar\/wp-content\/uploads\/2022\/02\/IMG-20220216-WA0013-135x300.jpg 135w, https:\/\/www.elpolitologoyelpolitico.com.ar\/wp-content\/uploads\/2022\/02\/IMG-20220216-WA0013-692x1536.jpg 692w, https:\/\/www.elpolitologoyelpolitico.com.ar\/wp-content\/uploads\/2022\/02\/IMG-20220216-WA0013.jpg 720w\" sizes=\"(max-width: 461px) 100vw, 461px\" \/><\/figure>\n\n\n\n<figure class=\"wp-block-image size-large\"><img decoding=\"async\" width=\"720\" height=\"324\" data-id=\"16306\" src=\"https:\/\/www.elpolitologoyelpolitico.com.ar\/wp-content\/uploads\/2022\/02\/IMG-20220216-WA0014.jpg\" alt=\"\" class=\"wp-image-16306\" srcset=\"https:\/\/www.elpolitologoyelpolitico.com.ar\/wp-content\/uploads\/2022\/02\/IMG-20220216-WA0014.jpg 720w, https:\/\/www.elpolitologoyelpolitico.com.ar\/wp-content\/uploads\/2022\/02\/IMG-20220216-WA0014-300x135.jpg 300w\" sizes=\"(max-width: 720px) 100vw, 720px\" \/><\/figure>\n\n\n\n<figure class=\"wp-block-image size-large\"><img loading=\"lazy\" decoding=\"async\" width=\"720\" height=\"324\" data-id=\"16304\" src=\"https:\/\/www.elpolitologoyelpolitico.com.ar\/wp-content\/uploads\/2022\/02\/IMG-20220216-WA0010.jpg\" alt=\"\" class=\"wp-image-16304\" srcset=\"https:\/\/www.elpolitologoyelpolitico.com.ar\/wp-content\/uploads\/2022\/02\/IMG-20220216-WA0010.jpg 720w, https:\/\/www.elpolitologoyelpolitico.com.ar\/wp-content\/uploads\/2022\/02\/IMG-20220216-WA0010-300x135.jpg 300w\" sizes=\"(max-width: 720px) 100vw, 720px\" \/><\/figure>\n\n\n\n<figure class=\"wp-block-image size-large\"><img loading=\"lazy\" decoding=\"async\" width=\"461\" height=\"1024\" data-id=\"16305\" src=\"https:\/\/www.elpolitologoyelpolitico.com.ar\/wp-content\/uploads\/2022\/02\/IMG-20220216-WA0015-461x1024.jpg\" alt=\"\" class=\"wp-image-16305\" srcset=\"https:\/\/www.elpolitologoyelpolitico.com.ar\/wp-content\/uploads\/2022\/02\/IMG-20220216-WA0015-461x1024.jpg 461w, https:\/\/www.elpolitologoyelpolitico.com.ar\/wp-content\/uploads\/2022\/02\/IMG-20220216-WA0015-135x300.jpg 135w, https:\/\/www.elpolitologoyelpolitico.com.ar\/wp-content\/uploads\/2022\/02\/IMG-20220216-WA0015-692x1536.jpg 692w, https:\/\/www.elpolitologoyelpolitico.com.ar\/wp-content\/uploads\/2022\/02\/IMG-20220216-WA0015.jpg 720w\" sizes=\"(max-width: 461px) 100vw, 461px\" \/><\/figure>\n<\/figure>\n\t\t\t\t\t\t\t\t<\/div>\n\t\t\t\t<\/div>\n\t\t\t\t\t<\/div>\n\t\t<\/div>\n\t\t\t\t\t<\/div>\n\t\t<\/section>\n\t\t\t\t<\/div>\n\t\t<div class=\"fb-background-color\">\n\t\t\t  <div \n\t\t\t  \tclass = \"fb-comments\" \n\t\t\t  \tdata-href = \"https:\/\/www.elpolitologoyelpolitico.com.ar\/wordpress\/2022\/02\/16\/el-intendente-zara-se-reunio-con-el-gobernador-axel-kicillof-y-sus-ministros-en-tandil-y-realizo-diversas-gestiones-para-el-distrito\/\"\n\t\t\t  \tdata-numposts = \"10\"\n\t\t\t  \tdata-lazy = \"true\"\n\t\t\t\tdata-colorscheme = \"light\"\n\t\t\t\tdata-order-by = \"social\"\n\t\t\t\tdata-mobile=true>\n\t\t\t  <\/div><\/div>\n\t\t  <style>\n\t\t    .fb-background-color {\n\t\t\t\tbackground: #ffffff !important;\n\t\t\t}\n\t\t\t.fb_iframe_widget_fluid_desktop iframe {\n\t\t\t    width: 100% !important;\n\t\t\t}\n\t\t  <\/style>\n\t\t  ","protected":false},"excerpt":{"rendered":"<p>El Intendente Municipal, Ing. Jos\u00e9 Luis Zara, particip\u00f3 este martes de un encuentro convocado por el gobernador de la provincia de Buenos Aires, Axel Kicillof, con representantes del sector tur\u00edstico, de la industria y el comercio de la regi\u00f3n.&nbsp; La reuni\u00f3n tuvo lugar en la localidad de Tandil, donde el jefe comunal concurri\u00f3 acompa\u00f1ado por [&hellip;]<\/p>\n","protected":false},"author":4,"featured_media":16301,"comment_status":"closed","ping_status":"closed","sticky":false,"template":"","format":"standard","meta":{"_joinchat":[],"footnotes":""},"categories":[39],"tags":[],"class_list":["post-16300","post","type-post","status-publish","format-standard","has-post-thumbnail","hentry","category-en-esta-seccion"],"_links":{"self":[{"href":"https:\/\/www.elpolitologoyelpolitico.com.ar\/wordpress\/wp-json\/wp\/v2\/posts\/16300","targetHints":{"allow":["GET"]}}],"collection":[{"href":"https:\/\/www.elpolitologoyelpolitico.com.ar\/wordpress\/wp-json\/wp\/v2\/posts"}],"about":[{"href":"https:\/\/www.elpolitologoyelpolitico.com.ar\/wordpress\/wp-json\/wp\/v2\/types\/post"}],"author":[{"embeddable":true,"href":"https:\/\/www.elpolitologoyelpolitico.com.ar\/wordpress\/wp-json\/wp\/v2\/users\/4"}],"replies":[{"embeddable":true,"href":"https:\/\/www.elpolitologoyelpolitico.com.ar\/wordpress\/wp-json\/wp\/v2\/comments?post=16300"}],"version-history":[{"count":0,"href":"https:\/\/www.elpolitologoyelpolitico.com.ar\/wordpress\/wp-json\/wp\/v2\/posts\/16300\/revisions"}],"wp:featuredmedia":[{"embeddable":true,"href":"https:\/\/www.elpolitologoyelpolitico.com.ar\/wordpress\/wp-json\/wp\/v2\/media\/16301"}],"wp:attachment":[{"href":"https:\/\/www.elpolitologoyelpolitico.com.ar\/wordpress\/wp-json\/wp\/v2\/media?parent=16300"}],"wp:term":[{"taxonomy":"category","embeddable":true,"href":"https:\/\/www.elpolitologoyelpolitico.com.ar\/wordpress\/wp-json\/wp\/v2\/categories?post=16300"},{"taxonomy":"post_tag","embeddable":true,"href":"https:\/\/www.elpolitologoyelpolitico.com.ar\/wordpress\/wp-json\/wp\/v2\/tags?post=16300"}],"curies":[{"name":"wp","href":"https:\/\/api.w.org\/{rel}","templated":true}]}}