{"id":16292,"date":"2022-02-16T16:25:54","date_gmt":"2022-02-16T16:25:54","guid":{"rendered":"https:\/\/www.elpolitologoyelpolitico.com.ar\/wordpress\/?p=16292"},"modified":"2022-02-16T16:28:52","modified_gmt":"2022-02-16T16:28:52","slug":"16292","status":"publish","type":"post","link":"https:\/\/www.elpolitologoyelpolitico.com.ar\/wordpress\/2022\/02\/16\/16292\/","title":{"rendered":"El Centro de Estudiantes del CURZA se reuni\u00f3 con las autoridades por la \u201cVuelta a la Presencialidad\u201d"},"content":{"rendered":"\n<pre><\/pre>\n\n\n\n<p>En la reuni\u00f3n estuvo presente el Presidente del CEUZA Mat\u00edas Fern\u00e1ndez y la Secretaria General Moira Quintero. Por parte de las autoridades del CURZA estuvieron la Vicedecana Gabriela Aschkar y la Secretaria Acad\u00e9mica Viviana Bolletta.<\/p>\n\n\n\n<p><strong><em>A continuaci\u00f3n el comunicado del Centro de Estudiantes;<\/em><\/strong><\/p>\n\n\n\n<p>Desde el CEUZA queremos comunicar que el d\u00eda de ayer, lunes 14 de febrero de 2022, el presidente del Centro Mat\u00edas Fern\u00e1ndez y la Secretaria General Moira Quintero, fueron convocados a una reuni\u00f3n con la Secretaria Acad\u00e9mica Viviana Bolletta y la Vicedecana Gabriela Aschkar, por el tema de la \u201cVUELTA A LA PRESENCALIDAD.\u201d No se encontraba el decano.&nbsp;<\/p>\n\n\n\n<p>En este sentido, nos comunicaron que la Secretaria Acad\u00e9mica estuvo reunida con el Comit\u00e9 acad\u00e9mico, con gremios docentes y no docentes. Asimismo, nos comunic\u00f3 que el rector se reunir\u00e1 con el CIN (Consejo Interuniversitario Nacional) y autoridades nacional, para resolver la vuelta a la presencialidad plena a las universidades nacionales.&nbsp;<\/p>\n\n\n\n<p>Por otra parte, el d\u00eda JUEVES 17 de FEBRERO se reunir\u00e1 el CONSEJO DIRECTIVO DEL CURZA para tratar y tomar una postura a la VUELTA A LA PRESENCIALIDAD, y posterior a la reuni\u00f3n las autoridades se comprometieron a brindar un comunicado. ES NECESARIO QUE LOS CONSEJEROS Y CONSEJERAS DIRECTIVOS ELECTOS DE ESTUDIANTES ESTEN PRESENTES EN LA REUNION.&nbsp;<\/p>\n\n\n\n<p>A su vez, las autoridades se comprometieron con el CEUZA a implementar distintas estrategias para que NADIE QUEDE AFUERA, pero que a lo largo de los meses es necesario que los y las estudiantes regresen a la ciudad.&nbsp;<\/p>\n\n\n\n<p>Con respecto a los EXAMENES FINALES, se nos comunico que el LLAMADO de FEBRERO es VIRTUAL, aunque es necesario que lo ACLAREN OFICIALMENTE.&nbsp;<\/p>\n\n\n\n<p>Al respecto, el CEUZA considera que:&nbsp;<\/p>\n\n\n\n<p>El margen y los tiempos requeridos por las distintas autoridades en un momento excepcional, se extendieron demasiado en el tiempo y anunciar una vuelta a la presencialidad en FEBERERO de 2022 perjudica gravemente la econom\u00eda de las familias y los y las estudiantes que deben volver a VIEDMA para continuar sus estudios.&nbsp; Desde el CEUZA expresamos nuestra preocupaci\u00f3n por los tiempos en los que se informa a nuestro claustro las decisiones que se toman, ya que conseguir alquiler, concretar una mudanza y pagar costos de viajes se constituye en un GASTO imposible para las familias de muchos estudiantes. Esta situaci\u00f3n empeora si el\/la estudiantes es independiente.&nbsp;<\/p>\n\n\n\n<p>Asimismo, vemos con enorme PREOCUPACION que ante esta situaci\u00f3n en la que muchos\/as estudiantes vuelven a VIEDMA parece que alimenta un aumento en muchas ocasiones de los PRECIOS DE LOS ALQUILERES, superando ampliamente la capacidad de pago que tienen los estudiantes, y muchos trabajadores que ven que gran parte de sus ingresos se van en alquilar una vivienda.&nbsp;<\/p>\n\n\n\n<p>Nos preocupa la situaci\u00f3n edilicia del CURZA, la cual la FALTA de inversiones correspondientes en NUEVAS AULAS, REPARACIONES y MEJORAMIENTOS, complejiza garantizar el DISTANCIAMIENTO MINIMO NECESARIO ante esta situaci\u00f3n SANITARIA.&nbsp;<\/p>\n\n\n\n<p>Otro punto importante, es la falta de 2 residencias desde septiembre de 2020, a la cual reclamamos en la reuni\u00f3n y se nos dijo que posiblemente se alquilaran viviendas para cubrir estas demandas.&nbsp;<\/p>\n\n\n\n<p>Moira Quintero &#8211; Secretaria General CEUZA&nbsp;<\/p>\n\n\n\n<p>SOMOS CURZA &#8211; Conducci\u00f3n CEUZA<\/p>\n<div class=\"fb-background-color\">\n\t\t\t  <div \n\t\t\t  \tclass = \"fb-comments\" \n\t\t\t  \tdata-href = \"https:\/\/www.elpolitologoyelpolitico.com.ar\/wordpress\/2022\/02\/16\/16292\/\"\n\t\t\t  \tdata-numposts = \"10\"\n\t\t\t  \tdata-lazy = \"true\"\n\t\t\t\tdata-colorscheme = \"light\"\n\t\t\t\tdata-order-by = \"social\"\n\t\t\t\tdata-mobile=true>\n\t\t\t  <\/div><\/div>\n\t\t  <style>\n\t\t    .fb-background-color {\n\t\t\t\tbackground: #ffffff !important;\n\t\t\t}\n\t\t\t.fb_iframe_widget_fluid_desktop iframe {\n\t\t\t    width: 100% !important;\n\t\t\t}\n\t\t  <\/style>\n\t\t  ","protected":false},"excerpt":{"rendered":"<p>En la reuni\u00f3n estuvo presente el Presidente del CEUZA Mat\u00edas Fern\u00e1ndez y la Secretaria General Moira Quintero. Por parte de las autoridades del CURZA estuvieron la Vicedecana Gabriela Aschkar y la Secretaria Acad\u00e9mica Viviana Bolletta. A continuaci\u00f3n el comunicado del Centro de Estudiantes; Desde el CEUZA queremos comunicar que el d\u00eda de ayer, lunes 14 [&hellip;]<\/p>\n","protected":false},"author":4,"featured_media":16293,"comment_status":"closed","ping_status":"closed","sticky":false,"template":"","format":"standard","meta":{"_joinchat":[],"footnotes":""},"categories":[39],"tags":[],"class_list":["post-16292","post","type-post","status-publish","format-standard","has-post-thumbnail","hentry","category-en-esta-seccion"],"_links":{"self":[{"href":"https:\/\/www.elpolitologoyelpolitico.com.ar\/wordpress\/wp-json\/wp\/v2\/posts\/16292","targetHints":{"allow":["GET"]}}],"collection":[{"href":"https:\/\/www.elpolitologoyelpolitico.com.ar\/wordpress\/wp-json\/wp\/v2\/posts"}],"about":[{"href":"https:\/\/www.elpolitologoyelpolitico.com.ar\/wordpress\/wp-json\/wp\/v2\/types\/post"}],"author":[{"embeddable":true,"href":"https:\/\/www.elpolitologoyelpolitico.com.ar\/wordpress\/wp-json\/wp\/v2\/users\/4"}],"replies":[{"embeddable":true,"href":"https:\/\/www.elpolitologoyelpolitico.com.ar\/wordpress\/wp-json\/wp\/v2\/comments?post=16292"}],"version-history":[{"count":0,"href":"https:\/\/www.elpolitologoyelpolitico.com.ar\/wordpress\/wp-json\/wp\/v2\/posts\/16292\/revisions"}],"wp:featuredmedia":[{"embeddable":true,"href":"https:\/\/www.elpolitologoyelpolitico.com.ar\/wordpress\/wp-json\/wp\/v2\/media\/16293"}],"wp:attachment":[{"href":"https:\/\/www.elpolitologoyelpolitico.com.ar\/wordpress\/wp-json\/wp\/v2\/media?parent=16292"}],"wp:term":[{"taxonomy":"category","embeddable":true,"href":"https:\/\/www.elpolitologoyelpolitico.com.ar\/wordpress\/wp-json\/wp\/v2\/categories?post=16292"},{"taxonomy":"post_tag","embeddable":true,"href":"https:\/\/www.elpolitologoyelpolitico.com.ar\/wordpress\/wp-json\/wp\/v2\/tags?post=16292"}],"curies":[{"name":"wp","href":"https:\/\/api.w.org\/{rel}","templated":true}]}}