{"id":16285,"date":"2022-02-16T02:36:52","date_gmt":"2022-02-16T02:36:52","guid":{"rendered":"https:\/\/www.elpolitologoyelpolitico.com.ar\/wordpress\/?p=16285"},"modified":"2022-02-16T02:41:37","modified_gmt":"2022-02-16T02:41:37","slug":"16285","status":"publish","type":"post","link":"https:\/\/www.elpolitologoyelpolitico.com.ar\/wordpress\/2022\/02\/16\/16285\/","title":{"rendered":"EL FRENTE DE TODOS,\u00a0 SE REUNI\u00d3, CON LA AUTORIDAD MAXIMA DE\u00a0 VIALIDAD PROVINCIAL."},"content":{"rendered":"\n<p><\/p>\n\n\n\n<p>El Interbloque del Frente de Todos se reuni\u00f3 con Hern\u00e1n Yzurieta, Administrador General de la Direcci\u00f3n de Vialidad de la Provincia de Buenos Aires, para informar la situaci\u00f3n de la ruta de acceso a Bah\u00eda San Blas y tomar conocimiento sobre gestiones del municipio ante Vialidad, luego de las lluvias de enero.&nbsp;<\/p>\n\n\n\n<p>No hubo gestiones formales para obtener los recursos que la provincia tiene para solucionar el problema. El bloque elev\u00f3 el pedido y Vialidad se comprometi\u00f3 a financiar obras para mejorar el camino.<\/p>\n\n\n\n<p>Se dialog\u00f3 tambi\u00e9n sobre el Proyecto de Resoluci\u00f3n del Bloque Juntos respecto a pavimentar la ruta que une a Bah\u00eda San Blas con la Ruta Nacional 3. Se destaca que no hubo pedidos formales ni presentaci\u00f3n de proyectos o anteproyectos a Vialidad Provincial por parte del ejecutivo municipal durante los seis a\u00f1os de su gobierno, que incluyen por supuesto los 4 a\u00f1os de Mar\u00eda Eugenia Vidal al frente del ejecutivo provincial.<\/p>\n<div class=\"fb-background-color\">\n\t\t\t  <div \n\t\t\t  \tclass = \"fb-comments\" \n\t\t\t  \tdata-href = \"https:\/\/www.elpolitologoyelpolitico.com.ar\/wordpress\/2022\/02\/16\/16285\/\"\n\t\t\t  \tdata-numposts = \"10\"\n\t\t\t  \tdata-lazy = \"true\"\n\t\t\t\tdata-colorscheme = \"light\"\n\t\t\t\tdata-order-by = \"social\"\n\t\t\t\tdata-mobile=true>\n\t\t\t  <\/div><\/div>\n\t\t  <style>\n\t\t    .fb-background-color {\n\t\t\t\tbackground: #ffffff !important;\n\t\t\t}\n\t\t\t.fb_iframe_widget_fluid_desktop iframe {\n\t\t\t    width: 100% !important;\n\t\t\t}\n\t\t  <\/style>\n\t\t  ","protected":false},"excerpt":{"rendered":"<p>El Interbloque del Frente de Todos se reuni\u00f3 con Hern\u00e1n Yzurieta, Administrador General de la Direcci\u00f3n de Vialidad de la Provincia de Buenos Aires, para informar la situaci\u00f3n de la ruta de acceso a Bah\u00eda San Blas y tomar conocimiento sobre gestiones del municipio ante Vialidad, luego de las lluvias de enero.&nbsp; No hubo gestiones [&hellip;]<\/p>\n","protected":false},"author":4,"featured_media":16286,"comment_status":"closed","ping_status":"closed","sticky":false,"template":"","format":"standard","meta":{"_joinchat":[],"footnotes":""},"categories":[39],"tags":[],"class_list":["post-16285","post","type-post","status-publish","format-standard","has-post-thumbnail","hentry","category-en-esta-seccion"],"_links":{"self":[{"href":"https:\/\/www.elpolitologoyelpolitico.com.ar\/wordpress\/wp-json\/wp\/v2\/posts\/16285","targetHints":{"allow":["GET"]}}],"collection":[{"href":"https:\/\/www.elpolitologoyelpolitico.com.ar\/wordpress\/wp-json\/wp\/v2\/posts"}],"about":[{"href":"https:\/\/www.elpolitologoyelpolitico.com.ar\/wordpress\/wp-json\/wp\/v2\/types\/post"}],"author":[{"embeddable":true,"href":"https:\/\/www.elpolitologoyelpolitico.com.ar\/wordpress\/wp-json\/wp\/v2\/users\/4"}],"replies":[{"embeddable":true,"href":"https:\/\/www.elpolitologoyelpolitico.com.ar\/wordpress\/wp-json\/wp\/v2\/comments?post=16285"}],"version-history":[{"count":0,"href":"https:\/\/www.elpolitologoyelpolitico.com.ar\/wordpress\/wp-json\/wp\/v2\/posts\/16285\/revisions"}],"wp:featuredmedia":[{"embeddable":true,"href":"https:\/\/www.elpolitologoyelpolitico.com.ar\/wordpress\/wp-json\/wp\/v2\/media\/16286"}],"wp:attachment":[{"href":"https:\/\/www.elpolitologoyelpolitico.com.ar\/wordpress\/wp-json\/wp\/v2\/media?parent=16285"}],"wp:term":[{"taxonomy":"category","embeddable":true,"href":"https:\/\/www.elpolitologoyelpolitico.com.ar\/wordpress\/wp-json\/wp\/v2\/categories?post=16285"},{"taxonomy":"post_tag","embeddable":true,"href":"https:\/\/www.elpolitologoyelpolitico.com.ar\/wordpress\/wp-json\/wp\/v2\/tags?post=16285"}],"curies":[{"name":"wp","href":"https:\/\/api.w.org\/{rel}","templated":true}]}}