{"id":16271,"date":"2022-02-16T01:54:49","date_gmt":"2022-02-16T01:54:49","guid":{"rendered":"https:\/\/www.elpolitologoyelpolitico.com.ar\/wordpress\/?p=16271"},"modified":"2022-02-16T02:25:33","modified_gmt":"2022-02-16T02:25:33","slug":"patagones-manana-sesiona-el-honorable-concejo-deliberante","status":"publish","type":"post","link":"https:\/\/www.elpolitologoyelpolitico.com.ar\/wordpress\/2022\/02\/16\/patagones-manana-sesiona-el-honorable-concejo-deliberante\/","title":{"rendered":"PATAGONES: Ma\u00f1ana sesiona el Honorable Concejo Deliberante\u00a0"},"content":{"rendered":"\n<p>Es la primera Sesi\u00f3n Extraordinaria del periodo 2022. El encuentro (de manera presencial) ser\u00e1 en el Recinto del Concejo Deliberante a partir de las 9hs.&nbsp;<\/p>\n\n\n\n<p>La misma se desarrollar\u00e1 con el aforo permitido y se podr\u00e1 seguir por el Streaming desde la pagina del HCD <a href=\"https:\/\/web.hcdpatagones.gob.ar\">https:\/\/web.hcdpatagones.gob.ar<\/a><\/p>\n\n\n\n<p><strong><em>Este es el orden del d\u00eda para la sesi\u00f3n de ma\u00f1ana;&nbsp;<\/em><\/strong><\/p>\n\n\n\n<figure class=\"wp-block-gallery has-nested-images columns-default is-cropped wp-block-gallery-1 is-layout-flex wp-block-gallery-is-layout-flex\">\n<figure class=\"wp-block-image size-large\"><img fetchpriority=\"high\" decoding=\"async\" width=\"613\" height=\"1024\" data-id=\"16281\" src=\"https:\/\/www.elpolitologoyelpolitico.com.ar\/wp-content\/uploads\/2022\/02\/Screenshot_20220215-232018-613x1024.png\" alt=\"\" class=\"wp-image-16281\" srcset=\"https:\/\/www.elpolitologoyelpolitico.com.ar\/wp-content\/uploads\/2022\/02\/Screenshot_20220215-232018-613x1024.png 613w, https:\/\/www.elpolitologoyelpolitico.com.ar\/wp-content\/uploads\/2022\/02\/Screenshot_20220215-232018-180x300.png 180w, https:\/\/www.elpolitologoyelpolitico.com.ar\/wp-content\/uploads\/2022\/02\/Screenshot_20220215-232018.png 694w\" sizes=\"(max-width: 613px) 100vw, 613px\" \/><\/figure>\n<\/figure>\n\n\n\n<figure class=\"wp-block-gallery has-nested-images columns-default is-cropped wp-block-gallery-2 is-layout-flex wp-block-gallery-is-layout-flex\">\n<figure class=\"wp-block-image size-large\"><img decoding=\"async\" width=\"716\" height=\"551\" data-id=\"16283\" src=\"https:\/\/www.elpolitologoyelpolitico.com.ar\/wp-content\/uploads\/2022\/02\/Screenshot_20220215-232039-1.png\" alt=\"\" class=\"wp-image-16283\" srcset=\"https:\/\/www.elpolitologoyelpolitico.com.ar\/wp-content\/uploads\/2022\/02\/Screenshot_20220215-232039-1.png 716w, https:\/\/www.elpolitologoyelpolitico.com.ar\/wp-content\/uploads\/2022\/02\/Screenshot_20220215-232039-1-300x231.png 300w\" sizes=\"(max-width: 716px) 100vw, 716px\" \/><\/figure>\n<\/figure>\n<div class=\"fb-background-color\">\n\t\t\t  <div \n\t\t\t  \tclass = \"fb-comments\" \n\t\t\t  \tdata-href = \"https:\/\/www.elpolitologoyelpolitico.com.ar\/wordpress\/2022\/02\/16\/patagones-manana-sesiona-el-honorable-concejo-deliberante\/\"\n\t\t\t  \tdata-numposts = \"10\"\n\t\t\t  \tdata-lazy = \"true\"\n\t\t\t\tdata-colorscheme = \"light\"\n\t\t\t\tdata-order-by = \"social\"\n\t\t\t\tdata-mobile=true>\n\t\t\t  <\/div><\/div>\n\t\t  <style>\n\t\t    .fb-background-color {\n\t\t\t\tbackground: #ffffff !important;\n\t\t\t}\n\t\t\t.fb_iframe_widget_fluid_desktop iframe {\n\t\t\t    width: 100% !important;\n\t\t\t}\n\t\t  <\/style>\n\t\t  ","protected":false},"excerpt":{"rendered":"<p>Es la primera Sesi\u00f3n Extraordinaria del periodo 2022. El encuentro (de manera presencial) ser\u00e1 en el Recinto del Concejo Deliberante a partir de las 9hs.&nbsp; La misma se desarrollar\u00e1 con el aforo permitido y se podr\u00e1 seguir por el Streaming desde la pagina del HCD https:\/\/web.hcdpatagones.gob.ar Este es el orden del d\u00eda para la sesi\u00f3n [&hellip;]<\/p>\n","protected":false},"author":4,"featured_media":16274,"comment_status":"closed","ping_status":"closed","sticky":false,"template":"","format":"standard","meta":{"_joinchat":[],"footnotes":""},"categories":[39],"tags":[],"class_list":["post-16271","post","type-post","status-publish","format-standard","has-post-thumbnail","hentry","category-en-esta-seccion"],"_links":{"self":[{"href":"https:\/\/www.elpolitologoyelpolitico.com.ar\/wordpress\/wp-json\/wp\/v2\/posts\/16271","targetHints":{"allow":["GET"]}}],"collection":[{"href":"https:\/\/www.elpolitologoyelpolitico.com.ar\/wordpress\/wp-json\/wp\/v2\/posts"}],"about":[{"href":"https:\/\/www.elpolitologoyelpolitico.com.ar\/wordpress\/wp-json\/wp\/v2\/types\/post"}],"author":[{"embeddable":true,"href":"https:\/\/www.elpolitologoyelpolitico.com.ar\/wordpress\/wp-json\/wp\/v2\/users\/4"}],"replies":[{"embeddable":true,"href":"https:\/\/www.elpolitologoyelpolitico.com.ar\/wordpress\/wp-json\/wp\/v2\/comments?post=16271"}],"version-history":[{"count":0,"href":"https:\/\/www.elpolitologoyelpolitico.com.ar\/wordpress\/wp-json\/wp\/v2\/posts\/16271\/revisions"}],"wp:featuredmedia":[{"embeddable":true,"href":"https:\/\/www.elpolitologoyelpolitico.com.ar\/wordpress\/wp-json\/wp\/v2\/media\/16274"}],"wp:attachment":[{"href":"https:\/\/www.elpolitologoyelpolitico.com.ar\/wordpress\/wp-json\/wp\/v2\/media?parent=16271"}],"wp:term":[{"taxonomy":"category","embeddable":true,"href":"https:\/\/www.elpolitologoyelpolitico.com.ar\/wordpress\/wp-json\/wp\/v2\/categories?post=16271"},{"taxonomy":"post_tag","embeddable":true,"href":"https:\/\/www.elpolitologoyelpolitico.com.ar\/wordpress\/wp-json\/wp\/v2\/tags?post=16271"}],"curies":[{"name":"wp","href":"https:\/\/api.w.org\/{rel}","templated":true}]}}