{"id":16265,"date":"2022-02-16T00:59:57","date_gmt":"2022-02-16T00:59:57","guid":{"rendered":"https:\/\/www.elpolitologoyelpolitico.com.ar\/wordpress\/?p=16265"},"modified":"2022-02-16T01:00:37","modified_gmt":"2022-02-16T01:00:37","slug":"pj-rio-negro-la-unidad-basica-17-de-noviembre-solicita-la-suspension-de-las-elecciones-internas","status":"publish","type":"post","link":"https:\/\/www.elpolitologoyelpolitico.com.ar\/wordpress\/2022\/02\/16\/pj-rio-negro-la-unidad-basica-17-de-noviembre-solicita-la-suspension-de-las-elecciones-internas\/","title":{"rendered":"PJ R\u00cdO NEGRO: La Unidad B\u00e1sica 17 de Noviembre solicita la suspensi\u00f3n de las elecciones internas"},"content":{"rendered":"\t\t<div data-elementor-type=\"wp-post\" data-elementor-id=\"16265\" class=\"elementor elementor-16265\">\n\t\t\t\t\t\t<section class=\"elementor-section elementor-top-section elementor-element elementor-element-4b619d2c elementor-section-boxed elementor-section-height-default elementor-section-height-default\" data-id=\"4b619d2c\" data-element_type=\"section\" data-e-type=\"section\">\n\t\t\t\t\t\t<div class=\"elementor-container elementor-column-gap-default\">\n\t\t\t\t\t<div class=\"elementor-column elementor-col-100 elementor-top-column elementor-element elementor-element-ab624d5\" data-id=\"ab624d5\" data-element_type=\"column\" data-e-type=\"column\">\n\t\t\t<div class=\"elementor-widget-wrap elementor-element-populated\">\n\t\t\t\t\t\t<div class=\"elementor-element elementor-element-2f2a6a94 elementor-widget elementor-widget-text-editor\" data-id=\"2f2a6a94\" data-element_type=\"widget\" data-e-type=\"widget\" data-widget_type=\"text-editor.default\">\n\t\t\t\t<div class=\"elementor-widget-container\">\n\t\t\t\t\t\t\t\t\t\n<p><\/p>\n\n\n\n<p>A trav\u00e9s de una carta enviada a la Presidenta del Partido Justicialista de R\u00edo Negro Alejandra Mas, referentes de la agrupaci\u00f3n 17 de Noviembre piden suspender la elecci\u00f3n para el mes de marzo en las distintas unidades basicas.<\/p>\n\n\n\n<p><strong><em>A continuaci\u00f3n la carta enviada a la Presidenta del PJ de R\u00edo Negro, Alejandra Mas;<\/em><\/strong><\/p>\n\n\n\n<p>La Unidad B\u00e1sica 17 de Noviembre de Viedma se dirige a Usted, con el objeto de solicitarle la inmediata suspensi\u00f3n del proceso eleccionario convocado mediante Resoluci\u00f3n N\u00b0 1\/2022.<\/p>\n\n\n\n<p>Creemos que si se sigue adelante con dicha resoluci\u00f3n, solo se lograr\u00e1 profundizar el desmantelamiento de la estructura partidaria, sus cuadros org\u00e1nicos y la no participaci\u00f3n de los casi cincuenta mil afiliados justicialistas en nuestra provincia.<\/p>\n\n\n\n<p>En reiteradas oportunidades hemos advertido sobre las consecuencias negativas que tendr\u00edan las decisiones de la conducci\u00f3n partidaria si se continuaban cometiendo los mismos errores que nos llevaron, en primer lugar, a cerrar las Unidades B\u00e1sicas en todos los pueblos de nuestra provincia evitando la participaci\u00f3n de los afiliados y afiliadas en la vida interna de nuestro partido y en segundo t\u00e9rmino &#8211; a consecuencia del primero \u2013 perder las elecciones provinciales y posteriormente las legislativas.<\/p>\n\n\n\n<p>No nos escucharon y ah\u00ed est\u00e1n los resultados, terceros en las \u00faltimas elecciones. Pareciera que, lejos de corregir el rumbo, esta conducci\u00f3n al igual que la anterior est\u00e1 empe\u00f1ada en repetir conductas y procedimientos que nos alejan cada vez m\u00e1s de nuestros afiliados y en consecuencia de la consideraci\u00f3n de la sociedad en general.<\/p>\n\n\n\n<p>La convocatoria a elecciones de las Unidades B\u00e1sicas es una farsa.&nbsp;<\/p>\n\n\n\n<p>Y le vamos a explicar por qu\u00e9, aunque intuimos que usted lo sabe. Suponiendo que las 40 U.B. hayan logrado obtener los 125 avales exigibles para oficializarlas; suponiendo que el ciento por ciento de ellas participen de las elecciones internas; suponiendo que el ciento por ciento de los y las afiliadas de cada una de las 40 U.B. vayan a votar el pr\u00f3ximo 6 de marzo, si se dieran todas estas circunstancias se lograr\u00eda el voto de 5 mil afiliados y afiliadas en toda la provincia! Esto quiere decir que alrededor de 45 mil compa\u00f1eras y compa\u00f1eros afiliados no podr\u00e1n votar, es decir el 90%.<\/p>\n\n\n\n<p>A esto llama la conducci\u00f3n partidaria abrir la participaci\u00f3n de los y las afiliadas en la vida partidaria? A esto llaman los dirigentes a cargo de la conducci\u00f3n, democracia interna?<\/p>\n\n\n\n<p>Compa\u00f1era Presidenta, de verdad creen ustedes que esta es la manera de buscar la participaci\u00f3n de la masa peronista en la vida partidaria? Porque la otra estrategia ser\u00eda consolidar un esquema mezquino, que solo responda a las aspiraciones de unos pocos en desmedro de los intereses del conjunto.<\/p>\n\n\n\n<p>Quiz\u00e1s sea una estrategia exitosa si el objetivo es seguir teniendo una estructura peque\u00f1a, en la que alberguen solo a los mismos actores que nos llevaron al ocupar el tercer lugar en la consideraci\u00f3n de los y las rionegrinas.<\/p>\n\n\n\n<p>Evidentemente presidenta, con todo respeto, todav\u00eda no les cay\u00f3 la ficha.&nbsp;<\/p>\n\n\n\n<p>La tarea compa\u00f1era, no es armar dos espacios internos, uno Sorista y otro Do\u00f1atista, cuando todos sabemos que llegado el momento se sientan a tomar un caf\u00e9 y se repartan los cargos (partidarios e institucionales).<\/p>\n\n\n\n<p>La tarea tiene que ser noble, digna, inteligente, nuestro movimiento est\u00e1 en peligro de extinci\u00f3n y solo los afiliados y la militancia ser\u00e1n capaces de recuperar nuestros valores, nuestra capacidad movimientista, recuperar nuestra herramienta electoral y eso se logra compa\u00f1era, retomando el camino y las estrategias que Per\u00f3n y Evita nos ense\u00f1aron.<\/p>\n\n\n\n<p>Usted compa\u00f1era y quienes integran hoy el Consejo Partidario tienen la oportunidad hist\u00f3rica de cambiar la historia. Sugerimos que como paso inmediato, se suspenda el proceso eleccionario actual, en segundo t\u00e9rmino que se derogue la Carta Org\u00e1nica Partidaria, en todos aquellos art\u00edculos que limiten la participaci\u00f3n y los derechos de los afiliados<\/p>\n\n\n\n<p>Adem\u00e1s, que se vuelva al esquema de Unidades B\u00e1sicas por localidad tal cual lo establec\u00eda la anterior C.O.P.&nbsp;<\/p>\n\n\n\n<p>Estas medidas deben ser acompa\u00f1adas por la convocatoria al Congreso Partidario para validar las modificaciones propuestas.<\/p>\n\n\n\n<p>Compa\u00f1era, quedamos a la espera de su respuesta, esperanzados en que su conducci\u00f3n vea y act\u00fae en funci\u00f3n de los intereses del conjunto de los y las peronistas rionegrinas.<\/p>\n\n\n\n<p>Un abrazo peronista.-<\/p>\n\n\n\n<p>Zulma Romero DNI 11793457&nbsp;<\/p>\n\n\n\n<p>Ricardo Aguero DNI 12057054<\/p>\n\n\n\n<p>Nelly Urzainqui DNI 4860094&nbsp;<\/p>\n\n\n\n<p>Carlos Elifonzo DNI 14594390<\/p>\n\n\n\n<p>Cecilia Garc\u00eda DNI 92468982&nbsp;<\/p>\n\n\n\n<p>Margarita Namuncur\u00e1 DNI 17065770<\/p>\n\n\n\n<p>Gabriela Kunisch 40110798<\/p>\n\n\n\n<p>Gabriel Maureira DNI 34666093.<\/p>\n\t\t\t\t\t\t\t\t<\/div>\n\t\t\t\t<\/div>\n\t\t\t\t\t<\/div>\n\t\t<\/div>\n\t\t\t\t\t<\/div>\n\t\t<\/section>\n\t\t\t\t<\/div>\n\t\t<div class=\"fb-background-color\">\n\t\t\t  <div \n\t\t\t  \tclass = \"fb-comments\" \n\t\t\t  \tdata-href = \"https:\/\/www.elpolitologoyelpolitico.com.ar\/wordpress\/2022\/02\/16\/pj-rio-negro-la-unidad-basica-17-de-noviembre-solicita-la-suspension-de-las-elecciones-internas\/\"\n\t\t\t  \tdata-numposts = \"10\"\n\t\t\t  \tdata-lazy = \"true\"\n\t\t\t\tdata-colorscheme = \"light\"\n\t\t\t\tdata-order-by = \"social\"\n\t\t\t\tdata-mobile=true>\n\t\t\t  <\/div><\/div>\n\t\t  <style>\n\t\t    .fb-background-color {\n\t\t\t\tbackground: #ffffff !important;\n\t\t\t}\n\t\t\t.fb_iframe_widget_fluid_desktop iframe {\n\t\t\t    width: 100% !important;\n\t\t\t}\n\t\t  <\/style>\n\t\t  ","protected":false},"excerpt":{"rendered":"<p>A trav\u00e9s de una carta enviada a la Presidenta del Partido Justicialista de R\u00edo Negro Alejandra Mas, referentes de la agrupaci\u00f3n 17 de Noviembre piden suspender la elecci\u00f3n para el mes de marzo en las distintas unidades basicas. A continuaci\u00f3n la carta enviada a la Presidenta del PJ de R\u00edo Negro, Alejandra Mas; La Unidad [&hellip;]<\/p>\n","protected":false},"author":4,"featured_media":16266,"comment_status":"closed","ping_status":"closed","sticky":false,"template":"","format":"standard","meta":{"_joinchat":[],"footnotes":""},"categories":[5],"tags":[],"class_list":["post-16265","post","type-post","status-publish","format-standard","has-post-thumbnail","hentry","category-partidos-politicos"],"_links":{"self":[{"href":"https:\/\/www.elpolitologoyelpolitico.com.ar\/wordpress\/wp-json\/wp\/v2\/posts\/16265","targetHints":{"allow":["GET"]}}],"collection":[{"href":"https:\/\/www.elpolitologoyelpolitico.com.ar\/wordpress\/wp-json\/wp\/v2\/posts"}],"about":[{"href":"https:\/\/www.elpolitologoyelpolitico.com.ar\/wordpress\/wp-json\/wp\/v2\/types\/post"}],"author":[{"embeddable":true,"href":"https:\/\/www.elpolitologoyelpolitico.com.ar\/wordpress\/wp-json\/wp\/v2\/users\/4"}],"replies":[{"embeddable":true,"href":"https:\/\/www.elpolitologoyelpolitico.com.ar\/wordpress\/wp-json\/wp\/v2\/comments?post=16265"}],"version-history":[{"count":0,"href":"https:\/\/www.elpolitologoyelpolitico.com.ar\/wordpress\/wp-json\/wp\/v2\/posts\/16265\/revisions"}],"wp:featuredmedia":[{"embeddable":true,"href":"https:\/\/www.elpolitologoyelpolitico.com.ar\/wordpress\/wp-json\/wp\/v2\/media\/16266"}],"wp:attachment":[{"href":"https:\/\/www.elpolitologoyelpolitico.com.ar\/wordpress\/wp-json\/wp\/v2\/media?parent=16265"}],"wp:term":[{"taxonomy":"category","embeddable":true,"href":"https:\/\/www.elpolitologoyelpolitico.com.ar\/wordpress\/wp-json\/wp\/v2\/categories?post=16265"},{"taxonomy":"post_tag","embeddable":true,"href":"https:\/\/www.elpolitologoyelpolitico.com.ar\/wordpress\/wp-json\/wp\/v2\/tags?post=16265"}],"curies":[{"name":"wp","href":"https:\/\/api.w.org\/{rel}","templated":true}]}}