{"id":16187,"date":"2022-02-13T01:22:48","date_gmt":"2022-02-13T01:22:48","guid":{"rendered":"https:\/\/www.elpolitologoyelpolitico.com.ar\/wordpress\/?p=16187"},"modified":"2022-02-13T01:23:45","modified_gmt":"2022-02-13T01:23:45","slug":"carreras-participo-del-lanzamiento-del-tc-en-viedma-es-una-fiesta-es-encuentro","status":"publish","type":"post","link":"https:\/\/www.elpolitologoyelpolitico.com.ar\/wordpress\/2022\/02\/13\/carreras-participo-del-lanzamiento-del-tc-en-viedma-es-una-fiesta-es-encuentro\/","title":{"rendered":"Carreras particip\u00f3 del lanzamiento del TC en Viedma: \u201cEs una fiesta, es encuentro\u201d"},"content":{"rendered":"\t\t<div data-elementor-type=\"wp-post\" data-elementor-id=\"16187\" class=\"elementor elementor-16187\">\n\t\t\t\t\t\t<section class=\"elementor-section elementor-top-section elementor-element elementor-element-5ff66180 elementor-section-boxed elementor-section-height-default elementor-section-height-default\" data-id=\"5ff66180\" data-element_type=\"section\" data-e-type=\"section\">\n\t\t\t\t\t\t<div class=\"elementor-container elementor-column-gap-default\">\n\t\t\t\t\t<div class=\"elementor-column elementor-col-100 elementor-top-column elementor-element elementor-element-c768f12\" data-id=\"c768f12\" data-element_type=\"column\" data-e-type=\"column\">\n\t\t\t<div class=\"elementor-widget-wrap elementor-element-populated\">\n\t\t\t\t\t\t<div class=\"elementor-element elementor-element-489650c4 elementor-widget elementor-widget-text-editor\" data-id=\"489650c4\" data-element_type=\"widget\" data-e-type=\"widget\" data-widget_type=\"text-editor.default\">\n\t\t\t\t<div class=\"elementor-widget-container\">\n\t\t\t\t\t\t\t\t\t\n<p><strong>Carreras particip\u00f3 del lanzamiento del TC en Viedma: \u201cEs una fiesta, es encuentro\u201d<\/strong><\/p>\n\n\n\n<p>La Gobernadora, Arabela Carreras, particip\u00f3 anoche de la presentaci\u00f3n oficial de la fecha de Turismo Carretera en Viedma, que abre la temporada 2022 de la competencia.<\/p>\n\n\n\n<p>La Mandataria estuvo acompa\u00f1ada por el Intendente, Pedro Pesatti y el presidente de la ACTC, Hugo Mazzacane, quien adelant\u00f3 que la capital rionegrina volver\u00e1 a ser sede de la primera fecha del TC en la pr\u00f3xima temporada.<\/p>\n\n\n\n<p>\u201cPara nosotros, recibir el TC es una fiesta, es un encuentro. Esto es deporte y es la salud de la sociedad, donde mostramos lo mejor que tenemos\u201d, dijo Carreras.<\/p>\n\n\n\n<p>Agradeci\u00f3 a Mazzacane por su compromiso con Viedma. \u201cQueremos seguir teniendo la primera fecha\u201d, dijo y destac\u00f3 el trabajo del Intendente Pesatti \u201cpara que Viedma est\u00e9 cada d\u00eda mejor, m\u00e1s linda y con nuevas ofertas\u201d.<\/p>\n\n\n\n<p>Las pilotas de todo el pa\u00eds que disputar\u00e1n la competencia de la categor\u00eda Bora tambi\u00e9n participaron del evento y recibieron el apoyo de todos los sectores por este logro. \u201cQuedaron muchas pilotas con ganas de participar. Estamos agendado los pedidos y construyendo el deseo, para que la categor\u00eda se vaya instalando\u201d, dijo Carreras.<\/p>\n\n\n\n<p>Mazzacane, adem\u00e1s de mencionar que el Aut\u00f3dromo de Viedma seguir\u00e1 siendo parte de la agenda de la ACTC para el pr\u00f3ximo a\u00f1o, resalt\u00f3 el trabajo de la Gobernadora y todo su equipo para lograr esta primera carrera de mujeres. \u201cHace dos meses convers\u00e1bamos sobre la posibilidad de una carrera de las damas. Ac\u00e1 estamos, lo hemos logrado. No debe ser una carrera m\u00e1s, debemos intentar hacer un campeonato. Para eso tenemos que trabajar\u201d, dijo.<\/p>\n\n\n\n<p>\u201cEstamos felices. Tenemos 90 autos y no es poca cosa. Hay cuatro o cinco pilotos que no pudieron venir, pero estar\u00e1n en las pr\u00f3ximas competencias. Pero adem\u00e1s, ser\u00e1 hist\u00f3rico porque habr\u00e1 una quinta marca. Toyota en el mundo es muy fuerte\u201d, se\u00f1al\u00f3.<\/p>\n\n\n\n<p>Acompa\u00f1aron a Carreras, el Vicegobernador, Alejandro Palmieri; la ministra de Turismo y Deportes, Martha V\u00e9lez y sus pares de Gobierno y Comunidad, Rodrigo Buteler y de Seguridad y Justicia, Betiana Minor; el secretario de Deportes, Diego Rosati; el encargado del Aut\u00f3dromo de Viedma, Hugo Ochoa y pilotos y pilotas que participar\u00e1n de las diferentes categor\u00edas que se disputar\u00e1n este fin de semana.<\/p>\n\t\t\t\t\t\t\t\t<\/div>\n\t\t\t\t<\/div>\n\t\t\t\t\t<\/div>\n\t\t<\/div>\n\t\t\t\t\t<\/div>\n\t\t<\/section>\n\t\t\t\t<\/div>\n\t\t<div class=\"fb-background-color\">\n\t\t\t  <div \n\t\t\t  \tclass = \"fb-comments\" \n\t\t\t  \tdata-href = \"https:\/\/www.elpolitologoyelpolitico.com.ar\/wordpress\/2022\/02\/13\/carreras-participo-del-lanzamiento-del-tc-en-viedma-es-una-fiesta-es-encuentro\/\"\n\t\t\t  \tdata-numposts = \"10\"\n\t\t\t  \tdata-lazy = \"true\"\n\t\t\t\tdata-colorscheme = \"light\"\n\t\t\t\tdata-order-by = \"social\"\n\t\t\t\tdata-mobile=true>\n\t\t\t  <\/div><\/div>\n\t\t  <style>\n\t\t    .fb-background-color {\n\t\t\t\tbackground: #ffffff !important;\n\t\t\t}\n\t\t\t.fb_iframe_widget_fluid_desktop iframe {\n\t\t\t    width: 100% !important;\n\t\t\t}\n\t\t  <\/style>\n\t\t  ","protected":false},"excerpt":{"rendered":"<p>Carreras particip\u00f3 del lanzamiento del TC en Viedma: \u201cEs una fiesta, es encuentro\u201d La Gobernadora, Arabela Carreras, particip\u00f3 anoche de la presentaci\u00f3n oficial de la fecha de Turismo Carretera en Viedma, que abre la temporada 2022 de la competencia. La Mandataria estuvo acompa\u00f1ada por el Intendente, Pedro Pesatti y el presidente de la ACTC, Hugo [&hellip;]<\/p>\n","protected":false},"author":4,"featured_media":16188,"comment_status":"closed","ping_status":"closed","sticky":false,"template":"","format":"standard","meta":{"_joinchat":[],"footnotes":""},"categories":[39],"tags":[],"class_list":["post-16187","post","type-post","status-publish","format-standard","has-post-thumbnail","hentry","category-en-esta-seccion"],"_links":{"self":[{"href":"https:\/\/www.elpolitologoyelpolitico.com.ar\/wordpress\/wp-json\/wp\/v2\/posts\/16187","targetHints":{"allow":["GET"]}}],"collection":[{"href":"https:\/\/www.elpolitologoyelpolitico.com.ar\/wordpress\/wp-json\/wp\/v2\/posts"}],"about":[{"href":"https:\/\/www.elpolitologoyelpolitico.com.ar\/wordpress\/wp-json\/wp\/v2\/types\/post"}],"author":[{"embeddable":true,"href":"https:\/\/www.elpolitologoyelpolitico.com.ar\/wordpress\/wp-json\/wp\/v2\/users\/4"}],"replies":[{"embeddable":true,"href":"https:\/\/www.elpolitologoyelpolitico.com.ar\/wordpress\/wp-json\/wp\/v2\/comments?post=16187"}],"version-history":[{"count":0,"href":"https:\/\/www.elpolitologoyelpolitico.com.ar\/wordpress\/wp-json\/wp\/v2\/posts\/16187\/revisions"}],"wp:featuredmedia":[{"embeddable":true,"href":"https:\/\/www.elpolitologoyelpolitico.com.ar\/wordpress\/wp-json\/wp\/v2\/media\/16188"}],"wp:attachment":[{"href":"https:\/\/www.elpolitologoyelpolitico.com.ar\/wordpress\/wp-json\/wp\/v2\/media?parent=16187"}],"wp:term":[{"taxonomy":"category","embeddable":true,"href":"https:\/\/www.elpolitologoyelpolitico.com.ar\/wordpress\/wp-json\/wp\/v2\/categories?post=16187"},{"taxonomy":"post_tag","embeddable":true,"href":"https:\/\/www.elpolitologoyelpolitico.com.ar\/wordpress\/wp-json\/wp\/v2\/tags?post=16187"}],"curies":[{"name":"wp","href":"https:\/\/api.w.org\/{rel}","templated":true}]}}