{"id":16171,"date":"2022-02-12T23:49:38","date_gmt":"2022-02-12T23:49:38","guid":{"rendered":"https:\/\/www.elpolitologoyelpolitico.com.ar\/wordpress\/?p=16171"},"modified":"2022-02-12T23:50:30","modified_gmt":"2022-02-12T23:50:30","slug":"noale-quiere-que-la-provincia-se-haga-cargo-del-50-de-los-salarios-de-los-guardavidas","status":"publish","type":"post","link":"https:\/\/www.elpolitologoyelpolitico.com.ar\/wordpress\/2022\/02\/12\/noale-quiere-que-la-provincia-se-haga-cargo-del-50-de-los-salarios-de-los-guardavidas\/","title":{"rendered":"NOALE QUIERE QUE LA PROVINCIA SE HAGA CARGO DEL 50 % DE LOS SALARIOS DE LOS GUARDAVIDAS"},"content":{"rendered":"\t\t<div data-elementor-type=\"wp-post\" data-elementor-id=\"16171\" class=\"elementor elementor-16171\">\n\t\t\t\t\t\t<section class=\"elementor-section elementor-top-section elementor-element elementor-element-4c7ec6dd elementor-section-boxed elementor-section-height-default elementor-section-height-default\" data-id=\"4c7ec6dd\" data-element_type=\"section\" data-e-type=\"section\">\n\t\t\t\t\t\t<div class=\"elementor-container elementor-column-gap-default\">\n\t\t\t\t\t<div class=\"elementor-column elementor-col-100 elementor-top-column elementor-element elementor-element-23f62dc5\" data-id=\"23f62dc5\" data-element_type=\"column\" data-e-type=\"column\">\n\t\t\t<div class=\"elementor-widget-wrap elementor-element-populated\">\n\t\t\t\t\t\t<div class=\"elementor-element elementor-element-7f8467bd elementor-widget elementor-widget-text-editor\" data-id=\"7f8467bd\" data-element_type=\"widget\" data-e-type=\"widget\" data-widget_type=\"text-editor.default\">\n\t\t\t\t<div class=\"elementor-widget-container\">\n\t\t\t\t\t\t\t\t\t\n<p><\/p>\n\n\n\n<p>Mediante un proyecto de ley propone que se reemplacen los actuales acuerdos con los Municipios, a los que consider\u00f3 \u00abdiscrecionales\u00bb y por montos insuficientes.<\/p>\n\n\n\n<p>El legislador del Frente de Todos, Luis Noale, propuso a trav\u00e9s de un proyecto de ley que la Provincia se haga cargo del 50 por ciento del costo total de las remuneraciones de los guardavidas de las distintas localidades con balnearios habilitados.<\/p>\n\n\n\n<p>De esta manera, se garantizar\u00eda un servicio acorde a las necesidades de los centros de veraneo, que en esta temporada se han visto desbordados de turistas en las costas sin la cobertura plena que esos lugares demandan.<\/p>\n\n\n\n<p>Actualmente la actividad de los guardavidas es garantizada presupuestariamente por los distintos municipios costeros, quienes reciben por parte de la Provincia una ayuda proveniente del \u201cfondo asistencia t\u00e9cnica\u201d (Art\u00edculo 13 ley N\u00ba 1946: Compuesto por el 20% del 2% retenido de los fondos de coparticipaci\u00f3n municipal) que la mayor\u00eda de las veces no llega en tiempo y forma y que es distribuido de manera discrecional.<\/p>\n\n\n\n<p>La intenci\u00f3n del legislador sanantoniense es que la actividad sea garantizada y llevada adelante eficientemente, debiendo contribuir para esto no s\u00f3lo los Municipios sino tambi\u00e9n el Gobierno Provincial.<\/p>\n\n\n\n<p>Noale ejemplific\u00f3 que el cuerpo de guardavidas de la Municipalidad de San Antonio Oeste cuenta en la actualidad con 68 personas que trabajan distribuidas en las playas del Balneario Las Grutas y en la zona de la r\u00eda de San Antonio Oeste.<\/p>\n\n\n\n<p>Para ese ejido resultar\u00eda fundamental contar con mayor personal debido a la masiva concurrencia de turistas y vecinos en costas que carecen totalmente del servicio. Lugares como Punta Perdices, la Mar Grande o Piedras Coloradas atraen gran cantidad de personas que merecen y demandan contar con la asistencia y log\u00edstica pertinente.<\/p>\n\n\n\n<p>Esta es una realidad que no s\u00f3lo se da en el municipio de San Antonio Oeste, sino que tiene lugar en todos los municipios costeros, que ante la afluencia masiva de turistas se encuentran con un servicio desbordado que pone en riesgo muchas vidas.<\/p>\n\n\n\n<p>Seg\u00fan la definici\u00f3n dada por la Ley Nacional N\u00ba 27.155 \u201cEjercicio Profesional de los Guardavidas\u201d el guardavidas es \u201cla persona formada y entrenada para vigilar, prevenir, atender, supervisar, orientar y asistir t\u00e9cnica y profesionalmente a las personas brindando respuesta inmediata de rescate acu\u00e1tico y\/o primeros auxilios de emergencia, ante aquellas situaciones de riesgo que se produzcan dentro del \u00e1rea de responsabilidad.\u201d<\/p>\n\n\n\n<p>\u201cSon trabajadores que brindan un importante servicio social, su actividad desarrollada especialmente durante temporadas estivales es considerada de riesgo f\u00edsico cierto e inminente\u201d, indic\u00f3 Noale.<\/p>\n\n\n\n<p>En ellos recae una enorme responsabilidad en diferentes \u00e1mbitos acu\u00e1ticos, donde b\u00e1sicamente se llevan adelante actividades recreativas y terap\u00e9uticas. Estos \u00e1mbitos denominados ambientes acu\u00e1ticos, integran todo el territorio de la provincia de R\u00edo Negro.<\/p>\n\n\n\n<p>De esta manera su actividad toma un relieve de vital importancia, pues ellos son los encargados de la prevenci\u00f3n de accidentes, de vigilar, supervisar, orientar y asistir a los ba\u00f1istas dentro y fuera del \u00e1mbito acu\u00e1tico. Importancia que se agudiza si se toma en consideraci\u00f3n la variedad de ecosistemas acu\u00e1ticos que presenta la Provincia de R\u00edo Negro -tanto fluvial como lacustre y mar\u00edtimo- y consecuentemente el atractivo tur\u00edstico que producen los mismos, debiendo brindar protecci\u00f3n no s\u00f3lo a los residentes habituales sino tambi\u00e9n a los turistas.<\/p>\n\n\n\n<p>\u201cEl gran caudal tur\u00edstico suma un importante n\u00famero de usuarios a quienes debemos proteger as\u00ed como tambi\u00e9n debemos llevar protecci\u00f3n al resto de los ciudadanos que diariamente participan de actividades natatorias en lugares p\u00fablicos y privados\u201d, asegur\u00f3 el legislador.<\/p>\n\n\n\n<p>Por ello, Noale propuso modificar el art\u00edculo 14 de la ley S N\u00ba 3708, que invita a los municipios a adherir y que adem\u00e1s establece que la Provincia convendr\u00e1 con los que lo hagan la asistencia econ\u00f3mica necesaria para cubrir el cincuenta por ciento del costo correspondiente a las remuneraciones del personal contratado por el Municipio para la prestaci\u00f3n del servicio de guardavidas.<\/p>\n\n\n\n<div class=\"wp-block-image\"><figure class=\"aligncenter size-full\"><img fetchpriority=\"high\" decoding=\"async\" width=\"259\" height=\"194\" src=\"https:\/\/www.elpolitologoyelpolitico.com.ar\/wp-content\/uploads\/2022\/02\/IMG-20220212-WA0008.jpg\" alt=\"\" class=\"wp-image-16173\"\/><\/figure><\/div>\n\t\t\t\t\t\t\t\t<\/div>\n\t\t\t\t<\/div>\n\t\t\t\t\t<\/div>\n\t\t<\/div>\n\t\t\t\t\t<\/div>\n\t\t<\/section>\n\t\t\t\t<\/div>\n\t\t<div class=\"fb-background-color\">\n\t\t\t  <div \n\t\t\t  \tclass = \"fb-comments\" \n\t\t\t  \tdata-href = \"https:\/\/www.elpolitologoyelpolitico.com.ar\/wordpress\/2022\/02\/12\/noale-quiere-que-la-provincia-se-haga-cargo-del-50-de-los-salarios-de-los-guardavidas\/\"\n\t\t\t  \tdata-numposts = \"10\"\n\t\t\t  \tdata-lazy = \"true\"\n\t\t\t\tdata-colorscheme = \"light\"\n\t\t\t\tdata-order-by = \"social\"\n\t\t\t\tdata-mobile=true>\n\t\t\t  <\/div><\/div>\n\t\t  <style>\n\t\t    .fb-background-color {\n\t\t\t\tbackground: #ffffff !important;\n\t\t\t}\n\t\t\t.fb_iframe_widget_fluid_desktop iframe {\n\t\t\t    width: 100% !important;\n\t\t\t}\n\t\t  <\/style>\n\t\t  ","protected":false},"excerpt":{"rendered":"<p>Mediante un proyecto de ley propone que se reemplacen los actuales acuerdos con los Municipios, a los que consider\u00f3 \u00abdiscrecionales\u00bb y por montos insuficientes. El legislador del Frente de Todos, Luis Noale, propuso a trav\u00e9s de un proyecto de ley que la Provincia se haga cargo del 50 por ciento del costo total de las [&hellip;]<\/p>\n","protected":false},"author":4,"featured_media":16172,"comment_status":"closed","ping_status":"closed","sticky":false,"template":"","format":"standard","meta":{"_joinchat":[],"footnotes":""},"categories":[39],"tags":[],"class_list":["post-16171","post","type-post","status-publish","format-standard","has-post-thumbnail","hentry","category-en-esta-seccion"],"_links":{"self":[{"href":"https:\/\/www.elpolitologoyelpolitico.com.ar\/wordpress\/wp-json\/wp\/v2\/posts\/16171","targetHints":{"allow":["GET"]}}],"collection":[{"href":"https:\/\/www.elpolitologoyelpolitico.com.ar\/wordpress\/wp-json\/wp\/v2\/posts"}],"about":[{"href":"https:\/\/www.elpolitologoyelpolitico.com.ar\/wordpress\/wp-json\/wp\/v2\/types\/post"}],"author":[{"embeddable":true,"href":"https:\/\/www.elpolitologoyelpolitico.com.ar\/wordpress\/wp-json\/wp\/v2\/users\/4"}],"replies":[{"embeddable":true,"href":"https:\/\/www.elpolitologoyelpolitico.com.ar\/wordpress\/wp-json\/wp\/v2\/comments?post=16171"}],"version-history":[{"count":0,"href":"https:\/\/www.elpolitologoyelpolitico.com.ar\/wordpress\/wp-json\/wp\/v2\/posts\/16171\/revisions"}],"wp:featuredmedia":[{"embeddable":true,"href":"https:\/\/www.elpolitologoyelpolitico.com.ar\/wordpress\/wp-json\/wp\/v2\/media\/16172"}],"wp:attachment":[{"href":"https:\/\/www.elpolitologoyelpolitico.com.ar\/wordpress\/wp-json\/wp\/v2\/media?parent=16171"}],"wp:term":[{"taxonomy":"category","embeddable":true,"href":"https:\/\/www.elpolitologoyelpolitico.com.ar\/wordpress\/wp-json\/wp\/v2\/categories?post=16171"},{"taxonomy":"post_tag","embeddable":true,"href":"https:\/\/www.elpolitologoyelpolitico.com.ar\/wordpress\/wp-json\/wp\/v2\/tags?post=16171"}],"curies":[{"name":"wp","href":"https:\/\/api.w.org\/{rel}","templated":true}]}}