{"id":16153,"date":"2022-02-12T22:15:50","date_gmt":"2022-02-12T22:15:50","guid":{"rendered":"https:\/\/www.elpolitologoyelpolitico.com.ar\/wordpress\/?p=16153"},"modified":"2022-02-12T22:16:49","modified_gmt":"2022-02-12T22:16:49","slug":"curza-el-ciclo-2022-implicara-un-retorno-gradual-a-la-presencialidad","status":"publish","type":"post","link":"https:\/\/www.elpolitologoyelpolitico.com.ar\/wordpress\/2022\/02\/12\/curza-el-ciclo-2022-implicara-un-retorno-gradual-a-la-presencialidad\/","title":{"rendered":"CURZA: El ciclo 2022 implicara un retorno gradual a la presencialidad\u00a0"},"content":{"rendered":"\t\t<div data-elementor-type=\"wp-post\" data-elementor-id=\"16153\" class=\"elementor elementor-16153\">\n\t\t\t\t\t\t<section class=\"elementor-section elementor-top-section elementor-element elementor-element-266a8b93 elementor-section-boxed elementor-section-height-default elementor-section-height-default\" data-id=\"266a8b93\" data-element_type=\"section\" data-e-type=\"section\">\n\t\t\t\t\t\t<div class=\"elementor-container elementor-column-gap-default\">\n\t\t\t\t\t<div class=\"elementor-column elementor-col-100 elementor-top-column elementor-element elementor-element-284f5940\" data-id=\"284f5940\" data-element_type=\"column\" data-e-type=\"column\">\n\t\t\t<div class=\"elementor-widget-wrap elementor-element-populated\">\n\t\t\t\t\t\t<div class=\"elementor-element elementor-element-2d3cd955 elementor-widget elementor-widget-text-editor\" data-id=\"2d3cd955\" data-element_type=\"widget\" data-e-type=\"widget\" data-widget_type=\"text-editor.default\">\n\t\t\t\t<div class=\"elementor-widget-container\">\n\t\t\t\t\t\t\t\t\t\n<p><\/p>\n\n\n\n<p>Lo dieron a conocer las autoridades de la Universidad Nacional del Comahue- SEDE CURZA- Viedma.<\/p>\n\n\n\n<p><strong><em>En el siguiente comunicado se puede observar la decisi\u00f3n tomada por la universidad para el periodo 2022<\/em><\/strong><\/p>\n\n\n\n<p>En el marco del comunicado del Sr. Rector de la UNCo y en v\u00edsperas de los acuerdos a nivel nacional, las autoridades del CURZA hemos mantenido reuniones con representantes de los claustros para ordenar, organizar&nbsp; las tareas y actividades inherentes al quehacer universitario. El ciclo 2022 implicara un retorno gradual a la presencialidad, combinando asistencia a las aulas y laboratorios en el marco de los protocolos y uso de las plataformas virtuales<\/p>\n\n\n\n<p>\u2022&nbsp;&nbsp;&nbsp; Se exigir\u00e1 el cumplimiento de medidas sanitarias de prevenci\u00f3n de contagio: uso de barbijo, distanciamiento corporal, ventilaci\u00f3n cruzada permanente en ambientes cerrados, lavado de manos y usos de alcohol en gel.<\/p>\n\n\n\n<p>\u2022&nbsp;&nbsp;&nbsp; Se respetar\u00e1n los aforos edilicios de espacios requeridos para las actividades presenciales<\/p>\n\n\n\n<p>en espacios cerrados, esto es: aforo de una persona cada 3 metros cuadrados, resultante de considerar c\u00edrculos de 1 metro de radio, permitiendo una distancia corporal de 2 metros lineales entre personas.<\/p>\n\n\n\n<p>De este modo, con la responsabilidad y el compromiso de cada una y uno de nosotros, estudiantes, docentes, investigadores, investigadoras y nodocentes, podremos desarrollar plenamente las actividades acad\u00e9micas y administrativas en el contexto de pandemia que a\u00fan no termina y que sigue siendo imprevisible, pero de la que hemos aprendido a evitar sus consecuencias m\u00e1s funestas y penosas.<\/p>\n\t\t\t\t\t\t\t\t<\/div>\n\t\t\t\t<\/div>\n\t\t\t\t\t<\/div>\n\t\t<\/div>\n\t\t\t\t\t<\/div>\n\t\t<\/section>\n\t\t\t\t<\/div>\n\t\t<div class=\"fb-background-color\">\n\t\t\t  <div \n\t\t\t  \tclass = \"fb-comments\" \n\t\t\t  \tdata-href = \"https:\/\/www.elpolitologoyelpolitico.com.ar\/wordpress\/2022\/02\/12\/curza-el-ciclo-2022-implicara-un-retorno-gradual-a-la-presencialidad\/\"\n\t\t\t  \tdata-numposts = \"10\"\n\t\t\t  \tdata-lazy = \"true\"\n\t\t\t\tdata-colorscheme = \"light\"\n\t\t\t\tdata-order-by = \"social\"\n\t\t\t\tdata-mobile=true>\n\t\t\t  <\/div><\/div>\n\t\t  <style>\n\t\t    .fb-background-color {\n\t\t\t\tbackground: #ffffff !important;\n\t\t\t}\n\t\t\t.fb_iframe_widget_fluid_desktop iframe {\n\t\t\t    width: 100% !important;\n\t\t\t}\n\t\t  <\/style>\n\t\t  ","protected":false},"excerpt":{"rendered":"<p>Lo dieron a conocer las autoridades de la Universidad Nacional del Comahue- SEDE CURZA- Viedma. En el siguiente comunicado se puede observar la decisi\u00f3n tomada por la universidad para el periodo 2022 En el marco del comunicado del Sr. Rector de la UNCo y en v\u00edsperas de los acuerdos a nivel nacional, las autoridades del [&hellip;]<\/p>\n","protected":false},"author":4,"featured_media":16154,"comment_status":"closed","ping_status":"closed","sticky":false,"template":"","format":"standard","meta":{"_joinchat":[],"footnotes":""},"categories":[39],"tags":[],"class_list":["post-16153","post","type-post","status-publish","format-standard","has-post-thumbnail","hentry","category-en-esta-seccion"],"_links":{"self":[{"href":"https:\/\/www.elpolitologoyelpolitico.com.ar\/wordpress\/wp-json\/wp\/v2\/posts\/16153","targetHints":{"allow":["GET"]}}],"collection":[{"href":"https:\/\/www.elpolitologoyelpolitico.com.ar\/wordpress\/wp-json\/wp\/v2\/posts"}],"about":[{"href":"https:\/\/www.elpolitologoyelpolitico.com.ar\/wordpress\/wp-json\/wp\/v2\/types\/post"}],"author":[{"embeddable":true,"href":"https:\/\/www.elpolitologoyelpolitico.com.ar\/wordpress\/wp-json\/wp\/v2\/users\/4"}],"replies":[{"embeddable":true,"href":"https:\/\/www.elpolitologoyelpolitico.com.ar\/wordpress\/wp-json\/wp\/v2\/comments?post=16153"}],"version-history":[{"count":0,"href":"https:\/\/www.elpolitologoyelpolitico.com.ar\/wordpress\/wp-json\/wp\/v2\/posts\/16153\/revisions"}],"wp:featuredmedia":[{"embeddable":true,"href":"https:\/\/www.elpolitologoyelpolitico.com.ar\/wordpress\/wp-json\/wp\/v2\/media\/16154"}],"wp:attachment":[{"href":"https:\/\/www.elpolitologoyelpolitico.com.ar\/wordpress\/wp-json\/wp\/v2\/media?parent=16153"}],"wp:term":[{"taxonomy":"category","embeddable":true,"href":"https:\/\/www.elpolitologoyelpolitico.com.ar\/wordpress\/wp-json\/wp\/v2\/categories?post=16153"},{"taxonomy":"post_tag","embeddable":true,"href":"https:\/\/www.elpolitologoyelpolitico.com.ar\/wordpress\/wp-json\/wp\/v2\/tags?post=16153"}],"curies":[{"name":"wp","href":"https:\/\/api.w.org\/{rel}","templated":true}]}}