{"id":16140,"date":"2022-02-12T20:24:03","date_gmt":"2022-02-12T20:24:03","guid":{"rendered":"https:\/\/www.elpolitologoyelpolitico.com.ar\/wordpress\/?p=16140"},"modified":"2022-02-12T20:24:44","modified_gmt":"2022-02-12T20:24:44","slug":"carreras-abordo-varios-temas-con-la-prensa-en-viedma","status":"publish","type":"post","link":"https:\/\/www.elpolitologoyelpolitico.com.ar\/wordpress\/2022\/02\/12\/carreras-abordo-varios-temas-con-la-prensa-en-viedma\/","title":{"rendered":"Carreras abord\u00f3 varios temas con la prensa en Viedma"},"content":{"rendered":"\t\t<div data-elementor-type=\"wp-post\" data-elementor-id=\"16140\" class=\"elementor elementor-16140\">\n\t\t\t\t\t\t<section class=\"elementor-section elementor-top-section elementor-element elementor-element-2ce6df97 elementor-section-boxed elementor-section-height-default elementor-section-height-default\" data-id=\"2ce6df97\" data-element_type=\"section\" data-e-type=\"section\">\n\t\t\t\t\t\t<div class=\"elementor-container elementor-column-gap-default\">\n\t\t\t\t\t<div class=\"elementor-column elementor-col-100 elementor-top-column elementor-element elementor-element-72854639\" data-id=\"72854639\" data-element_type=\"column\" data-e-type=\"column\">\n\t\t\t<div class=\"elementor-widget-wrap elementor-element-populated\">\n\t\t\t\t\t\t<div class=\"elementor-element elementor-element-21255d62 elementor-widget elementor-widget-text-editor\" data-id=\"21255d62\" data-element_type=\"widget\" data-e-type=\"widget\" data-widget_type=\"text-editor.default\">\n\t\t\t\t<div class=\"elementor-widget-container\">\n\t\t\t\t\t\t\t\t\t\n<p><\/p>\n\n\n\n<p>La Gobernadora Arabela Carreras se refiri\u00f3 a su reciente viaje a Rusia y China y adem\u00e1s inform\u00f3 los diversos avances del proyecto de Hidr\u00f3geno Verde. En di\u00e1logo con la prensa en Viedma, tambi\u00e9n confirm\u00f3 el encuentro de ma\u00f1ana con dirigentes de ATE y detall\u00f3 aspectos del protocolo del regreso a clases.<\/p>\n\n\n\n<p>La Mandataria mantuvo una rueda de prensa con medios de la capital provincial luego de encabezar la presentaci\u00f3n de la Copa \u201cGobierno de R\u00edo Negro\u201d de la categor\u00eda Bora de mujeres, que se disputar\u00e1 este domingo.<\/p>\n\n\n\n<p><strong>Viaje a Rusia y China<\/strong><\/p>\n\n\n\n<p>\u201cMuy buen viaje, desde diferentes perspectivas. La oportunidad de estar en la gira presidencial, coloc\u00f3 a R\u00edo Negro en un escenario distinto. Pero adem\u00e1s el dialogo con empresas y embajadores va abriendo posibilidades. A partir de la agenda del Hidr\u00f3geno Verde hay di\u00e1logos muy productivos con empresas interesadas en invertir en rio negro. Vamos tomando contacto y analizando ideas. El di\u00e1logo est\u00e1 iniciado y se ir\u00e1 viendo qu\u00e9 es lo m\u00e1s conveniente para la provincia. Fue productiva la experiencia de ver como se aborda la pandemia en otros pa\u00edses\u201d.<\/p>\n\n\n\n<p><strong>Avances en el proyecto de Hidr\u00f3geno Verde<\/strong><\/p>\n\n\n\n<p>\u201cTenemos un buen avance. Ayer estuvimos en Bariloche y tuvimos la oportunidad de tener una reuni\u00f3n de trabajo con referentes de la gran comisi\u00f3n t\u00e9cnica y con Marcelo Kloster, referente del equipo de Mat\u00edas Kulfas, que nos brind\u00f3 su visi\u00f3n y hacer algunas proyecciones de c\u00f3mo se ir\u00e1 desarrollando el proyecto en la provincia. Entendemos que la comisi\u00f3n que marca la ley para analizar la iniciativa privada ser\u00e1 convocada en los primeros d\u00edas marzo, despu\u00e9s de la apertura de sesiones. Kloster que es el referente tiene mucha claridad en los conceptos y tiene una visi\u00f3n amplia. Quiz\u00e1s se soliciten algunas precisiones m\u00e1s a la empresa\u201d.<\/p>\n\n\n\n<p><strong>Reuni\u00f3n con ATE<\/strong><\/p>\n\n\n\n<p>\u201cMa\u00f1ana (s\u00e1bado) nos reuniremos con Rodolfo Aguiar, seguramente acordaremos la fecha m\u00e1s adecuada para convocar a discusi\u00f3n salarial. Hab\u00edamos quedado en que alrededor del 15 de febrero \u00edbamos a convocar a los gremios. Seguramente ma\u00f1ana conversaremos esto y otros temas de agenda. Sobre el reclamo, es muy puntual, muy peque\u00f1o, vinculado a un error de liquidaci\u00f3n de pocos agentes que se est\u00e1 corrigiendo\u201d.<\/p>\n\n\n\n<p><strong>Protocolo de Educaci\u00f3n<\/strong><\/p>\n\n\n\n<p>\u201cEl protocolo que propuso Naci\u00f3n es el mismo que ya ten\u00edamos en la provincia. Con presencialidad plena, sin burbujas y muchos cuidados. Adem\u00e1s iniciamos una campa\u00f1a fuerte de vacunaci\u00f3n en los j\u00f3venes, con m\u00e1s del 80% de vacunados con una dosis. Vamos a seguir trabajando en la incentivaci\u00f3n de la vacunaci\u00f3n y se pedir\u00e1 barbijo desde primer grado y en todos los niveles, excepto el Inicial\u201d.<\/p>\n\t\t\t\t\t\t\t\t<\/div>\n\t\t\t\t<\/div>\n\t\t\t\t\t<\/div>\n\t\t<\/div>\n\t\t\t\t\t<\/div>\n\t\t<\/section>\n\t\t\t\t<\/div>\n\t\t<div class=\"fb-background-color\">\n\t\t\t  <div \n\t\t\t  \tclass = \"fb-comments\" \n\t\t\t  \tdata-href = \"https:\/\/www.elpolitologoyelpolitico.com.ar\/wordpress\/2022\/02\/12\/carreras-abordo-varios-temas-con-la-prensa-en-viedma\/\"\n\t\t\t  \tdata-numposts = \"10\"\n\t\t\t  \tdata-lazy = \"true\"\n\t\t\t\tdata-colorscheme = \"light\"\n\t\t\t\tdata-order-by = \"social\"\n\t\t\t\tdata-mobile=true>\n\t\t\t  <\/div><\/div>\n\t\t  <style>\n\t\t    .fb-background-color {\n\t\t\t\tbackground: #ffffff !important;\n\t\t\t}\n\t\t\t.fb_iframe_widget_fluid_desktop iframe {\n\t\t\t    width: 100% !important;\n\t\t\t}\n\t\t  <\/style>\n\t\t  ","protected":false},"excerpt":{"rendered":"<p>La Gobernadora Arabela Carreras se refiri\u00f3 a su reciente viaje a Rusia y China y adem\u00e1s inform\u00f3 los diversos avances del proyecto de Hidr\u00f3geno Verde. En di\u00e1logo con la prensa en Viedma, tambi\u00e9n confirm\u00f3 el encuentro de ma\u00f1ana con dirigentes de ATE y detall\u00f3 aspectos del protocolo del regreso a clases. La Mandataria mantuvo una [&hellip;]<\/p>\n","protected":false},"author":4,"featured_media":16141,"comment_status":"closed","ping_status":"closed","sticky":false,"template":"","format":"standard","meta":{"_joinchat":[],"footnotes":""},"categories":[39],"tags":[],"class_list":["post-16140","post","type-post","status-publish","format-standard","has-post-thumbnail","hentry","category-en-esta-seccion"],"_links":{"self":[{"href":"https:\/\/www.elpolitologoyelpolitico.com.ar\/wordpress\/wp-json\/wp\/v2\/posts\/16140","targetHints":{"allow":["GET"]}}],"collection":[{"href":"https:\/\/www.elpolitologoyelpolitico.com.ar\/wordpress\/wp-json\/wp\/v2\/posts"}],"about":[{"href":"https:\/\/www.elpolitologoyelpolitico.com.ar\/wordpress\/wp-json\/wp\/v2\/types\/post"}],"author":[{"embeddable":true,"href":"https:\/\/www.elpolitologoyelpolitico.com.ar\/wordpress\/wp-json\/wp\/v2\/users\/4"}],"replies":[{"embeddable":true,"href":"https:\/\/www.elpolitologoyelpolitico.com.ar\/wordpress\/wp-json\/wp\/v2\/comments?post=16140"}],"version-history":[{"count":0,"href":"https:\/\/www.elpolitologoyelpolitico.com.ar\/wordpress\/wp-json\/wp\/v2\/posts\/16140\/revisions"}],"wp:featuredmedia":[{"embeddable":true,"href":"https:\/\/www.elpolitologoyelpolitico.com.ar\/wordpress\/wp-json\/wp\/v2\/media\/16141"}],"wp:attachment":[{"href":"https:\/\/www.elpolitologoyelpolitico.com.ar\/wordpress\/wp-json\/wp\/v2\/media?parent=16140"}],"wp:term":[{"taxonomy":"category","embeddable":true,"href":"https:\/\/www.elpolitologoyelpolitico.com.ar\/wordpress\/wp-json\/wp\/v2\/categories?post=16140"},{"taxonomy":"post_tag","embeddable":true,"href":"https:\/\/www.elpolitologoyelpolitico.com.ar\/wordpress\/wp-json\/wp\/v2\/tags?post=16140"}],"curies":[{"name":"wp","href":"https:\/\/api.w.org\/{rel}","templated":true}]}}