{"id":16115,"date":"2022-02-12T01:58:05","date_gmt":"2022-02-12T01:58:05","guid":{"rendered":"https:\/\/www.elpolitologoyelpolitico.com.ar\/wordpress\/?p=16115"},"modified":"2022-02-12T01:59:32","modified_gmt":"2022-02-12T01:59:32","slug":"ibero-mostramos-con-los-numeros-lo-bueno-que-es-vacunarse-contra-el-covid-19","status":"publish","type":"post","link":"https:\/\/www.elpolitologoyelpolitico.com.ar\/wordpress\/2022\/02\/12\/ibero-mostramos-con-los-numeros-lo-bueno-que-es-vacunarse-contra-el-covid-19\/","title":{"rendered":"Ibero: \u201cMostramos con los n\u00fameros lo bueno que es vacunarse contra el COVID-19\u201d"},"content":{"rendered":"\t\t<div data-elementor-type=\"wp-post\" data-elementor-id=\"16115\" class=\"elementor elementor-16115\">\n\t\t\t\t\t\t<section class=\"elementor-section elementor-top-section elementor-element elementor-element-50442ad1 elementor-section-boxed elementor-section-height-default elementor-section-height-default\" data-id=\"50442ad1\" data-element_type=\"section\" data-e-type=\"section\">\n\t\t\t\t\t\t<div class=\"elementor-container elementor-column-gap-default\">\n\t\t\t\t\t<div class=\"elementor-column elementor-col-100 elementor-top-column elementor-element elementor-element-1728f4ce\" data-id=\"1728f4ce\" data-element_type=\"column\" data-e-type=\"column\">\n\t\t\t<div class=\"elementor-widget-wrap elementor-element-populated\">\n\t\t\t\t\t\t<div class=\"elementor-element elementor-element-71a9f328 elementor-widget elementor-widget-text-editor\" data-id=\"71a9f328\" data-element_type=\"widget\" data-e-type=\"widget\" data-widget_type=\"text-editor.default\">\n\t\t\t\t<div class=\"elementor-widget-container\">\n\t\t\t\t\t\t\t\t\t\n<p style=\"padding-left: 40px; text-align: left;\">\u00a0<\/p>\n\n<p>En un nuevo parte semanal que emite el Gobierno de la provincia con informaci\u00f3n actualizada sobre la situaci\u00f3n epidemiol\u00f3gica en R\u00edo Negro, la doctora Mercedes Ibero destac\u00f3 los n\u00fameros de la vacunaci\u00f3n y expres\u00f3 que los resultados se ven en las internaciones y en la baja del porcentaje de letalidad. \u201cNo hay dudas que la vacunaci\u00f3n hace la diferencia y que no es mala\u201d, subray\u00f3.<\/p>\n\n<p>En este sentido, record\u00f3 que \u201cen 2021, en el momento de mayor incidencia, con 13.660 casos tuvimos 333 personas fallecidas. Este a\u00f1o, desde la \u00faltima semana de diciembre y las tres primeras de enero, llegamos a esos n\u00fameros casos y hubo 80 personas fallecidas. Esa es la importancia de la vacunaci\u00f3n\u201d.<\/p>\n\n<p>Agreg\u00f3 que en junio del a\u00f1o pasado en la provincia hubo 148 personas internadas en terapia intensiva, teniendo 5400 casos de COVID-19; \u201choy tenemos 6300 casos activos y tenemos en terapia 30 internados, volvemos a ver la diferencia que hizo la vacunaci\u00f3n\u201d.<\/p>\n\n<p>\u201cCuando preguntan si sirve o no la vacunaci\u00f3n, esto es lo que muestra y lo que tenemos que decir. Tenemos aplicadas 1.531.211 dosis sin ning\u00fan efecto grave y con estos resultados en las internaciones de terapias intensivas y en la baja del porcentaje de letalidad. No hay dudas que la vacunaci\u00f3n hace la diferencia y que no es mala\u201d, subray\u00f3.<\/p>\n\n<p>Por otra parte, inst\u00f3 a la poblaci\u00f3n a continuar avanzando con el Plan de Vacunaci\u00f3n y convoc\u00f3 a aplicarse la primera dosis de los que aun no tienen y a completar los esquemas.<\/p>\n\n<p>Al respecto, indic\u00f3 que \u201cest\u00e1n las vacunas a disposici\u00f3n en todos los hospitales y en todos los Centros de Salud, hay horarios s\u00faper extensos y cada hospital busca sus estrategias para que nadie se quede sin la oportunidad de vacunarse\u201d.<\/p>\n\n<p>Por \u00faltimo, volvi\u00f3 a pedir a la poblaci\u00f3n que sostenga las medidas de cuidado para evitar los contagios de COVID-19 y cuidar nuestra salud y la de las y los rionegrinos.<\/p>\n\t\t\t\t\t\t\t\t<\/div>\n\t\t\t\t<\/div>\n\t\t\t\t\t<\/div>\n\t\t<\/div>\n\t\t\t\t\t<\/div>\n\t\t<\/section>\n\t\t\t\t<\/div>\n\t\t<div class=\"fb-background-color\">\n\t\t\t  <div \n\t\t\t  \tclass = \"fb-comments\" \n\t\t\t  \tdata-href = \"https:\/\/www.elpolitologoyelpolitico.com.ar\/wordpress\/2022\/02\/12\/ibero-mostramos-con-los-numeros-lo-bueno-que-es-vacunarse-contra-el-covid-19\/\"\n\t\t\t  \tdata-numposts = \"10\"\n\t\t\t  \tdata-lazy = \"true\"\n\t\t\t\tdata-colorscheme = \"light\"\n\t\t\t\tdata-order-by = \"social\"\n\t\t\t\tdata-mobile=true>\n\t\t\t  <\/div><\/div>\n\t\t  <style>\n\t\t    .fb-background-color {\n\t\t\t\tbackground: #ffffff !important;\n\t\t\t}\n\t\t\t.fb_iframe_widget_fluid_desktop iframe {\n\t\t\t    width: 100% !important;\n\t\t\t}\n\t\t  <\/style>\n\t\t  ","protected":false},"excerpt":{"rendered":"<p>\u00a0 En un nuevo parte semanal que emite el Gobierno de la provincia con informaci\u00f3n actualizada sobre la situaci\u00f3n epidemiol\u00f3gica en R\u00edo Negro, la doctora Mercedes Ibero destac\u00f3 los n\u00fameros de la vacunaci\u00f3n y expres\u00f3 que los resultados se ven en las internaciones y en la baja del porcentaje de letalidad. \u201cNo hay dudas que [&hellip;]<\/p>\n","protected":false},"author":4,"featured_media":16116,"comment_status":"closed","ping_status":"closed","sticky":false,"template":"","format":"standard","meta":{"_joinchat":[],"footnotes":""},"categories":[39],"tags":[],"class_list":["post-16115","post","type-post","status-publish","format-standard","has-post-thumbnail","hentry","category-en-esta-seccion"],"_links":{"self":[{"href":"https:\/\/www.elpolitologoyelpolitico.com.ar\/wordpress\/wp-json\/wp\/v2\/posts\/16115","targetHints":{"allow":["GET"]}}],"collection":[{"href":"https:\/\/www.elpolitologoyelpolitico.com.ar\/wordpress\/wp-json\/wp\/v2\/posts"}],"about":[{"href":"https:\/\/www.elpolitologoyelpolitico.com.ar\/wordpress\/wp-json\/wp\/v2\/types\/post"}],"author":[{"embeddable":true,"href":"https:\/\/www.elpolitologoyelpolitico.com.ar\/wordpress\/wp-json\/wp\/v2\/users\/4"}],"replies":[{"embeddable":true,"href":"https:\/\/www.elpolitologoyelpolitico.com.ar\/wordpress\/wp-json\/wp\/v2\/comments?post=16115"}],"version-history":[{"count":0,"href":"https:\/\/www.elpolitologoyelpolitico.com.ar\/wordpress\/wp-json\/wp\/v2\/posts\/16115\/revisions"}],"wp:featuredmedia":[{"embeddable":true,"href":"https:\/\/www.elpolitologoyelpolitico.com.ar\/wordpress\/wp-json\/wp\/v2\/media\/16116"}],"wp:attachment":[{"href":"https:\/\/www.elpolitologoyelpolitico.com.ar\/wordpress\/wp-json\/wp\/v2\/media?parent=16115"}],"wp:term":[{"taxonomy":"category","embeddable":true,"href":"https:\/\/www.elpolitologoyelpolitico.com.ar\/wordpress\/wp-json\/wp\/v2\/categories?post=16115"},{"taxonomy":"post_tag","embeddable":true,"href":"https:\/\/www.elpolitologoyelpolitico.com.ar\/wordpress\/wp-json\/wp\/v2\/tags?post=16115"}],"curies":[{"name":"wp","href":"https:\/\/api.w.org\/{rel}","templated":true}]}}