{"id":16073,"date":"2022-02-11T21:09:33","date_gmt":"2022-02-11T21:09:33","guid":{"rendered":"https:\/\/www.elpolitologoyelpolitico.com.ar\/wordpress\/?p=16073"},"modified":"2022-02-11T21:10:33","modified_gmt":"2022-02-11T21:10:33","slug":"covid19un-fallecido-en-patagones-y-a-la-fecha-suman-152-los-decesos","status":"publish","type":"post","link":"https:\/\/www.elpolitologoyelpolitico.com.ar\/wordpress\/2022\/02\/11\/covid19un-fallecido-en-patagones-y-a-la-fecha-suman-152-los-decesos\/","title":{"rendered":"Covid19:Un fallecido en Patagones\u00a0 y a la fecha suman 152 los decesos.\u00a0"},"content":{"rendered":"\t\t<div data-elementor-type=\"wp-post\" data-elementor-id=\"16073\" class=\"elementor elementor-16073\">\n\t\t\t\t\t\t<section class=\"elementor-section elementor-top-section elementor-element elementor-element-545c2a0c elementor-section-boxed elementor-section-height-default elementor-section-height-default\" data-id=\"545c2a0c\" data-element_type=\"section\" data-e-type=\"section\">\n\t\t\t\t\t\t<div class=\"elementor-container elementor-column-gap-default\">\n\t\t\t\t\t<div class=\"elementor-column elementor-col-100 elementor-top-column elementor-element elementor-element-1b48c18e\" data-id=\"1b48c18e\" data-element_type=\"column\" data-e-type=\"column\">\n\t\t\t<div class=\"elementor-widget-wrap elementor-element-populated\">\n\t\t\t\t\t\t<div class=\"elementor-element elementor-element-283ee28f elementor-widget elementor-widget-text-editor\" data-id=\"283ee28f\" data-element_type=\"widget\" data-e-type=\"widget\" data-widget_type=\"text-editor.default\">\n\t\t\t\t<div class=\"elementor-widget-container\">\n\t\t\t\t\t\t\t\t\t\n<p><\/p>\n\n\n\n<p>La Secretar\u00eda de Salud de Patagones, inform\u00f3 que los d\u00edas mi\u00e9rcoles y jueves se registraron 45 casos positivos de COVID.<\/p>\n\n\n\n<p>Adem\u00e1s, se sumaron 30 estudios a la cifra de resultados negativos, se otorgaron 76 altas y se produjo 1 deceso.<\/p>\n\n\n\n<p>De esta manera, son 342 los casos positivos activos en todo el Distrito.<\/p>\n\n\n\n<p>Los estudios negativos suman 9121, el n\u00famero de recuperados asciende a 7661 y suman 152 los fallecidos, desde el inicio de la pandemia.<\/p>\n\n\n\n<p>En este marco, se recomienda a la comunidad continuar con el uso del cubrebocas -en espacios cerrados-, y con el uso permanente de alcohol en gel y la constante higiene de las manos.<\/p>\n\n\n\n<p>Finalmente, se recuerda que la informaci\u00f3n actualizada con respecto al COVID, se brindar\u00e1 los d\u00edas lunes, mi\u00e9rcoles y viernes, a trav\u00e9s de los canales oficiales.<\/p>\n\n\n\n<figure class=\"wp-block-image size-full\"><img fetchpriority=\"high\" decoding=\"async\" width=\"720\" height=\"720\" src=\"https:\/\/www.elpolitologoyelpolitico.com.ar\/wp-content\/uploads\/2022\/02\/IMG-20220211-WA0027.jpg\" alt=\"\" class=\"wp-image-16076\" srcset=\"https:\/\/www.elpolitologoyelpolitico.com.ar\/wp-content\/uploads\/2022\/02\/IMG-20220211-WA0027.jpg 720w, https:\/\/www.elpolitologoyelpolitico.com.ar\/wp-content\/uploads\/2022\/02\/IMG-20220211-WA0027-300x300.jpg 300w, https:\/\/www.elpolitologoyelpolitico.com.ar\/wp-content\/uploads\/2022\/02\/IMG-20220211-WA0027-150x150.jpg 150w\" sizes=\"(max-width: 720px) 100vw, 720px\" \/><\/figure>\n\t\t\t\t\t\t\t\t<\/div>\n\t\t\t\t<\/div>\n\t\t\t\t\t<\/div>\n\t\t<\/div>\n\t\t\t\t\t<\/div>\n\t\t<\/section>\n\t\t\t\t<\/div>\n\t\t<div class=\"fb-background-color\">\n\t\t\t  <div \n\t\t\t  \tclass = \"fb-comments\" \n\t\t\t  \tdata-href = \"https:\/\/www.elpolitologoyelpolitico.com.ar\/wordpress\/2022\/02\/11\/covid19un-fallecido-en-patagones-y-a-la-fecha-suman-152-los-decesos\/\"\n\t\t\t  \tdata-numposts = \"10\"\n\t\t\t  \tdata-lazy = \"true\"\n\t\t\t\tdata-colorscheme = \"light\"\n\t\t\t\tdata-order-by = \"social\"\n\t\t\t\tdata-mobile=true>\n\t\t\t  <\/div><\/div>\n\t\t  <style>\n\t\t    .fb-background-color {\n\t\t\t\tbackground: #ffffff !important;\n\t\t\t}\n\t\t\t.fb_iframe_widget_fluid_desktop iframe {\n\t\t\t    width: 100% !important;\n\t\t\t}\n\t\t  <\/style>\n\t\t  ","protected":false},"excerpt":{"rendered":"<p>La Secretar\u00eda de Salud de Patagones, inform\u00f3 que los d\u00edas mi\u00e9rcoles y jueves se registraron 45 casos positivos de COVID. Adem\u00e1s, se sumaron 30 estudios a la cifra de resultados negativos, se otorgaron 76 altas y se produjo 1 deceso. De esta manera, son 342 los casos positivos activos en todo el Distrito. Los estudios [&hellip;]<\/p>\n","protected":false},"author":4,"featured_media":16074,"comment_status":"closed","ping_status":"closed","sticky":false,"template":"","format":"standard","meta":{"_joinchat":[],"footnotes":""},"categories":[39],"tags":[],"class_list":["post-16073","post","type-post","status-publish","format-standard","has-post-thumbnail","hentry","category-en-esta-seccion"],"_links":{"self":[{"href":"https:\/\/www.elpolitologoyelpolitico.com.ar\/wordpress\/wp-json\/wp\/v2\/posts\/16073","targetHints":{"allow":["GET"]}}],"collection":[{"href":"https:\/\/www.elpolitologoyelpolitico.com.ar\/wordpress\/wp-json\/wp\/v2\/posts"}],"about":[{"href":"https:\/\/www.elpolitologoyelpolitico.com.ar\/wordpress\/wp-json\/wp\/v2\/types\/post"}],"author":[{"embeddable":true,"href":"https:\/\/www.elpolitologoyelpolitico.com.ar\/wordpress\/wp-json\/wp\/v2\/users\/4"}],"replies":[{"embeddable":true,"href":"https:\/\/www.elpolitologoyelpolitico.com.ar\/wordpress\/wp-json\/wp\/v2\/comments?post=16073"}],"version-history":[{"count":0,"href":"https:\/\/www.elpolitologoyelpolitico.com.ar\/wordpress\/wp-json\/wp\/v2\/posts\/16073\/revisions"}],"wp:featuredmedia":[{"embeddable":true,"href":"https:\/\/www.elpolitologoyelpolitico.com.ar\/wordpress\/wp-json\/wp\/v2\/media\/16074"}],"wp:attachment":[{"href":"https:\/\/www.elpolitologoyelpolitico.com.ar\/wordpress\/wp-json\/wp\/v2\/media?parent=16073"}],"wp:term":[{"taxonomy":"category","embeddable":true,"href":"https:\/\/www.elpolitologoyelpolitico.com.ar\/wordpress\/wp-json\/wp\/v2\/categories?post=16073"},{"taxonomy":"post_tag","embeddable":true,"href":"https:\/\/www.elpolitologoyelpolitico.com.ar\/wordpress\/wp-json\/wp\/v2\/tags?post=16073"}],"curies":[{"name":"wp","href":"https:\/\/api.w.org\/{rel}","templated":true}]}}