{"id":16066,"date":"2022-02-11T20:31:38","date_gmt":"2022-02-11T20:31:38","guid":{"rendered":"https:\/\/www.elpolitologoyelpolitico.com.ar\/wordpress\/?p=16066"},"modified":"2022-02-11T20:32:20","modified_gmt":"2022-02-11T20:32:20","slug":"importante-donacion-de-instrumental-quirurgico-para-el-hospital-dr-pedro-ecay","status":"publish","type":"post","link":"https:\/\/www.elpolitologoyelpolitico.com.ar\/wordpress\/2022\/02\/11\/importante-donacion-de-instrumental-quirurgico-para-el-hospital-dr-pedro-ecay\/","title":{"rendered":"Importante donaci\u00f3n de instrumental quir\u00fargico para el hospital \u201cDr. Pedro Ecay\u201d"},"content":{"rendered":"\t\t<div data-elementor-type=\"wp-post\" data-elementor-id=\"16066\" class=\"elementor elementor-16066\">\n\t\t\t\t\t\t<section class=\"elementor-section elementor-top-section elementor-element elementor-element-3daa2fe5 elementor-section-boxed elementor-section-height-default elementor-section-height-default\" data-id=\"3daa2fe5\" data-element_type=\"section\" data-e-type=\"section\">\n\t\t\t\t\t\t<div class=\"elementor-container elementor-column-gap-default\">\n\t\t\t\t\t<div class=\"elementor-column elementor-col-100 elementor-top-column elementor-element elementor-element-672284bd\" data-id=\"672284bd\" data-element_type=\"column\" data-e-type=\"column\">\n\t\t\t<div class=\"elementor-widget-wrap elementor-element-populated\">\n\t\t\t\t\t\t<div class=\"elementor-element elementor-element-a86b0a9 elementor-widget elementor-widget-text-editor\" data-id=\"a86b0a9\" data-element_type=\"widget\" data-e-type=\"widget\" data-widget_type=\"text-editor.default\">\n\t\t\t\t<div class=\"elementor-widget-container\">\n\t\t\t\t\t\t\t\t\t\n<p><\/p>\n\n\n\n<p>Este mi\u00e9rcoles, el hospital \u201cDr. Pedro Ecay\u201d recibi\u00f3 una importante donaci\u00f3n por parte de la Iglesia de Jesucristo de los Santos de los \u00faltimos d\u00edas, que tiene sede en Carmen de Patagones.&nbsp;<\/p>\n\n\n\n<p>Se trata de un set de instrumental quir\u00fargico para cirug\u00edas oftalmol\u00f3gicas, que fue recibido por el Dr. Leandro Pusseto, acompa\u00f1ado por el Director del nosocomio, Dr. Eduardo Jalabert.&nbsp;<\/p>\n\n\n\n<p>La entrega fue realizada por el pastor de la instituci\u00f3n, Emiliano G\u00e9nova.&nbsp;<\/p>\n\n\n\n<p>En la ocasi\u00f3n, los profesionales de la salud destacaron la importancia de contar con el instrumental recibido; el cual tiene un alto valor econ\u00f3mico y cumple un rol fundamental en los servicios que presta el hospital.<\/p>\n\t\t\t\t\t\t\t\t<\/div>\n\t\t\t\t<\/div>\n\t\t\t\t\t<\/div>\n\t\t<\/div>\n\t\t\t\t\t<\/div>\n\t\t<\/section>\n\t\t\t\t<\/div>\n\t\t<div class=\"fb-background-color\">\n\t\t\t  <div \n\t\t\t  \tclass = \"fb-comments\" \n\t\t\t  \tdata-href = \"https:\/\/www.elpolitologoyelpolitico.com.ar\/wordpress\/2022\/02\/11\/importante-donacion-de-instrumental-quirurgico-para-el-hospital-dr-pedro-ecay\/\"\n\t\t\t  \tdata-numposts = \"10\"\n\t\t\t  \tdata-lazy = \"true\"\n\t\t\t\tdata-colorscheme = \"light\"\n\t\t\t\tdata-order-by = \"social\"\n\t\t\t\tdata-mobile=true>\n\t\t\t  <\/div><\/div>\n\t\t  <style>\n\t\t    .fb-background-color {\n\t\t\t\tbackground: #ffffff !important;\n\t\t\t}\n\t\t\t.fb_iframe_widget_fluid_desktop iframe {\n\t\t\t    width: 100% !important;\n\t\t\t}\n\t\t  <\/style>\n\t\t  ","protected":false},"excerpt":{"rendered":"<p>Este mi\u00e9rcoles, el hospital \u201cDr. Pedro Ecay\u201d recibi\u00f3 una importante donaci\u00f3n por parte de la Iglesia de Jesucristo de los Santos de los \u00faltimos d\u00edas, que tiene sede en Carmen de Patagones.&nbsp; Se trata de un set de instrumental quir\u00fargico para cirug\u00edas oftalmol\u00f3gicas, que fue recibido por el Dr. Leandro Pusseto, acompa\u00f1ado por el Director [&hellip;]<\/p>\n","protected":false},"author":4,"featured_media":16068,"comment_status":"closed","ping_status":"closed","sticky":false,"template":"","format":"standard","meta":{"_joinchat":[],"footnotes":""},"categories":[39],"tags":[],"class_list":["post-16066","post","type-post","status-publish","format-standard","has-post-thumbnail","hentry","category-en-esta-seccion"],"_links":{"self":[{"href":"https:\/\/www.elpolitologoyelpolitico.com.ar\/wordpress\/wp-json\/wp\/v2\/posts\/16066","targetHints":{"allow":["GET"]}}],"collection":[{"href":"https:\/\/www.elpolitologoyelpolitico.com.ar\/wordpress\/wp-json\/wp\/v2\/posts"}],"about":[{"href":"https:\/\/www.elpolitologoyelpolitico.com.ar\/wordpress\/wp-json\/wp\/v2\/types\/post"}],"author":[{"embeddable":true,"href":"https:\/\/www.elpolitologoyelpolitico.com.ar\/wordpress\/wp-json\/wp\/v2\/users\/4"}],"replies":[{"embeddable":true,"href":"https:\/\/www.elpolitologoyelpolitico.com.ar\/wordpress\/wp-json\/wp\/v2\/comments?post=16066"}],"version-history":[{"count":0,"href":"https:\/\/www.elpolitologoyelpolitico.com.ar\/wordpress\/wp-json\/wp\/v2\/posts\/16066\/revisions"}],"wp:featuredmedia":[{"embeddable":true,"href":"https:\/\/www.elpolitologoyelpolitico.com.ar\/wordpress\/wp-json\/wp\/v2\/media\/16068"}],"wp:attachment":[{"href":"https:\/\/www.elpolitologoyelpolitico.com.ar\/wordpress\/wp-json\/wp\/v2\/media?parent=16066"}],"wp:term":[{"taxonomy":"category","embeddable":true,"href":"https:\/\/www.elpolitologoyelpolitico.com.ar\/wordpress\/wp-json\/wp\/v2\/categories?post=16066"},{"taxonomy":"post_tag","embeddable":true,"href":"https:\/\/www.elpolitologoyelpolitico.com.ar\/wordpress\/wp-json\/wp\/v2\/tags?post=16066"}],"curies":[{"name":"wp","href":"https:\/\/api.w.org\/{rel}","templated":true}]}}