{"id":16010,"date":"2022-02-10T21:14:24","date_gmt":"2022-02-10T21:14:24","guid":{"rendered":"https:\/\/www.elpolitologoyelpolitico.com.ar\/wordpress\/?p=16010"},"modified":"2022-02-10T21:15:05","modified_gmt":"2022-02-10T21:15:05","slug":"distinguen-por-su-labor-a-la-doctora-sara-itkin","status":"publish","type":"post","link":"https:\/\/www.elpolitologoyelpolitico.com.ar\/wordpress\/2022\/02\/10\/distinguen-por-su-labor-a-la-doctora-sara-itkin\/","title":{"rendered":"DISTINGUEN POR SU LABOR A LA DOCTORA SARA ITKIN"},"content":{"rendered":"\t\t<div data-elementor-type=\"wp-post\" data-elementor-id=\"16010\" class=\"elementor elementor-16010\">\n\t\t\t\t\t\t<section class=\"elementor-section elementor-top-section elementor-element elementor-element-e987659 elementor-section-boxed elementor-section-height-default elementor-section-height-default\" data-id=\"e987659\" data-element_type=\"section\" data-e-type=\"section\">\n\t\t\t\t\t\t<div class=\"elementor-container elementor-column-gap-default\">\n\t\t\t\t\t<div class=\"elementor-column elementor-col-100 elementor-top-column elementor-element elementor-element-554c5248\" data-id=\"554c5248\" data-element_type=\"column\" data-e-type=\"column\">\n\t\t\t<div class=\"elementor-widget-wrap elementor-element-populated\">\n\t\t\t\t\t\t<div class=\"elementor-element elementor-element-61880ebc elementor-widget elementor-widget-text-editor\" data-id=\"61880ebc\" data-element_type=\"widget\" data-e-type=\"widget\" data-widget_type=\"text-editor.default\">\n\t\t\t\t<div class=\"elementor-widget-container\">\n\t\t\t\t\t\t\t\t\t\n<p><\/p>\n\n\n\n<p>La Declaraci\u00f3n de inter\u00e9s impulsada por la legisladora Mar\u00eda Eugenia Martini reconoce la trayectoria de la m\u00e9dica naturista, escritora e investigadora de las propiedades curativas de las plantas como alternativa a la medicina tradicional.<\/p>\n\n\n\n<p>En un emotivo acto, la presidenta del bloque FdT, Mar\u00eda Eugenia Martini, entreg\u00f3 ayer la distinci\u00f3n otorgada por la Legislatura de R\u00edo Negro, a Sara Itkin, cuya labor m\u00e9dica fue declarada de inter\u00e9s educativo, cient\u00edfico y comunitario.<\/p>\n\n\n\n<p>Itkin, quien recibi\u00f3 el reconocimiento junto a sus hijos, reside y se desempe\u00f1a en su actividad en Bariloche desde hace m\u00e1s de 20 a\u00f1os, pero sus trabajos de divulgaci\u00f3n, que incluyen numerosos art\u00edculos y 4 libros dedicados al uso medicinal de las plantas de la Patagonia le han otorgado un reconocimiento a nivel nacional.<\/p>\n\n\n\n<p>Estudi\u00f3 medicina en la Universidad Nacional de Rosario (Santa Fe) y complet\u00f3 su residencia como M\u00e9dica Generalista. Vivi\u00f3 y ejerci\u00f3 la medicina en Neuqu\u00e9n, en zonas rurales y de comunidades Mapuche. En Villa Traful, en el a\u00f1o 2000, conform\u00f3 el grupo \u201cCompartiendo Saberes\u201d con mujeres del lugar, recuerda en sus fundamentos&nbsp; la iniciativa parlamentaria presentada por la legisladora Mar\u00eda Eugenia Martini.<\/p>\n\n\n\n<p>\u201cNo se trata solo de saberes populares sino de estudios cient\u00edficos sistematizados desde hace much\u00edsimos a\u00f1os. Se trata de complementar y de acompa\u00f1ar a la medicina tradicional en el cuidado de la salud, algo a lo que la doctora Itkin ha dedicado su vida profesional. Un compromiso que es m\u00e1s que justo reconocer\u201d, se\u00f1al\u00f3 Martini al entregarle personalmente a la m\u00e9dica este mi\u00e9rcoles el reconocimiento que llegar\u00e1 al recinto durante la pr\u00f3xima sesi\u00f3n.<\/p>\n\n\n\n<p>Itkin se recibi\u00f3 de m\u00e9dica hace ya 30 a\u00f1os y desde entonces orient\u00f3 su profesi\u00f3n al estudio y el uso de plantas. En 2001, estando en Neuqu\u00e9n, resolvi\u00f3 dejar el sistema de salud p\u00fablico y \u201cno volver a indicar medicamentos de s\u00edntesis\u201d, asegura.<\/p>\n\n\n\n<p>\u201cAs\u00ed fui siendo quien soy\u201d, se describe Sara Itkin, \u201cuna m\u00e9dica yuyera. Me defino as\u00ed, porque considero importante mi formaci\u00f3n acad\u00e9mica, de pre y post grado y la experiencia que logr\u00e9 trabajando en los hospitales; y yuyera porque es la forma de llamar y valorizar a las plantas para la salud y a la gente que desde siempre se san\u00f3 con ellas\u201d.<\/p>\n\n\n\n<p>El proyecto de Declaraci\u00f3n presentado por Martini, destaca el \u201cinter\u00e9s educativo, cient\u00edfico y comunitario la labor de investigaci\u00f3n y difusi\u00f3n en Medicina Natural de la Dra. Sara Itkin\u201d.<\/p>\n\n\n\n<p>\u201cSiento profundamente que no puedo ser qui\u00e9n soy si no valoro la historia honrando a todas las mujeres que en mi habitan quienes fueron desacreditadas y perseguidas por el compromiso que ten\u00edan para ayudar a sanar, por amar a las plantas y por amar la Tierra\u201d, reconoce Itkin.<\/p>\n\n\n\n<p>\u201cDesde la labor legislativa\u201d, consider\u00f3 finalmente Martini, \u201cvaloramos la dedicaci\u00f3n, el esfuerzo y la coherencia de quienes trabajan para ofrecer a los dem\u00e1s respuestas menos conocidas o poco difundidas, que suelen no estar disponibles a trav\u00e9s de los medios tradicionales, siempre buscando mejorar nuestra calidad de vida\u201d.<\/p>\n\n\n\n<figure class=\"wp-block-image size-full\"><img fetchpriority=\"high\" decoding=\"async\" width=\"768\" height=\"576\" src=\"https:\/\/www.elpolitologoyelpolitico.com.ar\/wp-content\/uploads\/2022\/02\/IMG-20220210-WA0011.jpg\" alt=\"\" class=\"wp-image-16012\" srcset=\"https:\/\/www.elpolitologoyelpolitico.com.ar\/wp-content\/uploads\/2022\/02\/IMG-20220210-WA0011.jpg 768w, https:\/\/www.elpolitologoyelpolitico.com.ar\/wp-content\/uploads\/2022\/02\/IMG-20220210-WA0011-300x225.jpg 300w\" sizes=\"(max-width: 768px) 100vw, 768px\" \/><\/figure>\n\t\t\t\t\t\t\t\t<\/div>\n\t\t\t\t<\/div>\n\t\t\t\t\t<\/div>\n\t\t<\/div>\n\t\t\t\t\t<\/div>\n\t\t<\/section>\n\t\t\t\t<\/div>\n\t\t<div class=\"fb-background-color\">\n\t\t\t  <div \n\t\t\t  \tclass = \"fb-comments\" \n\t\t\t  \tdata-href = \"https:\/\/www.elpolitologoyelpolitico.com.ar\/wordpress\/2022\/02\/10\/distinguen-por-su-labor-a-la-doctora-sara-itkin\/\"\n\t\t\t  \tdata-numposts = \"10\"\n\t\t\t  \tdata-lazy = \"true\"\n\t\t\t\tdata-colorscheme = \"light\"\n\t\t\t\tdata-order-by = \"social\"\n\t\t\t\tdata-mobile=true>\n\t\t\t  <\/div><\/div>\n\t\t  <style>\n\t\t    .fb-background-color {\n\t\t\t\tbackground: #ffffff !important;\n\t\t\t}\n\t\t\t.fb_iframe_widget_fluid_desktop iframe {\n\t\t\t    width: 100% !important;\n\t\t\t}\n\t\t  <\/style>\n\t\t  ","protected":false},"excerpt":{"rendered":"<p>La Declaraci\u00f3n de inter\u00e9s impulsada por la legisladora Mar\u00eda Eugenia Martini reconoce la trayectoria de la m\u00e9dica naturista, escritora e investigadora de las propiedades curativas de las plantas como alternativa a la medicina tradicional. En un emotivo acto, la presidenta del bloque FdT, Mar\u00eda Eugenia Martini, entreg\u00f3 ayer la distinci\u00f3n otorgada por la Legislatura de [&hellip;]<\/p>\n","protected":false},"author":4,"featured_media":16011,"comment_status":"closed","ping_status":"closed","sticky":false,"template":"","format":"standard","meta":{"_joinchat":[],"footnotes":""},"categories":[39],"tags":[],"class_list":["post-16010","post","type-post","status-publish","format-standard","has-post-thumbnail","hentry","category-en-esta-seccion"],"_links":{"self":[{"href":"https:\/\/www.elpolitologoyelpolitico.com.ar\/wordpress\/wp-json\/wp\/v2\/posts\/16010","targetHints":{"allow":["GET"]}}],"collection":[{"href":"https:\/\/www.elpolitologoyelpolitico.com.ar\/wordpress\/wp-json\/wp\/v2\/posts"}],"about":[{"href":"https:\/\/www.elpolitologoyelpolitico.com.ar\/wordpress\/wp-json\/wp\/v2\/types\/post"}],"author":[{"embeddable":true,"href":"https:\/\/www.elpolitologoyelpolitico.com.ar\/wordpress\/wp-json\/wp\/v2\/users\/4"}],"replies":[{"embeddable":true,"href":"https:\/\/www.elpolitologoyelpolitico.com.ar\/wordpress\/wp-json\/wp\/v2\/comments?post=16010"}],"version-history":[{"count":0,"href":"https:\/\/www.elpolitologoyelpolitico.com.ar\/wordpress\/wp-json\/wp\/v2\/posts\/16010\/revisions"}],"wp:featuredmedia":[{"embeddable":true,"href":"https:\/\/www.elpolitologoyelpolitico.com.ar\/wordpress\/wp-json\/wp\/v2\/media\/16011"}],"wp:attachment":[{"href":"https:\/\/www.elpolitologoyelpolitico.com.ar\/wordpress\/wp-json\/wp\/v2\/media?parent=16010"}],"wp:term":[{"taxonomy":"category","embeddable":true,"href":"https:\/\/www.elpolitologoyelpolitico.com.ar\/wordpress\/wp-json\/wp\/v2\/categories?post=16010"},{"taxonomy":"post_tag","embeddable":true,"href":"https:\/\/www.elpolitologoyelpolitico.com.ar\/wordpress\/wp-json\/wp\/v2\/tags?post=16010"}],"curies":[{"name":"wp","href":"https:\/\/api.w.org\/{rel}","templated":true}]}}