{"id":15985,"date":"2022-02-10T17:04:05","date_gmt":"2022-02-10T17:04:05","guid":{"rendered":"https:\/\/www.elpolitologoyelpolitico.com.ar\/wordpress\/?p=15985"},"modified":"2022-02-10T17:04:52","modified_gmt":"2022-02-10T17:04:52","slug":"todo-listo-para-la-fiesta-provincial-del-rio-en-viedma","status":"publish","type":"post","link":"https:\/\/www.elpolitologoyelpolitico.com.ar\/wordpress\/2022\/02\/10\/todo-listo-para-la-fiesta-provincial-del-rio-en-viedma\/","title":{"rendered":"Todo listo para la Fiesta Provincial del R\u00edo en Viedma"},"content":{"rendered":"\t\t<div data-elementor-type=\"wp-post\" data-elementor-id=\"15985\" class=\"elementor elementor-15985\">\n\t\t\t\t\t\t<section class=\"elementor-section elementor-top-section elementor-element elementor-element-f20e06a elementor-section-boxed elementor-section-height-default elementor-section-height-default\" data-id=\"f20e06a\" data-element_type=\"section\" data-e-type=\"section\">\n\t\t\t\t\t\t<div class=\"elementor-container elementor-column-gap-default\">\n\t\t\t\t\t<div class=\"elementor-column elementor-col-100 elementor-top-column elementor-element elementor-element-21fecf9\" data-id=\"21fecf9\" data-element_type=\"column\" data-e-type=\"column\">\n\t\t\t<div class=\"elementor-widget-wrap elementor-element-populated\">\n\t\t\t\t\t\t<div class=\"elementor-element elementor-element-3a136e5f elementor-widget elementor-widget-text-editor\" data-id=\"3a136e5f\" data-element_type=\"widget\" data-e-type=\"widget\" data-widget_type=\"text-editor.default\">\n\t\t\t\t<div class=\"elementor-widget-container\">\n\t\t\t\t\t\t\t\t\t\n<p><\/p>\n\n\n\n<p>Con m\u00faltiples propuestas culturales, deportivas y gastron\u00f3micas, del 26 al 28 de febrero el gobierno de Viedma, llevar\u00e1 adelante la Fiesta Provincial del R\u00edo en el parque Jorge Ferreira.<\/p>\n\n\n\n<p>Los espect\u00e1culos principales ser\u00e1n el grupo Rafaga, Destino San Javier, Alejandro Lerner y Los Autenticos Decadentes. Asimismo, durante los tres d\u00edas de la fiesta, se presentar\u00e1n artistas locales para abrir cada una de las jornadas.<\/p>\n\n\n\n<p>El s\u00e1bado 26 ser\u00e1 d\u00eda de cumbia y comenzar\u00e1 con toda la m\u00fasica de Pelusa Rupayan, seguir\u00e1 con la banda La Doble G, luego ser\u00e1 el turno de La Sandoband, m\u00e1s tarde habr\u00e1 un tributo a Gilda y desde las 22.30 tocar\u00e1 Rafaga.<\/p>\n\n\n\n<p>El domingo 27 ser\u00e1 el turno del folklore y los espect\u00e1culos empezar\u00e1n con la cantante Georgina Herrera, seguir\u00e1n con la Comarca Chamamecera, luego con Los Hermanos Farias. M\u00e1s tarde habr\u00e1 un tributo a Horacio Guarany donde actuar\u00e1 el grupo de danzas De Ra\u00edz Folkl\u00f3rica y por \u00faltimo cerrar\u00e1 el show la reconocida banda Destino San Javier.<\/p>\n\n\n\n<p>Para finalizar, el lunes 28 de febrero comenzar\u00e1 con ritmos nacionales, con la banda Guayubira, continuar\u00e1 con un tributo a Charly Garcia y los dos espect\u00e1culos finales estar\u00e1n a cargo de Alejandro Lerner y Los Autenticos Decadentes<\/p>\n\n\n\n<p>Actividades deportivas<\/p>\n\n\n\n<p>En el marco de la Fiesta Provincial del R\u00edo, se desarrollar\u00e1n tambi\u00e9n diferentes propuestas deportivas.<\/p>\n\n\n\n<p>Hasta el domingo 13 de febrero estar\u00e1n disponibles los paradores del rio y del mar con actividades deportivas y recreativas para toda la familia. Adem\u00e1s ese mismo d\u00eda se realizar\u00e1 un encuentro de F\u00fatbol Playa, que se llevar\u00e1 a cabo en conjunto con la Liga Barrial Infantil de F\u00fatbol en El C\u00f3ndor.<\/p>\n\n\n\n<p>Asimismo, el 10, 17 y 24 de febrero el gobierno de Viedma junto a la Asociaci\u00f3n de B\u00e1squet del Valle Inferior llevar\u00e1n adelante un encuentro de B\u00e1squet 3\u00d73 en el nuevo play\u00f3n del parque Jorge Ferreira. Las tres jornadas ser\u00e1n de 17hs a 21hs, con horarios para cada categor\u00eda, con refrigerios, frutas y puestos de hidrataci\u00f3n para los participantes.<\/p>\n\n\n\n<p>El viernes 25 de febrero se realizar\u00e1 un torneo abierto de ajedrez en el Reloj de Sol del Parque Ferreira<\/p>\n\n\n\n<p>El s\u00e1bado 26, a las 10hs en la zona del \u00abPaseo de los Palistas\u00bb habr\u00e1 Cruce Simple del r\u00edo y desde las 12hs Dua Kids, para ni\u00f1as y ni\u00f1os de 4 a\u00f1os a 12 a\u00f1os. Las Inscripciones pueden realizarse al mail <a href=\"mailto:viedmadeportes@hotmail.com\">viedmadeportes@hotmail.com<\/a><\/p>\n\n\n\n<p>Adem\u00e1s, el domingo 27 conjuntamente con el club Villa Congreso, se llevar\u00e1 adelante la competencia de Aguas abiertas 3k, que se realizar\u00e1 desde las 10hs en el Puente Basilio Villarino.<\/p>\n\n\n\n<figure class=\"wp-block-gallery has-nested-images columns-default is-cropped wp-block-gallery-2 is-layout-flex wp-block-gallery-is-layout-flex\">\n<figure class=\"wp-block-image size-large\"><img fetchpriority=\"high\" decoding=\"async\" width=\"720\" height=\"555\" data-id=\"15987\" src=\"https:\/\/www.elpolitologoyelpolitico.com.ar\/wp-content\/uploads\/2022\/02\/IMG-20220209-WA0087.jpg\" alt=\"\" class=\"wp-image-15987\" srcset=\"https:\/\/www.elpolitologoyelpolitico.com.ar\/wp-content\/uploads\/2022\/02\/IMG-20220209-WA0087.jpg 720w, https:\/\/www.elpolitologoyelpolitico.com.ar\/wp-content\/uploads\/2022\/02\/IMG-20220209-WA0087-300x231.jpg 300w\" sizes=\"(max-width: 720px) 100vw, 720px\" \/><\/figure>\n\n\n\n<figure class=\"wp-block-image size-large\"><img decoding=\"async\" width=\"720\" height=\"529\" data-id=\"15988\" src=\"https:\/\/www.elpolitologoyelpolitico.com.ar\/wp-content\/uploads\/2022\/02\/IMG-20220209-WA0088.jpg\" alt=\"\" class=\"wp-image-15988\" srcset=\"https:\/\/www.elpolitologoyelpolitico.com.ar\/wp-content\/uploads\/2022\/02\/IMG-20220209-WA0088.jpg 720w, https:\/\/www.elpolitologoyelpolitico.com.ar\/wp-content\/uploads\/2022\/02\/IMG-20220209-WA0088-300x220.jpg 300w\" sizes=\"(max-width: 720px) 100vw, 720px\" \/><\/figure>\n\n\n\n<figure class=\"wp-block-image size-large\"><img decoding=\"async\" width=\"480\" height=\"567\" data-id=\"15989\" src=\"https:\/\/www.elpolitologoyelpolitico.com.ar\/wp-content\/uploads\/2022\/02\/IMG-20220209-WA0086.jpg\" alt=\"\" class=\"wp-image-15989\" srcset=\"https:\/\/www.elpolitologoyelpolitico.com.ar\/wp-content\/uploads\/2022\/02\/IMG-20220209-WA0086.jpg 480w, https:\/\/www.elpolitologoyelpolitico.com.ar\/wp-content\/uploads\/2022\/02\/IMG-20220209-WA0086-254x300.jpg 254w\" sizes=\"(max-width: 480px) 100vw, 480px\" \/><\/figure>\n<\/figure>\n\t\t\t\t\t\t\t\t<\/div>\n\t\t\t\t<\/div>\n\t\t\t\t\t<\/div>\n\t\t<\/div>\n\t\t\t\t\t<\/div>\n\t\t<\/section>\n\t\t\t\t<\/div>\n\t\t<div class=\"fb-background-color\">\n\t\t\t  <div \n\t\t\t  \tclass = \"fb-comments\" \n\t\t\t  \tdata-href = \"https:\/\/www.elpolitologoyelpolitico.com.ar\/wordpress\/2022\/02\/10\/todo-listo-para-la-fiesta-provincial-del-rio-en-viedma\/\"\n\t\t\t  \tdata-numposts = \"10\"\n\t\t\t  \tdata-lazy = \"true\"\n\t\t\t\tdata-colorscheme = \"light\"\n\t\t\t\tdata-order-by = \"social\"\n\t\t\t\tdata-mobile=true>\n\t\t\t  <\/div><\/div>\n\t\t  <style>\n\t\t    .fb-background-color {\n\t\t\t\tbackground: #ffffff !important;\n\t\t\t}\n\t\t\t.fb_iframe_widget_fluid_desktop iframe {\n\t\t\t    width: 100% !important;\n\t\t\t}\n\t\t  <\/style>\n\t\t  ","protected":false},"excerpt":{"rendered":"<p>Con m\u00faltiples propuestas culturales, deportivas y gastron\u00f3micas, del 26 al 28 de febrero el gobierno de Viedma, llevar\u00e1 adelante la Fiesta Provincial del R\u00edo en el parque Jorge Ferreira. Los espect\u00e1culos principales ser\u00e1n el grupo Rafaga, Destino San Javier, Alejandro Lerner y Los Autenticos Decadentes. Asimismo, durante los tres d\u00edas de la fiesta, se presentar\u00e1n [&hellip;]<\/p>\n","protected":false},"author":4,"featured_media":15986,"comment_status":"closed","ping_status":"closed","sticky":false,"template":"","format":"standard","meta":{"_joinchat":[],"footnotes":""},"categories":[39],"tags":[],"class_list":["post-15985","post","type-post","status-publish","format-standard","has-post-thumbnail","hentry","category-en-esta-seccion"],"_links":{"self":[{"href":"https:\/\/www.elpolitologoyelpolitico.com.ar\/wordpress\/wp-json\/wp\/v2\/posts\/15985","targetHints":{"allow":["GET"]}}],"collection":[{"href":"https:\/\/www.elpolitologoyelpolitico.com.ar\/wordpress\/wp-json\/wp\/v2\/posts"}],"about":[{"href":"https:\/\/www.elpolitologoyelpolitico.com.ar\/wordpress\/wp-json\/wp\/v2\/types\/post"}],"author":[{"embeddable":true,"href":"https:\/\/www.elpolitologoyelpolitico.com.ar\/wordpress\/wp-json\/wp\/v2\/users\/4"}],"replies":[{"embeddable":true,"href":"https:\/\/www.elpolitologoyelpolitico.com.ar\/wordpress\/wp-json\/wp\/v2\/comments?post=15985"}],"version-history":[{"count":0,"href":"https:\/\/www.elpolitologoyelpolitico.com.ar\/wordpress\/wp-json\/wp\/v2\/posts\/15985\/revisions"}],"wp:featuredmedia":[{"embeddable":true,"href":"https:\/\/www.elpolitologoyelpolitico.com.ar\/wordpress\/wp-json\/wp\/v2\/media\/15986"}],"wp:attachment":[{"href":"https:\/\/www.elpolitologoyelpolitico.com.ar\/wordpress\/wp-json\/wp\/v2\/media?parent=15985"}],"wp:term":[{"taxonomy":"category","embeddable":true,"href":"https:\/\/www.elpolitologoyelpolitico.com.ar\/wordpress\/wp-json\/wp\/v2\/categories?post=15985"},{"taxonomy":"post_tag","embeddable":true,"href":"https:\/\/www.elpolitologoyelpolitico.com.ar\/wordpress\/wp-json\/wp\/v2\/tags?post=15985"}],"curies":[{"name":"wp","href":"https:\/\/api.w.org\/{rel}","templated":true}]}}