{"id":15979,"date":"2022-02-10T16:31:50","date_gmt":"2022-02-10T16:31:50","guid":{"rendered":"https:\/\/www.elpolitologoyelpolitico.com.ar\/wordpress\/?p=15979"},"modified":"2022-02-10T16:32:33","modified_gmt":"2022-02-10T16:32:33","slug":"si-esa-reunion-no-se-hace-seria-un-abandono-del-estado","status":"publish","type":"post","link":"https:\/\/www.elpolitologoyelpolitico.com.ar\/wordpress\/2022\/02\/10\/si-esa-reunion-no-se-hace-seria-un-abandono-del-estado\/","title":{"rendered":"Si esa reuni\u00f3n no se hace seria un abandono del Estado"},"content":{"rendered":"\t\t<div data-elementor-type=\"wp-post\" data-elementor-id=\"15979\" class=\"elementor elementor-15979\">\n\t\t\t\t\t\t<section class=\"elementor-section elementor-top-section elementor-element elementor-element-31006f62 elementor-section-boxed elementor-section-height-default elementor-section-height-default\" data-id=\"31006f62\" data-element_type=\"section\" data-e-type=\"section\">\n\t\t\t\t\t\t<div class=\"elementor-container elementor-column-gap-default\">\n\t\t\t\t\t<div class=\"elementor-column elementor-col-100 elementor-top-column elementor-element elementor-element-4da1dce5\" data-id=\"4da1dce5\" data-element_type=\"column\" data-e-type=\"column\">\n\t\t\t<div class=\"elementor-widget-wrap elementor-element-populated\">\n\t\t\t\t\t\t<div class=\"elementor-element elementor-element-75a9943e elementor-widget elementor-widget-text-editor\" data-id=\"75a9943e\" data-element_type=\"widget\" data-e-type=\"widget\" data-widget_type=\"text-editor.default\">\n\t\t\t\t<div class=\"elementor-widget-container\">\n\t\t\t\t\t\t\t\t\t\n<p><strong>\u00a0<\/strong><\/p>\n\n\n\n<p>La Concejal del interbloque Frente de Todos de Patagones Mariel Cinirella coment\u00f3 la situaci\u00f3n que se vive en San Blas<\/p>\n\n\n\n<p>\u201cNos reunimos con vecinos en la delegaci\u00f3n municipal y pusimos en claro como Concejales que estamos para acompa\u00f1ar y sobre todo para exigir a quien es responsable de gobernar y de dar soluciones al problema del camino\u201d.<\/p>\n\n\n\n<p>Adem\u00e1s se refiri\u00f3 a la relaci\u00f3n entre el Estado Provincial y Municipal \u201cla Provincia le provee al municipio un presupuesto anual que ronda los 100 millones de pesos\u201d<\/p>\n\n\n\n<p>Asimismo indic\u00f3 \u201cComo concejales estamos pidiendo un informe por escrito en donde est\u00e1 esa plata y en que se gasta\u201d.<\/p>\n\n\n\n<p>La cuesti\u00f3n no solo es el camino y la Concejal resalt\u00f3&nbsp; \u201cOtros problemas que se viven en San Blas tiene que ver con la Salud y el Turismo. Tenemos un camino con mucho serrucho, pozos y hay gente que tiene necesidad de salir por un tramite medico\u201d&nbsp;<\/p>\n\n\n\n<p>Por otra parte expres\u00f3 \u201cEs el Estado Municipal el que tiene que dar respuesta y si la situaci\u00f3n la debe resolver la Provincia, es el municipio que debe informar\u201d.&nbsp;<\/p>\n\n\n\n<p>\u201cLa situaci\u00f3n es compleja en el interior del pueblo. Me acerque a la Delegaci\u00f3n y trate de comunicarme con el intendente interino pero no tuve respuestas&nbsp; dijo la Concejal.<\/p>\n\n\n\n<p>\u201cEl delegado me dijo que en breve el intendente se iba a reunir y ahora estamos esperando la reuni\u00f3n y si esa reuni\u00f3n no se hace seria un abandono del Estado\u201d finaliz\u00f3 Cinirella.<\/p>\n\t\t\t\t\t\t\t\t<\/div>\n\t\t\t\t<\/div>\n\t\t\t\t\t<\/div>\n\t\t<\/div>\n\t\t\t\t\t<\/div>\n\t\t<\/section>\n\t\t\t\t<\/div>\n\t\t<div class=\"fb-background-color\">\n\t\t\t  <div \n\t\t\t  \tclass = \"fb-comments\" \n\t\t\t  \tdata-href = \"https:\/\/www.elpolitologoyelpolitico.com.ar\/wordpress\/2022\/02\/10\/si-esa-reunion-no-se-hace-seria-un-abandono-del-estado\/\"\n\t\t\t  \tdata-numposts = \"10\"\n\t\t\t  \tdata-lazy = \"true\"\n\t\t\t\tdata-colorscheme = \"light\"\n\t\t\t\tdata-order-by = \"social\"\n\t\t\t\tdata-mobile=true>\n\t\t\t  <\/div><\/div>\n\t\t  <style>\n\t\t    .fb-background-color {\n\t\t\t\tbackground: #ffffff !important;\n\t\t\t}\n\t\t\t.fb_iframe_widget_fluid_desktop iframe {\n\t\t\t    width: 100% !important;\n\t\t\t}\n\t\t  <\/style>\n\t\t  ","protected":false},"excerpt":{"rendered":"<p>\u00a0 La Concejal del interbloque Frente de Todos de Patagones Mariel Cinirella coment\u00f3 la situaci\u00f3n que se vive en San Blas \u201cNos reunimos con vecinos en la delegaci\u00f3n municipal y pusimos en claro como Concejales que estamos para acompa\u00f1ar y sobre todo para exigir a quien es responsable de gobernar y de dar soluciones al [&hellip;]<\/p>\n","protected":false},"author":4,"featured_media":15980,"comment_status":"closed","ping_status":"closed","sticky":false,"template":"","format":"standard","meta":{"_joinchat":[],"footnotes":""},"categories":[39],"tags":[],"class_list":["post-15979","post","type-post","status-publish","format-standard","has-post-thumbnail","hentry","category-en-esta-seccion"],"_links":{"self":[{"href":"https:\/\/www.elpolitologoyelpolitico.com.ar\/wordpress\/wp-json\/wp\/v2\/posts\/15979","targetHints":{"allow":["GET"]}}],"collection":[{"href":"https:\/\/www.elpolitologoyelpolitico.com.ar\/wordpress\/wp-json\/wp\/v2\/posts"}],"about":[{"href":"https:\/\/www.elpolitologoyelpolitico.com.ar\/wordpress\/wp-json\/wp\/v2\/types\/post"}],"author":[{"embeddable":true,"href":"https:\/\/www.elpolitologoyelpolitico.com.ar\/wordpress\/wp-json\/wp\/v2\/users\/4"}],"replies":[{"embeddable":true,"href":"https:\/\/www.elpolitologoyelpolitico.com.ar\/wordpress\/wp-json\/wp\/v2\/comments?post=15979"}],"version-history":[{"count":0,"href":"https:\/\/www.elpolitologoyelpolitico.com.ar\/wordpress\/wp-json\/wp\/v2\/posts\/15979\/revisions"}],"wp:featuredmedia":[{"embeddable":true,"href":"https:\/\/www.elpolitologoyelpolitico.com.ar\/wordpress\/wp-json\/wp\/v2\/media\/15980"}],"wp:attachment":[{"href":"https:\/\/www.elpolitologoyelpolitico.com.ar\/wordpress\/wp-json\/wp\/v2\/media?parent=15979"}],"wp:term":[{"taxonomy":"category","embeddable":true,"href":"https:\/\/www.elpolitologoyelpolitico.com.ar\/wordpress\/wp-json\/wp\/v2\/categories?post=15979"},{"taxonomy":"post_tag","embeddable":true,"href":"https:\/\/www.elpolitologoyelpolitico.com.ar\/wordpress\/wp-json\/wp\/v2\/tags?post=15979"}],"curies":[{"name":"wp","href":"https:\/\/api.w.org\/{rel}","templated":true}]}}