{"id":15939,"date":"2022-02-09T23:18:15","date_gmt":"2022-02-09T23:18:15","guid":{"rendered":"https:\/\/www.elpolitologoyelpolitico.com.ar\/wordpress\/?p=15939"},"modified":"2022-02-09T23:37:20","modified_gmt":"2022-02-09T23:37:20","slug":"junto-a-infancias-y-adolescencias-la-senaf-festejara-el-carnaval-2022","status":"publish","type":"post","link":"https:\/\/www.elpolitologoyelpolitico.com.ar\/wordpress\/2022\/02\/09\/junto-a-infancias-y-adolescencias-la-senaf-festejara-el-carnaval-2022\/","title":{"rendered":"Junto a infancias y adolescencias la SENAF festejar\u00e1 el Carnaval 2022"},"content":{"rendered":"\t\t<div data-elementor-type=\"wp-post\" data-elementor-id=\"15939\" class=\"elementor elementor-15939\">\n\t\t\t\t\t\t<section class=\"elementor-section elementor-top-section elementor-element elementor-element-ca0502e elementor-section-boxed elementor-section-height-default elementor-section-height-default\" data-id=\"ca0502e\" data-element_type=\"section\" data-e-type=\"section\">\n\t\t\t\t\t\t<div class=\"elementor-container elementor-column-gap-default\">\n\t\t\t\t\t<div class=\"elementor-column elementor-col-100 elementor-top-column elementor-element elementor-element-79f6f7ba\" data-id=\"79f6f7ba\" data-element_type=\"column\" data-e-type=\"column\">\n\t\t\t<div class=\"elementor-widget-wrap elementor-element-populated\">\n\t\t\t\t\t\t<div class=\"elementor-element elementor-element-295acb30 elementor-widget elementor-widget-text-editor\" data-id=\"295acb30\" data-element_type=\"widget\" data-e-type=\"widget\" data-widget_type=\"text-editor.default\">\n\t\t\t\t<div class=\"elementor-widget-container\">\n\t\t\t\t\t\t\t\t\t\n<p><\/p>\n\n\n\n<p>Los ni\u00f1os, ni\u00f1as y adolescentes de los espacios preventivos promocionales ECOS y Hueche de la Secretar\u00eda de Estado de Ni\u00f1ez, Adolescencia y Familia (SENAF), festejar\u00e1n el Carnaval bajo el lema \u201cMovamos el cuerpo para sacar lo que no nos gusta\u201d.<\/p>\n\n\n\n<p>\u201cEsta es una fiesta muy importante del arte popular porque re\u00fane en la calle a la familia y fundamentalmente a ni\u00f1os, ni\u00f1as y adolescentes en un evento que posee mucha alegr\u00eda\u201d, explic\u00f3 la subsecretaria de Preventivos Promocionales, Norma Mora.<\/p>\n\n\n\n<p>\u201cPero lo interesante de este festejo es que los y las ni\u00f1as van a poder poner en una urna que ser\u00e1 el Rey Momo, todos los dolores, las tristezas y las angustias que este \u00faltimo tiempo atravesaron en el contexto de pandemia y, al finalizar el evento vamos a quemarla, para que simb\u00f3licamente se vayan las penas, tristezas y p\u00e9rdidas que sufrieron\u201d, agreg\u00f3.<\/p>\n\n\n\n<p>El cronograma de festejos comenzar\u00e1 el pr\u00f3ximo 20 de febrero en la ciudad de Villa Regina, seguido por Cipolletti (23\/2), R\u00edo Colorado (24\/2), Viedma (25\/2), Allen (27\/2), El Bols\u00f3n (1-3) y Ramos Mexia y Sierra Colorada (5\/3).<\/p>\n\n\n\n<p>\u201cTodos los talleres tienen un componente l\u00fadico y de reflexi\u00f3n con una din\u00e1mica en donde las y los chicos puedan empezar a poner en palabras c\u00f3mo viven el cuidado de su salud sexual, en donde se trabajar\u00e1 la autoestima y la prevenci\u00f3n en el consumo problem\u00e1tico de sustancia\u201d, explic\u00f3 Mora.<\/p>\n\n\n\n<p>\u201cDesde la SENAF hemos puesto como pol\u00edtica de Estado para estos eventos tres ejes muy fuertes para abordar el trabajo con infancias, adolescencias y juventudes el cual es transversal: la Educaci\u00f3n Sexual Integral (ESI) no binaria, la prevenci\u00f3n de la violencia en sus diferentes expresiones, pero con fuerte perspectiva de g\u00e9nero y, la prevenci\u00f3n del consumo problem\u00e1tico de sustancias\u201d.<\/p>\n\n\n\n<p>\u201cA todos los ni\u00f1os, ni\u00f1as y adolecentes los invitamos a que se acerquen a esta gran fiesta que les va a permitir compartir entre pares y trabajar todo aquello que les gener\u00f3 mucho malestar y dolor durante la pandemia\u201d, finaliz\u00f3.<\/p>\n\t\t\t\t\t\t\t\t<\/div>\n\t\t\t\t<\/div>\n\t\t\t\t\t<\/div>\n\t\t<\/div>\n\t\t\t\t\t<\/div>\n\t\t<\/section>\n\t\t\t\t<\/div>\n\t\t<div class=\"fb-background-color\">\n\t\t\t  <div \n\t\t\t  \tclass = \"fb-comments\" \n\t\t\t  \tdata-href = \"https:\/\/www.elpolitologoyelpolitico.com.ar\/wordpress\/2022\/02\/09\/junto-a-infancias-y-adolescencias-la-senaf-festejara-el-carnaval-2022\/\"\n\t\t\t  \tdata-numposts = \"10\"\n\t\t\t  \tdata-lazy = \"true\"\n\t\t\t\tdata-colorscheme = \"light\"\n\t\t\t\tdata-order-by = \"social\"\n\t\t\t\tdata-mobile=true>\n\t\t\t  <\/div><\/div>\n\t\t  <style>\n\t\t    .fb-background-color {\n\t\t\t\tbackground: #ffffff !important;\n\t\t\t}\n\t\t\t.fb_iframe_widget_fluid_desktop iframe {\n\t\t\t    width: 100% !important;\n\t\t\t}\n\t\t  <\/style>\n\t\t  ","protected":false},"excerpt":{"rendered":"<p>Los ni\u00f1os, ni\u00f1as y adolescentes de los espacios preventivos promocionales ECOS y Hueche de la Secretar\u00eda de Estado de Ni\u00f1ez, Adolescencia y Familia (SENAF), festejar\u00e1n el Carnaval bajo el lema \u201cMovamos el cuerpo para sacar lo que no nos gusta\u201d. \u201cEsta es una fiesta muy importante del arte popular porque re\u00fane en la calle a [&hellip;]<\/p>\n","protected":false},"author":4,"featured_media":15940,"comment_status":"closed","ping_status":"closed","sticky":false,"template":"","format":"standard","meta":{"_joinchat":[],"footnotes":""},"categories":[39],"tags":[],"class_list":["post-15939","post","type-post","status-publish","format-standard","has-post-thumbnail","hentry","category-en-esta-seccion"],"_links":{"self":[{"href":"https:\/\/www.elpolitologoyelpolitico.com.ar\/wordpress\/wp-json\/wp\/v2\/posts\/15939","targetHints":{"allow":["GET"]}}],"collection":[{"href":"https:\/\/www.elpolitologoyelpolitico.com.ar\/wordpress\/wp-json\/wp\/v2\/posts"}],"about":[{"href":"https:\/\/www.elpolitologoyelpolitico.com.ar\/wordpress\/wp-json\/wp\/v2\/types\/post"}],"author":[{"embeddable":true,"href":"https:\/\/www.elpolitologoyelpolitico.com.ar\/wordpress\/wp-json\/wp\/v2\/users\/4"}],"replies":[{"embeddable":true,"href":"https:\/\/www.elpolitologoyelpolitico.com.ar\/wordpress\/wp-json\/wp\/v2\/comments?post=15939"}],"version-history":[{"count":0,"href":"https:\/\/www.elpolitologoyelpolitico.com.ar\/wordpress\/wp-json\/wp\/v2\/posts\/15939\/revisions"}],"wp:featuredmedia":[{"embeddable":true,"href":"https:\/\/www.elpolitologoyelpolitico.com.ar\/wordpress\/wp-json\/wp\/v2\/media\/15940"}],"wp:attachment":[{"href":"https:\/\/www.elpolitologoyelpolitico.com.ar\/wordpress\/wp-json\/wp\/v2\/media?parent=15939"}],"wp:term":[{"taxonomy":"category","embeddable":true,"href":"https:\/\/www.elpolitologoyelpolitico.com.ar\/wordpress\/wp-json\/wp\/v2\/categories?post=15939"},{"taxonomy":"post_tag","embeddable":true,"href":"https:\/\/www.elpolitologoyelpolitico.com.ar\/wordpress\/wp-json\/wp\/v2\/tags?post=15939"}],"curies":[{"name":"wp","href":"https:\/\/api.w.org\/{rel}","templated":true}]}}