{"id":15924,"date":"2022-02-09T21:07:09","date_gmt":"2022-02-09T21:07:09","guid":{"rendered":"https:\/\/www.elpolitologoyelpolitico.com.ar\/wordpress\/?p=15924"},"modified":"2022-02-09T21:08:48","modified_gmt":"2022-02-09T21:08:48","slug":"se-viene-la-competencia-de-aguas-abiertas-2022","status":"publish","type":"post","link":"https:\/\/www.elpolitologoyelpolitico.com.ar\/wordpress\/2022\/02\/09\/se-viene-la-competencia-de-aguas-abiertas-2022\/","title":{"rendered":"Se viene la Competencia de Aguas Abiertas 2022"},"content":{"rendered":"\t\t<div data-elementor-type=\"wp-post\" data-elementor-id=\"15924\" class=\"elementor elementor-15924\">\n\t\t\t\t\t\t<section class=\"elementor-section elementor-top-section elementor-element elementor-element-2a74b668 elementor-section-boxed elementor-section-height-default elementor-section-height-default\" data-id=\"2a74b668\" data-element_type=\"section\" data-e-type=\"section\">\n\t\t\t\t\t\t<div class=\"elementor-container elementor-column-gap-default\">\n\t\t\t\t\t<div class=\"elementor-column elementor-col-100 elementor-top-column elementor-element elementor-element-58fd7747\" data-id=\"58fd7747\" data-element_type=\"column\" data-e-type=\"column\">\n\t\t\t<div class=\"elementor-widget-wrap elementor-element-populated\">\n\t\t\t\t\t\t<div class=\"elementor-element elementor-element-3dde6925 elementor-widget elementor-widget-text-editor\" data-id=\"3dde6925\" data-element_type=\"widget\" data-e-type=\"widget\" data-widget_type=\"text-editor.default\">\n\t\t\t\t<div class=\"elementor-widget-container\">\n\t\t\t\t\t\t\t\t\t\n<p style=\"text-align: left;\">En el marco de la Fiesta Provincial del R\u00edo, el domingo 27 de febrero se llevar\u00e1 adelante la tradicional Competencia de Aguas Abiertas 3k, organizada por el Club Villa congreso en la costanera de Viedma.<\/p>\n\n<p>La carrera comenzar\u00e1 a las 10am y largar\u00e1 desde el Puente Basilio Villarino. El recorrido ser\u00e1 de 3k y llegar\u00e1 hasta Plazoleta del Fundador Francisco de Viedma.<\/p>\n\n<p>Las inscripciones podr\u00e1n realizarse a trav\u00e9s del link\u00a0 <a href=\"https:\/\/bit.ly\/3JdDopE\">https:\/\/bit.ly\/3JdDopE<\/a> y habr\u00e1 cupo para 120 participantes, se confirmar\u00e1 asistencia con el pago de la inscripci\u00f3n hasta el d\u00eda 24 de febrero<\/p>\n\n<p>A la competencia podr\u00e1n asistir participantes de 15 a\u00f1os en adelante (con autorizaci\u00f3n de tutores) en categor\u00edas femeninas, masculinas y nataci\u00f3n adaptada.<\/p>\n\n<p>La premiaci\u00f3n de la competencia general sera en dinero, siendo el primer premio de 5 mil pesos, el segundo premio de 3 mil pesos y el tercer premio de 2 mil pesos.<\/p>\n\n<p>La competencia es organizada por el Club Villa Congreso y cuenta con el acompa\u00f1amiento de Fenix Producciones y del gobierno de Viedma. El Valor de inscripci\u00f3n es de 2 mil pesos para quienes no son socios y 1.600 pesos para socios del club Villa Congreso.<\/p>\n\t\t\t\t\t\t\t\t<\/div>\n\t\t\t\t<\/div>\n\t\t\t\t\t<\/div>\n\t\t<\/div>\n\t\t\t\t\t<\/div>\n\t\t<\/section>\n\t\t\t\t<\/div>\n\t\t<div class=\"fb-background-color\">\n\t\t\t  <div \n\t\t\t  \tclass = \"fb-comments\" \n\t\t\t  \tdata-href = \"https:\/\/www.elpolitologoyelpolitico.com.ar\/wordpress\/2022\/02\/09\/se-viene-la-competencia-de-aguas-abiertas-2022\/\"\n\t\t\t  \tdata-numposts = \"10\"\n\t\t\t  \tdata-lazy = \"true\"\n\t\t\t\tdata-colorscheme = \"light\"\n\t\t\t\tdata-order-by = \"social\"\n\t\t\t\tdata-mobile=true>\n\t\t\t  <\/div><\/div>\n\t\t  <style>\n\t\t    .fb-background-color {\n\t\t\t\tbackground: #ffffff !important;\n\t\t\t}\n\t\t\t.fb_iframe_widget_fluid_desktop iframe {\n\t\t\t    width: 100% !important;\n\t\t\t}\n\t\t  <\/style>\n\t\t  ","protected":false},"excerpt":{"rendered":"<p>En el marco de la Fiesta Provincial del R\u00edo, el domingo 27 de febrero se llevar\u00e1 adelante la tradicional Competencia de Aguas Abiertas 3k, organizada por el Club Villa congreso en la costanera de Viedma. La carrera comenzar\u00e1 a las 10am y largar\u00e1 desde el Puente Basilio Villarino. El recorrido ser\u00e1 de 3k y llegar\u00e1 [&hellip;]<\/p>\n","protected":false},"author":4,"featured_media":15925,"comment_status":"closed","ping_status":"closed","sticky":false,"template":"","format":"standard","meta":{"_joinchat":[],"footnotes":""},"categories":[39],"tags":[],"class_list":["post-15924","post","type-post","status-publish","format-standard","has-post-thumbnail","hentry","category-en-esta-seccion"],"_links":{"self":[{"href":"https:\/\/www.elpolitologoyelpolitico.com.ar\/wordpress\/wp-json\/wp\/v2\/posts\/15924","targetHints":{"allow":["GET"]}}],"collection":[{"href":"https:\/\/www.elpolitologoyelpolitico.com.ar\/wordpress\/wp-json\/wp\/v2\/posts"}],"about":[{"href":"https:\/\/www.elpolitologoyelpolitico.com.ar\/wordpress\/wp-json\/wp\/v2\/types\/post"}],"author":[{"embeddable":true,"href":"https:\/\/www.elpolitologoyelpolitico.com.ar\/wordpress\/wp-json\/wp\/v2\/users\/4"}],"replies":[{"embeddable":true,"href":"https:\/\/www.elpolitologoyelpolitico.com.ar\/wordpress\/wp-json\/wp\/v2\/comments?post=15924"}],"version-history":[{"count":0,"href":"https:\/\/www.elpolitologoyelpolitico.com.ar\/wordpress\/wp-json\/wp\/v2\/posts\/15924\/revisions"}],"wp:featuredmedia":[{"embeddable":true,"href":"https:\/\/www.elpolitologoyelpolitico.com.ar\/wordpress\/wp-json\/wp\/v2\/media\/15925"}],"wp:attachment":[{"href":"https:\/\/www.elpolitologoyelpolitico.com.ar\/wordpress\/wp-json\/wp\/v2\/media?parent=15924"}],"wp:term":[{"taxonomy":"category","embeddable":true,"href":"https:\/\/www.elpolitologoyelpolitico.com.ar\/wordpress\/wp-json\/wp\/v2\/categories?post=15924"},{"taxonomy":"post_tag","embeddable":true,"href":"https:\/\/www.elpolitologoyelpolitico.com.ar\/wordpress\/wp-json\/wp\/v2\/tags?post=15924"}],"curies":[{"name":"wp","href":"https:\/\/api.w.org\/{rel}","templated":true}]}}