{"id":15891,"date":"2022-02-09T12:41:17","date_gmt":"2022-02-09T12:41:17","guid":{"rendered":"https:\/\/www.elpolitologoyelpolitico.com.ar\/wordpress\/?p=15891"},"modified":"2022-02-09T12:42:02","modified_gmt":"2022-02-09T12:42:02","slug":"covid19-se-registraron-45-casos-positivos-y-2-fallecidos-en-patagones","status":"publish","type":"post","link":"https:\/\/www.elpolitologoyelpolitico.com.ar\/wordpress\/2022\/02\/09\/covid19-se-registraron-45-casos-positivos-y-2-fallecidos-en-patagones\/","title":{"rendered":"COVID19: se registraron 45 casos positivos y 2 fallecidos en Patagones"},"content":{"rendered":"\t\t<div data-elementor-type=\"wp-post\" data-elementor-id=\"15891\" class=\"elementor elementor-15891\">\n\t\t\t\t\t\t<section class=\"elementor-section elementor-top-section elementor-element elementor-element-fcabc38 elementor-section-boxed elementor-section-height-default elementor-section-height-default\" data-id=\"fcabc38\" data-element_type=\"section\" data-e-type=\"section\">\n\t\t\t\t\t\t<div class=\"elementor-container elementor-column-gap-default\">\n\t\t\t\t\t<div class=\"elementor-column elementor-col-100 elementor-top-column elementor-element elementor-element-75a89ea3\" data-id=\"75a89ea3\" data-element_type=\"column\" data-e-type=\"column\">\n\t\t\t<div class=\"elementor-widget-wrap elementor-element-populated\">\n\t\t\t\t\t\t<div class=\"elementor-element elementor-element-4d49ec9b elementor-widget elementor-widget-text-editor\" data-id=\"4d49ec9b\" data-element_type=\"widget\" data-e-type=\"widget\" data-widget_type=\"text-editor.default\">\n\t\t\t\t<div class=\"elementor-widget-container\">\n\t\t\t\t\t\t\t\t\t\n<p>La Secretar\u00eda de Salud de Patagones, inform\u00f3 que los d\u00edas lunes y martes se registraron 45 casos positivos de COVID.<\/p>\n\n\n\n<p>Adem\u00e1s, se sumaron 33 estudios a la cifra de resultados negativos, se otorgaron 105 altas y se produjeron 2 decesos.&nbsp;<\/p>\n\n\n\n<p>De esta manera, son 374 los casos positivos activos en todo el Distrito.&nbsp;<\/p>\n\n\n\n<p>Los estudios negativos suman 9091, el n\u00famero de recuperados asciende a 7585 y suman 151 los fallecidos, desde el inicio de la pandemia.&nbsp;<\/p>\n\n\n\n<p>En este marco, se recomienda a la comunidad continuar con el uso del cubrebocas -en espacios cerrados-, y con el uso permanente de alcohol en gel y la constante higiene de las manos.<\/p>\n\n\n\n<figure class=\"wp-block-image size-full\"><img fetchpriority=\"high\" decoding=\"async\" width=\"720\" height=\"720\" src=\"https:\/\/www.elpolitologoyelpolitico.com.ar\/wp-content\/uploads\/2022\/02\/IMG-20220209-WA0004.jpg\" alt=\"\" class=\"wp-image-15892\" srcset=\"https:\/\/www.elpolitologoyelpolitico.com.ar\/wp-content\/uploads\/2022\/02\/IMG-20220209-WA0004.jpg 720w, https:\/\/www.elpolitologoyelpolitico.com.ar\/wp-content\/uploads\/2022\/02\/IMG-20220209-WA0004-300x300.jpg 300w, https:\/\/www.elpolitologoyelpolitico.com.ar\/wp-content\/uploads\/2022\/02\/IMG-20220209-WA0004-150x150.jpg 150w\" sizes=\"(max-width: 720px) 100vw, 720px\" \/><\/figure>\n\t\t\t\t\t\t\t\t<\/div>\n\t\t\t\t<\/div>\n\t\t\t\t\t<\/div>\n\t\t<\/div>\n\t\t\t\t\t<\/div>\n\t\t<\/section>\n\t\t\t\t<\/div>\n\t\t<div class=\"fb-background-color\">\n\t\t\t  <div \n\t\t\t  \tclass = \"fb-comments\" \n\t\t\t  \tdata-href = \"https:\/\/www.elpolitologoyelpolitico.com.ar\/wordpress\/2022\/02\/09\/covid19-se-registraron-45-casos-positivos-y-2-fallecidos-en-patagones\/\"\n\t\t\t  \tdata-numposts = \"10\"\n\t\t\t  \tdata-lazy = \"true\"\n\t\t\t\tdata-colorscheme = \"light\"\n\t\t\t\tdata-order-by = \"social\"\n\t\t\t\tdata-mobile=true>\n\t\t\t  <\/div><\/div>\n\t\t  <style>\n\t\t    .fb-background-color {\n\t\t\t\tbackground: #ffffff !important;\n\t\t\t}\n\t\t\t.fb_iframe_widget_fluid_desktop iframe {\n\t\t\t    width: 100% !important;\n\t\t\t}\n\t\t  <\/style>\n\t\t  ","protected":false},"excerpt":{"rendered":"<p>La Secretar\u00eda de Salud de Patagones, inform\u00f3 que los d\u00edas lunes y martes se registraron 45 casos positivos de COVID. Adem\u00e1s, se sumaron 33 estudios a la cifra de resultados negativos, se otorgaron 105 altas y se produjeron 2 decesos.&nbsp; De esta manera, son 374 los casos positivos activos en todo el Distrito.&nbsp; Los estudios [&hellip;]<\/p>\n","protected":false},"author":4,"featured_media":15893,"comment_status":"closed","ping_status":"closed","sticky":false,"template":"","format":"standard","meta":{"_joinchat":[],"footnotes":""},"categories":[39],"tags":[],"class_list":["post-15891","post","type-post","status-publish","format-standard","has-post-thumbnail","hentry","category-en-esta-seccion"],"_links":{"self":[{"href":"https:\/\/www.elpolitologoyelpolitico.com.ar\/wordpress\/wp-json\/wp\/v2\/posts\/15891","targetHints":{"allow":["GET"]}}],"collection":[{"href":"https:\/\/www.elpolitologoyelpolitico.com.ar\/wordpress\/wp-json\/wp\/v2\/posts"}],"about":[{"href":"https:\/\/www.elpolitologoyelpolitico.com.ar\/wordpress\/wp-json\/wp\/v2\/types\/post"}],"author":[{"embeddable":true,"href":"https:\/\/www.elpolitologoyelpolitico.com.ar\/wordpress\/wp-json\/wp\/v2\/users\/4"}],"replies":[{"embeddable":true,"href":"https:\/\/www.elpolitologoyelpolitico.com.ar\/wordpress\/wp-json\/wp\/v2\/comments?post=15891"}],"version-history":[{"count":0,"href":"https:\/\/www.elpolitologoyelpolitico.com.ar\/wordpress\/wp-json\/wp\/v2\/posts\/15891\/revisions"}],"wp:featuredmedia":[{"embeddable":true,"href":"https:\/\/www.elpolitologoyelpolitico.com.ar\/wordpress\/wp-json\/wp\/v2\/media\/15893"}],"wp:attachment":[{"href":"https:\/\/www.elpolitologoyelpolitico.com.ar\/wordpress\/wp-json\/wp\/v2\/media?parent=15891"}],"wp:term":[{"taxonomy":"category","embeddable":true,"href":"https:\/\/www.elpolitologoyelpolitico.com.ar\/wordpress\/wp-json\/wp\/v2\/categories?post=15891"},{"taxonomy":"post_tag","embeddable":true,"href":"https:\/\/www.elpolitologoyelpolitico.com.ar\/wordpress\/wp-json\/wp\/v2\/tags?post=15891"}],"curies":[{"name":"wp","href":"https:\/\/api.w.org\/{rel}","templated":true}]}}