{"id":15884,"date":"2022-02-09T01:27:48","date_gmt":"2022-02-09T01:27:48","guid":{"rendered":"https:\/\/www.elpolitologoyelpolitico.com.ar\/wordpress\/?p=15884"},"modified":"2022-02-09T01:30:04","modified_gmt":"2022-02-09T01:30:04","slug":"concejales-denuncian-los-perjuicios-provocados-por-el-estado-del-camino-a-san-blas","status":"publish","type":"post","link":"https:\/\/www.elpolitologoyelpolitico.com.ar\/wordpress\/2022\/02\/09\/concejales-denuncian-los-perjuicios-provocados-por-el-estado-del-camino-a-san-blas\/","title":{"rendered":"Concejales denuncian los perjuicios provocados por el estado del camino a San Blas"},"content":{"rendered":"\t\t<div data-elementor-type=\"wp-post\" data-elementor-id=\"15884\" class=\"elementor elementor-15884\">\n\t\t\t\t\t\t<section class=\"elementor-section elementor-top-section elementor-element elementor-element-1e31675c elementor-section-boxed elementor-section-height-default elementor-section-height-default\" data-id=\"1e31675c\" data-element_type=\"section\" data-e-type=\"section\">\n\t\t\t\t\t\t<div class=\"elementor-container elementor-column-gap-default\">\n\t\t\t\t\t<div class=\"elementor-column elementor-col-100 elementor-top-column elementor-element elementor-element-6d97e8ab\" data-id=\"6d97e8ab\" data-element_type=\"column\" data-e-type=\"column\">\n\t\t\t<div class=\"elementor-widget-wrap elementor-element-populated\">\n\t\t\t\t\t\t<div class=\"elementor-element elementor-element-26781cd4 elementor-widget elementor-widget-text-editor\" data-id=\"26781cd4\" data-element_type=\"widget\" data-e-type=\"widget\" data-widget_type=\"text-editor.default\">\n\t\t\t\t<div class=\"elementor-widget-container\">\n\t\t\t\t\t\t\t\t\t\n<p>A ra\u00edz del deterioro de la ruta a Bah\u00eda San Blas,&nbsp; y agravado por las&nbsp; lluvias, integrantes el Interbloque de concejales del Frente de Todos de Patagones, se reunieron con&nbsp; vecinos de la localidad, quienes expresaron su molestia por la desidia a la que son sometidos por el ejecutivo municipal y&nbsp;&nbsp; solicitan&nbsp; al intendente Zara&nbsp; que no demore m\u00e1s su intervenci\u00f3n y garantice la circulaci\u00f3n de la poblaci\u00f3n.<\/p>\n\n\n\n<p>Desde diciembre de 2021 los vecinos y la concejal de nuestro Interbloque Mariel Cinirella (residente de San Blas) le han solicitado audiencias sin obtener respuestas.<\/p>\n\n\n\n<p>Para los residentes el aislamiento ha dificultado la realizaci\u00f3n de tratamientos m\u00e9dicos (algunos graves), cumplir obligaciones laborales, tr\u00e1mites o abastecerse de mercader\u00eda, ya que a los proveedores les resulta dif\u00edcil llegar a los comercios locales.&nbsp;&nbsp;<\/p>\n\n\n\n<p>El estado del camino tambi\u00e9n afect\u00f3 el turismo en una temporada que fue r\u00e9cord en todo el pa\u00eds, es triste leer a turistas que, luego de pasar por la odisea de sortear pozos, serruchos y lagunas, recomiendan no venir a la Bah\u00eda.&nbsp;<\/p>\n\n\n\n<p>Le pedimos al intendente que actu\u00e9 sin caer en el vicio de reclamar a otros soluciones que debe brindar \u00e9l como responsable del municipio.<\/p>\n\n\n\n<p>Finalmente, como administrador de los recursos p\u00fablicos, requerimos que el ejecutivo informe a la comunidad el destino de los m\u00e1s de 80 millones de pesos aportados por la provincia en 2021 para el mantenimiento de los caminos provinciales, los m\u00e1s de 25 millones de la tasa vial, y el programa de trabajo para 2022, con m\u00e1s de 124 millones de pesos en el presupuesto del ejercicio para el mantenimiento y mejora de la red vial, como as\u00ed tambi\u00e9n, que trabajos se previeron esta semana , sabiendo que el pron\u00f3stico estima lluvias\u00a0 para el viernes y poder garantizar el acceso a la isla.<\/p>\n\n\n\n<figure class=\"wp-block-image size-large\"><img fetchpriority=\"high\" decoding=\"async\" width=\"485\" height=\"1024\" src=\"https:\/\/www.elpolitologoyelpolitico.com.ar\/wp-content\/uploads\/2022\/02\/IMG-20220208-WA0055-485x1024.jpg\" alt=\"\" class=\"wp-image-15886\" srcset=\"https:\/\/www.elpolitologoyelpolitico.com.ar\/wp-content\/uploads\/2022\/02\/IMG-20220208-WA0055-485x1024.jpg 485w, https:\/\/www.elpolitologoyelpolitico.com.ar\/wp-content\/uploads\/2022\/02\/IMG-20220208-WA0055-142x300.jpg 142w, https:\/\/www.elpolitologoyelpolitico.com.ar\/wp-content\/uploads\/2022\/02\/IMG-20220208-WA0055.jpg 640w\" sizes=\"(max-width: 485px) 100vw, 485px\" \/><\/figure>\n\t\t\t\t\t\t\t\t<\/div>\n\t\t\t\t<\/div>\n\t\t\t\t\t<\/div>\n\t\t<\/div>\n\t\t\t\t\t<\/div>\n\t\t<\/section>\n\t\t\t\t<\/div>\n\t\t<div class=\"fb-background-color\">\n\t\t\t  <div \n\t\t\t  \tclass = \"fb-comments\" \n\t\t\t  \tdata-href = \"https:\/\/www.elpolitologoyelpolitico.com.ar\/wordpress\/2022\/02\/09\/concejales-denuncian-los-perjuicios-provocados-por-el-estado-del-camino-a-san-blas\/\"\n\t\t\t  \tdata-numposts = \"10\"\n\t\t\t  \tdata-lazy = \"true\"\n\t\t\t\tdata-colorscheme = \"light\"\n\t\t\t\tdata-order-by = \"social\"\n\t\t\t\tdata-mobile=true>\n\t\t\t  <\/div><\/div>\n\t\t  <style>\n\t\t    .fb-background-color {\n\t\t\t\tbackground: #ffffff !important;\n\t\t\t}\n\t\t\t.fb_iframe_widget_fluid_desktop iframe {\n\t\t\t    width: 100% !important;\n\t\t\t}\n\t\t  <\/style>\n\t\t  ","protected":false},"excerpt":{"rendered":"<p>A ra\u00edz del deterioro de la ruta a Bah\u00eda San Blas,&nbsp; y agravado por las&nbsp; lluvias, integrantes el Interbloque de concejales del Frente de Todos de Patagones, se reunieron con&nbsp; vecinos de la localidad, quienes expresaron su molestia por la desidia a la que son sometidos por el ejecutivo municipal y&nbsp;&nbsp; solicitan&nbsp; al intendente Zara&nbsp; [&hellip;]<\/p>\n","protected":false},"author":4,"featured_media":15885,"comment_status":"closed","ping_status":"closed","sticky":false,"template":"","format":"standard","meta":{"_joinchat":[],"footnotes":""},"categories":[39],"tags":[],"class_list":["post-15884","post","type-post","status-publish","format-standard","has-post-thumbnail","hentry","category-en-esta-seccion"],"_links":{"self":[{"href":"https:\/\/www.elpolitologoyelpolitico.com.ar\/wordpress\/wp-json\/wp\/v2\/posts\/15884","targetHints":{"allow":["GET"]}}],"collection":[{"href":"https:\/\/www.elpolitologoyelpolitico.com.ar\/wordpress\/wp-json\/wp\/v2\/posts"}],"about":[{"href":"https:\/\/www.elpolitologoyelpolitico.com.ar\/wordpress\/wp-json\/wp\/v2\/types\/post"}],"author":[{"embeddable":true,"href":"https:\/\/www.elpolitologoyelpolitico.com.ar\/wordpress\/wp-json\/wp\/v2\/users\/4"}],"replies":[{"embeddable":true,"href":"https:\/\/www.elpolitologoyelpolitico.com.ar\/wordpress\/wp-json\/wp\/v2\/comments?post=15884"}],"version-history":[{"count":0,"href":"https:\/\/www.elpolitologoyelpolitico.com.ar\/wordpress\/wp-json\/wp\/v2\/posts\/15884\/revisions"}],"wp:featuredmedia":[{"embeddable":true,"href":"https:\/\/www.elpolitologoyelpolitico.com.ar\/wordpress\/wp-json\/wp\/v2\/media\/15885"}],"wp:attachment":[{"href":"https:\/\/www.elpolitologoyelpolitico.com.ar\/wordpress\/wp-json\/wp\/v2\/media?parent=15884"}],"wp:term":[{"taxonomy":"category","embeddable":true,"href":"https:\/\/www.elpolitologoyelpolitico.com.ar\/wordpress\/wp-json\/wp\/v2\/categories?post=15884"},{"taxonomy":"post_tag","embeddable":true,"href":"https:\/\/www.elpolitologoyelpolitico.com.ar\/wordpress\/wp-json\/wp\/v2\/tags?post=15884"}],"curies":[{"name":"wp","href":"https:\/\/api.w.org\/{rel}","templated":true}]}}