{"id":15877,"date":"2022-02-09T01:04:50","date_gmt":"2022-02-09T01:04:50","guid":{"rendered":"https:\/\/www.elpolitologoyelpolitico.com.ar\/wordpress\/?p=15877"},"modified":"2022-02-09T01:05:46","modified_gmt":"2022-02-09T01:05:46","slug":"poncho-rionegrino-comienza-la-confeccion-de-los-prototipos","status":"publish","type":"post","link":"https:\/\/www.elpolitologoyelpolitico.com.ar\/wordpress\/2022\/02\/09\/poncho-rionegrino-comienza-la-confeccion-de-los-prototipos\/","title":{"rendered":"Poncho Rionegrino: comienza la confecci\u00f3n de los prototipos"},"content":{"rendered":"\t\t<div data-elementor-type=\"wp-post\" data-elementor-id=\"15877\" class=\"elementor elementor-15877\">\n\t\t\t\t\t\t<section class=\"elementor-section elementor-top-section elementor-element elementor-element-38d8d17a elementor-section-boxed elementor-section-height-default elementor-section-height-default\" data-id=\"38d8d17a\" data-element_type=\"section\" data-e-type=\"section\">\n\t\t\t\t\t\t<div class=\"elementor-container elementor-column-gap-default\">\n\t\t\t\t\t<div class=\"elementor-column elementor-col-100 elementor-top-column elementor-element elementor-element-19957a93\" data-id=\"19957a93\" data-element_type=\"column\" data-e-type=\"column\">\n\t\t\t<div class=\"elementor-widget-wrap elementor-element-populated\">\n\t\t\t\t\t\t<div class=\"elementor-element elementor-element-5c2b1dd6 elementor-widget elementor-widget-text-editor\" data-id=\"5c2b1dd6\" data-element_type=\"widget\" data-e-type=\"widget\" data-widget_type=\"text-editor.default\">\n\t\t\t\t<div class=\"elementor-widget-container\">\n\t\t\t\t\t\t\t\t\t\n<p>Con el fin de crear el primer poncho de R\u00edo Negro, que se confeccionar\u00e1 en telar y representar\u00e1 la identidad de todos los habitantes, la Secretar\u00eda de Estado de Cultura de la Provincia di\u00f3 a conocer a las y los seleccionados que crearan los diez prototipos.<\/p>\n\n\n\n<p>Luego de una primera etapa, donde artesanos y artesanas presentaron sus propuestas, se seleccionaron diez portfolios quienes recibir\u00e1n un \u00fanico aporte de $50.000 para la confecci\u00f3n en telar de diez prototipos del Poncho Rionegrino respetando el formato de 30cm de largo y 24cm de ancho.De los diez prototipos seleccionados, se elegir\u00e1 uno de ellos para la producci\u00f3n del poncho rionegrino y quien quede seleccionado recibir\u00e1 un importante reconocimiento.<\/p>\n\n\n\n<p><strong>Artesanas Seleccionadas<\/strong><\/p>\n\n\n\n<p>Catal\u00e1n Gabriela Ester, Coronel Belisle.<\/p>\n\n\n\n<p>Aviles Laura, Comallo.<\/p>\n\n\n\n<p>Pe\u00f1a M\u00f3nica Alicia, Pilcaniyeu.<\/p>\n\n\n\n<p>Saenz Vilchez Vanesa, Gral. Roca<\/p>\n\n\n\n<p>Romero Viviana Noemi, Mainque.<\/p>\n\n\n\n<p>Robles Norma Margarita, Valcheta.<\/p>\n\n\n\n<p>Bahamondes Perla Adriana, Pilcaniyeu.<\/p>\n\n\n\n<p>Nahuel\u00f1ir Ana, Valcheta.<\/p>\n\n\n\n<p>Rojas Nilda, Rio Chico.<\/p>\n\n\n\n<p>Loncoman Zonda, Ing. Jacobacci.<\/p>\n\t\t\t\t\t\t\t\t<\/div>\n\t\t\t\t<\/div>\n\t\t\t\t\t<\/div>\n\t\t<\/div>\n\t\t\t\t\t<\/div>\n\t\t<\/section>\n\t\t\t\t<\/div>\n\t\t<div class=\"fb-background-color\">\n\t\t\t  <div \n\t\t\t  \tclass = \"fb-comments\" \n\t\t\t  \tdata-href = \"https:\/\/www.elpolitologoyelpolitico.com.ar\/wordpress\/2022\/02\/09\/poncho-rionegrino-comienza-la-confeccion-de-los-prototipos\/\"\n\t\t\t  \tdata-numposts = \"10\"\n\t\t\t  \tdata-lazy = \"true\"\n\t\t\t\tdata-colorscheme = \"light\"\n\t\t\t\tdata-order-by = \"social\"\n\t\t\t\tdata-mobile=true>\n\t\t\t  <\/div><\/div>\n\t\t  <style>\n\t\t    .fb-background-color {\n\t\t\t\tbackground: #ffffff !important;\n\t\t\t}\n\t\t\t.fb_iframe_widget_fluid_desktop iframe {\n\t\t\t    width: 100% !important;\n\t\t\t}\n\t\t  <\/style>\n\t\t  ","protected":false},"excerpt":{"rendered":"<p>Con el fin de crear el primer poncho de R\u00edo Negro, que se confeccionar\u00e1 en telar y representar\u00e1 la identidad de todos los habitantes, la Secretar\u00eda de Estado de Cultura de la Provincia di\u00f3 a conocer a las y los seleccionados que crearan los diez prototipos. Luego de una primera etapa, donde artesanos y artesanas [&hellip;]<\/p>\n","protected":false},"author":4,"featured_media":15878,"comment_status":"closed","ping_status":"closed","sticky":false,"template":"","format":"standard","meta":{"_joinchat":[],"footnotes":""},"categories":[39],"tags":[],"class_list":["post-15877","post","type-post","status-publish","format-standard","has-post-thumbnail","hentry","category-en-esta-seccion"],"_links":{"self":[{"href":"https:\/\/www.elpolitologoyelpolitico.com.ar\/wordpress\/wp-json\/wp\/v2\/posts\/15877","targetHints":{"allow":["GET"]}}],"collection":[{"href":"https:\/\/www.elpolitologoyelpolitico.com.ar\/wordpress\/wp-json\/wp\/v2\/posts"}],"about":[{"href":"https:\/\/www.elpolitologoyelpolitico.com.ar\/wordpress\/wp-json\/wp\/v2\/types\/post"}],"author":[{"embeddable":true,"href":"https:\/\/www.elpolitologoyelpolitico.com.ar\/wordpress\/wp-json\/wp\/v2\/users\/4"}],"replies":[{"embeddable":true,"href":"https:\/\/www.elpolitologoyelpolitico.com.ar\/wordpress\/wp-json\/wp\/v2\/comments?post=15877"}],"version-history":[{"count":0,"href":"https:\/\/www.elpolitologoyelpolitico.com.ar\/wordpress\/wp-json\/wp\/v2\/posts\/15877\/revisions"}],"wp:featuredmedia":[{"embeddable":true,"href":"https:\/\/www.elpolitologoyelpolitico.com.ar\/wordpress\/wp-json\/wp\/v2\/media\/15878"}],"wp:attachment":[{"href":"https:\/\/www.elpolitologoyelpolitico.com.ar\/wordpress\/wp-json\/wp\/v2\/media?parent=15877"}],"wp:term":[{"taxonomy":"category","embeddable":true,"href":"https:\/\/www.elpolitologoyelpolitico.com.ar\/wordpress\/wp-json\/wp\/v2\/categories?post=15877"},{"taxonomy":"post_tag","embeddable":true,"href":"https:\/\/www.elpolitologoyelpolitico.com.ar\/wordpress\/wp-json\/wp\/v2\/tags?post=15877"}],"curies":[{"name":"wp","href":"https:\/\/api.w.org\/{rel}","templated":true}]}}