{"id":15863,"date":"2022-02-09T00:23:16","date_gmt":"2022-02-09T00:23:16","guid":{"rendered":"https:\/\/www.elpolitologoyelpolitico.com.ar\/wordpress\/?p=15863"},"modified":"2022-02-09T00:24:12","modified_gmt":"2022-02-09T00:24:12","slug":"para-tratar-diversos-temas-el-intendente-zara-se-reunio-con-los-concejales-del-bloque-juntos-por-el-cambio","status":"publish","type":"post","link":"https:\/\/www.elpolitologoyelpolitico.com.ar\/wordpress\/2022\/02\/09\/para-tratar-diversos-temas-el-intendente-zara-se-reunio-con-los-concejales-del-bloque-juntos-por-el-cambio\/","title":{"rendered":"Para tratar diversos temas, el Intendente Zara se reuni\u00f3 con los concejales del bloque Juntos por el Cambio"},"content":{"rendered":"\t\t<div data-elementor-type=\"wp-post\" data-elementor-id=\"15863\" class=\"elementor elementor-15863\">\n\t\t\t\t\t\t<section class=\"elementor-section elementor-top-section elementor-element elementor-element-49ce3e8c elementor-section-boxed elementor-section-height-default elementor-section-height-default\" data-id=\"49ce3e8c\" data-element_type=\"section\" data-e-type=\"section\">\n\t\t\t\t\t\t<div class=\"elementor-container elementor-column-gap-default\">\n\t\t\t\t\t<div class=\"elementor-column elementor-col-100 elementor-top-column elementor-element elementor-element-57295367\" data-id=\"57295367\" data-element_type=\"column\" data-e-type=\"column\">\n\t\t\t<div class=\"elementor-widget-wrap elementor-element-populated\">\n\t\t\t\t\t\t<div class=\"elementor-element elementor-element-575782bf elementor-widget elementor-widget-text-editor\" data-id=\"575782bf\" data-element_type=\"widget\" data-e-type=\"widget\" data-widget_type=\"text-editor.default\">\n\t\t\t\t<div class=\"elementor-widget-container\">\n\t\t\t\t\t\t\t\t\t\n<p style=\"text-align: left;\">Este martes, en horas de la ma\u00f1ana, el Intendente Municipal, Ing. Jos\u00e9 Luis Zara, junto al Director de Gobierno, Daniel Paredes, se reuni\u00f3 en su despacho con los concejales de Juntos por el Cambio.\u00a0<\/p>\n\n<p>Estuvieron presentes, la presidenta del Bloque, Romina Colombi, y los ediles; Julio Costantino, Mayra Sardi, Jorgelina Castronovo, Nicol\u00e1s Stainnekker, Rosario Melluso, Ricardo Angos, y Lola Patan\u00e9.\u00a0<\/p>\n\n<p>En la ocasi\u00f3n, evaluaron la situaci\u00f3n del camino a Bah\u00eda San Blas y los trabajos que se llevan adelante desde ayer, lunes.\u00a0<\/p>\n\n<p>Adem\u00e1s, analizaron las condiciones de transitabilidad en los caminos de las localidades tur\u00edsticas del Partido de Patagones y temas de inter\u00e9s general.<\/p>\n\n<figure class=\"wp-block-gallery columns-2 is-cropped wp-block-gallery-2 is-layout-flex wp-block-gallery-is-layout-flex\">\n<ul class=\"blocks-gallery-grid\">\n<li class=\"blocks-gallery-item\">\n<figure><img fetchpriority=\"high\" decoding=\"async\" width=\"720\" height=\"324\" class=\"wp-image-15865\" src=\"https:\/\/www.elpolitologoyelpolitico.com.ar\/wp-content\/uploads\/2022\/02\/IMG-20220208-WA0033.jpg\" alt=\"\" data-id=\"15865\" data-full-url=\"https:\/\/www.elpolitologoyelpolitico.com.ar\/wp-content\/uploads\/2022\/02\/IMG-20220208-WA0033.jpg\" data-link=\"https:\/\/www.elpolitologoyelpolitico.com.ar\/wordpress\/?attachment_id=15865\" srcset=\"https:\/\/www.elpolitologoyelpolitico.com.ar\/wp-content\/uploads\/2022\/02\/IMG-20220208-WA0033.jpg 720w, https:\/\/www.elpolitologoyelpolitico.com.ar\/wp-content\/uploads\/2022\/02\/IMG-20220208-WA0033-300x135.jpg 300w\" sizes=\"(max-width: 720px) 100vw, 720px\" \/><\/figure>\n<\/li>\n<li class=\"blocks-gallery-item\">\n<figure><img decoding=\"async\" width=\"720\" height=\"324\" class=\"wp-image-15866\" src=\"https:\/\/www.elpolitologoyelpolitico.com.ar\/wp-content\/uploads\/2022\/02\/IMG-20220208-WA0034.jpg\" alt=\"\" data-id=\"15866\" data-full-url=\"https:\/\/www.elpolitologoyelpolitico.com.ar\/wp-content\/uploads\/2022\/02\/IMG-20220208-WA0034.jpg\" data-link=\"https:\/\/www.elpolitologoyelpolitico.com.ar\/wordpress\/?attachment_id=15866\" srcset=\"https:\/\/www.elpolitologoyelpolitico.com.ar\/wp-content\/uploads\/2022\/02\/IMG-20220208-WA0034.jpg 720w, https:\/\/www.elpolitologoyelpolitico.com.ar\/wp-content\/uploads\/2022\/02\/IMG-20220208-WA0034-300x135.jpg 300w\" sizes=\"(max-width: 720px) 100vw, 720px\" \/><\/figure>\n<\/li>\n<\/ul>\n<\/figure>\n\t\t\t\t\t\t\t\t<\/div>\n\t\t\t\t<\/div>\n\t\t\t\t\t<\/div>\n\t\t<\/div>\n\t\t\t\t\t<\/div>\n\t\t<\/section>\n\t\t\t\t<\/div>\n\t\t<div class=\"fb-background-color\">\n\t\t\t  <div \n\t\t\t  \tclass = \"fb-comments\" \n\t\t\t  \tdata-href = \"https:\/\/www.elpolitologoyelpolitico.com.ar\/wordpress\/2022\/02\/09\/para-tratar-diversos-temas-el-intendente-zara-se-reunio-con-los-concejales-del-bloque-juntos-por-el-cambio\/\"\n\t\t\t  \tdata-numposts = \"10\"\n\t\t\t  \tdata-lazy = \"true\"\n\t\t\t\tdata-colorscheme = \"light\"\n\t\t\t\tdata-order-by = \"social\"\n\t\t\t\tdata-mobile=true>\n\t\t\t  <\/div><\/div>\n\t\t  <style>\n\t\t    .fb-background-color {\n\t\t\t\tbackground: #ffffff !important;\n\t\t\t}\n\t\t\t.fb_iframe_widget_fluid_desktop iframe {\n\t\t\t    width: 100% !important;\n\t\t\t}\n\t\t  <\/style>\n\t\t  ","protected":false},"excerpt":{"rendered":"<p>Este martes, en horas de la ma\u00f1ana, el Intendente Municipal, Ing. Jos\u00e9 Luis Zara, junto al Director de Gobierno, Daniel Paredes, se reuni\u00f3 en su despacho con los concejales de Juntos por el Cambio.\u00a0 Estuvieron presentes, la presidenta del Bloque, Romina Colombi, y los ediles; Julio Costantino, Mayra Sardi, Jorgelina Castronovo, Nicol\u00e1s Stainnekker, Rosario Melluso, [&hellip;]<\/p>\n","protected":false},"author":4,"featured_media":15864,"comment_status":"closed","ping_status":"closed","sticky":false,"template":"","format":"standard","meta":{"_joinchat":[],"footnotes":""},"categories":[39],"tags":[],"class_list":["post-15863","post","type-post","status-publish","format-standard","has-post-thumbnail","hentry","category-en-esta-seccion"],"_links":{"self":[{"href":"https:\/\/www.elpolitologoyelpolitico.com.ar\/wordpress\/wp-json\/wp\/v2\/posts\/15863","targetHints":{"allow":["GET"]}}],"collection":[{"href":"https:\/\/www.elpolitologoyelpolitico.com.ar\/wordpress\/wp-json\/wp\/v2\/posts"}],"about":[{"href":"https:\/\/www.elpolitologoyelpolitico.com.ar\/wordpress\/wp-json\/wp\/v2\/types\/post"}],"author":[{"embeddable":true,"href":"https:\/\/www.elpolitologoyelpolitico.com.ar\/wordpress\/wp-json\/wp\/v2\/users\/4"}],"replies":[{"embeddable":true,"href":"https:\/\/www.elpolitologoyelpolitico.com.ar\/wordpress\/wp-json\/wp\/v2\/comments?post=15863"}],"version-history":[{"count":0,"href":"https:\/\/www.elpolitologoyelpolitico.com.ar\/wordpress\/wp-json\/wp\/v2\/posts\/15863\/revisions"}],"wp:featuredmedia":[{"embeddable":true,"href":"https:\/\/www.elpolitologoyelpolitico.com.ar\/wordpress\/wp-json\/wp\/v2\/media\/15864"}],"wp:attachment":[{"href":"https:\/\/www.elpolitologoyelpolitico.com.ar\/wordpress\/wp-json\/wp\/v2\/media?parent=15863"}],"wp:term":[{"taxonomy":"category","embeddable":true,"href":"https:\/\/www.elpolitologoyelpolitico.com.ar\/wordpress\/wp-json\/wp\/v2\/categories?post=15863"},{"taxonomy":"post_tag","embeddable":true,"href":"https:\/\/www.elpolitologoyelpolitico.com.ar\/wordpress\/wp-json\/wp\/v2\/tags?post=15863"}],"curies":[{"name":"wp","href":"https:\/\/api.w.org\/{rel}","templated":true}]}}