{"id":15841,"date":"2022-02-08T22:04:40","date_gmt":"2022-02-08T22:04:40","guid":{"rendered":"https:\/\/www.elpolitologoyelpolitico.com.ar\/wordpress\/?p=15841"},"modified":"2022-02-08T22:06:05","modified_gmt":"2022-02-08T22:06:05","slug":"pase-a-planta-prorroga-de-una-semana-para-enviar-los-expedientes-a-la-comision-ejecutiva-central","status":"publish","type":"post","link":"https:\/\/www.elpolitologoyelpolitico.com.ar\/wordpress\/2022\/02\/08\/pase-a-planta-prorroga-de-una-semana-para-enviar-los-expedientes-a-la-comision-ejecutiva-central\/","title":{"rendered":"Pase a planta: pr\u00f3rroga de una semana para enviar los expedientes a la Comisi\u00f3n Ejecutiva Central"},"content":{"rendered":"\t\t<div data-elementor-type=\"wp-post\" data-elementor-id=\"15841\" class=\"elementor elementor-15841\">\n\t\t\t\t\t\t<section class=\"elementor-section elementor-top-section elementor-element elementor-element-5188c2c0 elementor-section-boxed elementor-section-height-default elementor-section-height-default\" data-id=\"5188c2c0\" data-element_type=\"section\" data-e-type=\"section\">\n\t\t\t\t\t\t<div class=\"elementor-container elementor-column-gap-default\">\n\t\t\t\t\t<div class=\"elementor-column elementor-col-100 elementor-top-column elementor-element elementor-element-8ec6dcd\" data-id=\"8ec6dcd\" data-element_type=\"column\" data-e-type=\"column\">\n\t\t\t<div class=\"elementor-widget-wrap elementor-element-populated\">\n\t\t\t\t\t\t<div class=\"elementor-element elementor-element-68aa74f elementor-widget elementor-widget-text-editor\" data-id=\"68aa74f\" data-element_type=\"widget\" data-e-type=\"widget\" data-widget_type=\"text-editor.default\">\n\t\t\t\t<div class=\"elementor-widget-container\">\n\t\t\t\t\t\t\t\t\t\n<p>Esta ma\u00f1ana la Comisi\u00f3n Ejecutiva Central del pase a planta prorrog\u00f3 una semana el plazo l\u00edmite para la recepci\u00f3n de expedientes correspondientes a los y las postulantes para ingresar a la planta permanente. Se decidi\u00f3 fijar nueva fecha para el lunes 14 de febrero a las 13.<\/p>\n\n<p>Ayer se venc\u00eda el plazo establecido para que los organismos, a trav\u00e9s de las \u00e1reas de Recursos Humanos, presentaran los expedientes de todas las personas que concursar\u00edan para ingresar a la planta permanente del estado rionegrino.<\/p>\n\n<p>Debido a que a la fecha a\u00fan no se present\u00f3 la totalidad de los expedientes esperados, la Comisi\u00f3n Ejecutiva Central estableci\u00f3 la pr\u00f3rroga de una semana para que se pueda completar el env\u00edo de los expedientes faltantes, es decir hasta el pr\u00f3ximo lunes 14 de febrero.<\/p>\n\n<p>Dada la nueva fecha l\u00edmite de presentaci\u00f3n de expedientes, la Comisi\u00f3n Ejecutiva Central publicar\u00e1 los listados definitivos de postulantes para el pase a planta el d\u00eda viernes 18 de febrero, a trav\u00e9s de su sitio www.funcionpublica.rionegro.gov.ar, y la p\u00e1gina de la provincia: www.rionegro.gov.ar.<\/p>\n\n<p>El proceso de toma de ex\u00e1menes se realizar\u00e1 a trav\u00e9s de la plataforma del IPAP en la semana del 14 al 18 de marzo. Los detalles de d\u00edas y horarios de ex\u00e1menes ser\u00e1n publicados en los listados definitivos el d\u00eda 18 de febrero.<\/p>\n\t\t\t\t\t\t\t\t<\/div>\n\t\t\t\t<\/div>\n\t\t\t\t\t<\/div>\n\t\t<\/div>\n\t\t\t\t\t<\/div>\n\t\t<\/section>\n\t\t\t\t<\/div>\n\t\t<div class=\"fb-background-color\">\n\t\t\t  <div \n\t\t\t  \tclass = \"fb-comments\" \n\t\t\t  \tdata-href = \"https:\/\/www.elpolitologoyelpolitico.com.ar\/wordpress\/2022\/02\/08\/pase-a-planta-prorroga-de-una-semana-para-enviar-los-expedientes-a-la-comision-ejecutiva-central\/\"\n\t\t\t  \tdata-numposts = \"10\"\n\t\t\t  \tdata-lazy = \"true\"\n\t\t\t\tdata-colorscheme = \"light\"\n\t\t\t\tdata-order-by = \"social\"\n\t\t\t\tdata-mobile=true>\n\t\t\t  <\/div><\/div>\n\t\t  <style>\n\t\t    .fb-background-color {\n\t\t\t\tbackground: #ffffff !important;\n\t\t\t}\n\t\t\t.fb_iframe_widget_fluid_desktop iframe {\n\t\t\t    width: 100% !important;\n\t\t\t}\n\t\t  <\/style>\n\t\t  ","protected":false},"excerpt":{"rendered":"<p>Esta ma\u00f1ana la Comisi\u00f3n Ejecutiva Central del pase a planta prorrog\u00f3 una semana el plazo l\u00edmite para la recepci\u00f3n de expedientes correspondientes a los y las postulantes para ingresar a la planta permanente. Se decidi\u00f3 fijar nueva fecha para el lunes 14 de febrero a las 13. Ayer se venc\u00eda el plazo establecido para que [&hellip;]<\/p>\n","protected":false},"author":4,"featured_media":15842,"comment_status":"closed","ping_status":"closed","sticky":false,"template":"","format":"standard","meta":{"_joinchat":[],"footnotes":""},"categories":[39],"tags":[],"class_list":["post-15841","post","type-post","status-publish","format-standard","has-post-thumbnail","hentry","category-en-esta-seccion"],"_links":{"self":[{"href":"https:\/\/www.elpolitologoyelpolitico.com.ar\/wordpress\/wp-json\/wp\/v2\/posts\/15841","targetHints":{"allow":["GET"]}}],"collection":[{"href":"https:\/\/www.elpolitologoyelpolitico.com.ar\/wordpress\/wp-json\/wp\/v2\/posts"}],"about":[{"href":"https:\/\/www.elpolitologoyelpolitico.com.ar\/wordpress\/wp-json\/wp\/v2\/types\/post"}],"author":[{"embeddable":true,"href":"https:\/\/www.elpolitologoyelpolitico.com.ar\/wordpress\/wp-json\/wp\/v2\/users\/4"}],"replies":[{"embeddable":true,"href":"https:\/\/www.elpolitologoyelpolitico.com.ar\/wordpress\/wp-json\/wp\/v2\/comments?post=15841"}],"version-history":[{"count":0,"href":"https:\/\/www.elpolitologoyelpolitico.com.ar\/wordpress\/wp-json\/wp\/v2\/posts\/15841\/revisions"}],"wp:featuredmedia":[{"embeddable":true,"href":"https:\/\/www.elpolitologoyelpolitico.com.ar\/wordpress\/wp-json\/wp\/v2\/media\/15842"}],"wp:attachment":[{"href":"https:\/\/www.elpolitologoyelpolitico.com.ar\/wordpress\/wp-json\/wp\/v2\/media?parent=15841"}],"wp:term":[{"taxonomy":"category","embeddable":true,"href":"https:\/\/www.elpolitologoyelpolitico.com.ar\/wordpress\/wp-json\/wp\/v2\/categories?post=15841"},{"taxonomy":"post_tag","embeddable":true,"href":"https:\/\/www.elpolitologoyelpolitico.com.ar\/wordpress\/wp-json\/wp\/v2\/tags?post=15841"}],"curies":[{"name":"wp","href":"https:\/\/api.w.org\/{rel}","templated":true}]}}