{"id":15835,"date":"2022-02-08T20:46:40","date_gmt":"2022-02-08T20:46:40","guid":{"rendered":"https:\/\/www.elpolitologoyelpolitico.com.ar\/wordpress\/?p=15835"},"modified":"2022-02-08T20:47:19","modified_gmt":"2022-02-08T20:47:19","slug":"el-intendente-zara-superviso-las-tareas-de-mejoras-en-el-camino-a-san-blas-y-solicito-colaboracion-a-vialidad-provincial","status":"publish","type":"post","link":"https:\/\/www.elpolitologoyelpolitico.com.ar\/wordpress\/2022\/02\/08\/el-intendente-zara-superviso-las-tareas-de-mejoras-en-el-camino-a-san-blas-y-solicito-colaboracion-a-vialidad-provincial\/","title":{"rendered":"El Intendente Zara supervis\u00f3 las tareas de mejoras en el camino a San Blas y solicit\u00f3 colaboraci\u00f3n a Vialidad Provincial"},"content":{"rendered":"\t\t<div data-elementor-type=\"wp-post\" data-elementor-id=\"15835\" class=\"elementor elementor-15835\">\n\t\t\t\t\t\t<section class=\"elementor-section elementor-top-section elementor-element elementor-element-17da5be2 elementor-section-boxed elementor-section-height-default elementor-section-height-default\" data-id=\"17da5be2\" data-element_type=\"section\" data-e-type=\"section\">\n\t\t\t\t\t\t<div class=\"elementor-container elementor-column-gap-default\">\n\t\t\t\t\t<div class=\"elementor-column elementor-col-100 elementor-top-column elementor-element elementor-element-320f0eb5\" data-id=\"320f0eb5\" data-element_type=\"column\" data-e-type=\"column\">\n\t\t\t<div class=\"elementor-widget-wrap elementor-element-populated\">\n\t\t\t\t\t\t<div class=\"elementor-element elementor-element-76c593ae elementor-widget elementor-widget-text-editor\" data-id=\"76c593ae\" data-element_type=\"widget\" data-e-type=\"widget\" data-widget_type=\"text-editor.default\">\n\t\t\t\t<div class=\"elementor-widget-container\">\n\t\t\t\t\t\t\t\t\t\n<p>El Intendente Municipal, Ing. Jos\u00e9 Luis Zara, junto al Delegado Municipal, Marcelo Molteni, el titular del \u00e1rea de Servicios P\u00fablicos, Alberto Castillo, y el Director Vial, Juan Castillo, recorri\u00f3 este lunes por la tarde el camino a Bah\u00eda San Blas, donde comenzaron los trabajos de mejoras, enripiado y levantamiento.&nbsp;<\/p>\n\n\n\n<p>Las tareas se intensificar\u00e1n durante toda la jornada de hoy, martes. Trabajan cuatro motoniveladoras, una pala cargadora y camiones volcadores.&nbsp;&nbsp;<\/p>\n\n\n\n<p>Luego de analizar la situaci\u00f3n del camino, el jefe comunal se comunic\u00f3 con el Administrador General de Vialidad Provincial, Hern\u00e1n Y Zurieta, para ponerlo en conocimiento de la situaci\u00f3n y solicitar el acompa\u00f1amiento del Organismo.&nbsp;<\/p>\n\n\n\n<p>Se solicita a quienes se trasladen hacia la bah\u00eda circular con precauci\u00f3n, teniendo en cuenta que hay un tramo \u2013el m\u00e1s complicado- de unos 15 kil\u00f3metros, en el cual se trabaja intensamente.<\/p>\n\t\t\t\t\t\t\t\t<\/div>\n\t\t\t\t<\/div>\n\t\t\t\t\t<\/div>\n\t\t<\/div>\n\t\t\t\t\t<\/div>\n\t\t<\/section>\n\t\t\t\t<\/div>\n\t\t<div class=\"fb-background-color\">\n\t\t\t  <div \n\t\t\t  \tclass = \"fb-comments\" \n\t\t\t  \tdata-href = \"https:\/\/www.elpolitologoyelpolitico.com.ar\/wordpress\/2022\/02\/08\/el-intendente-zara-superviso-las-tareas-de-mejoras-en-el-camino-a-san-blas-y-solicito-colaboracion-a-vialidad-provincial\/\"\n\t\t\t  \tdata-numposts = \"10\"\n\t\t\t  \tdata-lazy = \"true\"\n\t\t\t\tdata-colorscheme = \"light\"\n\t\t\t\tdata-order-by = \"social\"\n\t\t\t\tdata-mobile=true>\n\t\t\t  <\/div><\/div>\n\t\t  <style>\n\t\t    .fb-background-color {\n\t\t\t\tbackground: #ffffff !important;\n\t\t\t}\n\t\t\t.fb_iframe_widget_fluid_desktop iframe {\n\t\t\t    width: 100% !important;\n\t\t\t}\n\t\t  <\/style>\n\t\t  ","protected":false},"excerpt":{"rendered":"<p>El Intendente Municipal, Ing. Jos\u00e9 Luis Zara, junto al Delegado Municipal, Marcelo Molteni, el titular del \u00e1rea de Servicios P\u00fablicos, Alberto Castillo, y el Director Vial, Juan Castillo, recorri\u00f3 este lunes por la tarde el camino a Bah\u00eda San Blas, donde comenzaron los trabajos de mejoras, enripiado y levantamiento.&nbsp; Las tareas se intensificar\u00e1n durante toda [&hellip;]<\/p>\n","protected":false},"author":4,"featured_media":15836,"comment_status":"closed","ping_status":"closed","sticky":false,"template":"","format":"standard","meta":{"_joinchat":[],"footnotes":""},"categories":[39],"tags":[],"class_list":["post-15835","post","type-post","status-publish","format-standard","has-post-thumbnail","hentry","category-en-esta-seccion"],"_links":{"self":[{"href":"https:\/\/www.elpolitologoyelpolitico.com.ar\/wordpress\/wp-json\/wp\/v2\/posts\/15835","targetHints":{"allow":["GET"]}}],"collection":[{"href":"https:\/\/www.elpolitologoyelpolitico.com.ar\/wordpress\/wp-json\/wp\/v2\/posts"}],"about":[{"href":"https:\/\/www.elpolitologoyelpolitico.com.ar\/wordpress\/wp-json\/wp\/v2\/types\/post"}],"author":[{"embeddable":true,"href":"https:\/\/www.elpolitologoyelpolitico.com.ar\/wordpress\/wp-json\/wp\/v2\/users\/4"}],"replies":[{"embeddable":true,"href":"https:\/\/www.elpolitologoyelpolitico.com.ar\/wordpress\/wp-json\/wp\/v2\/comments?post=15835"}],"version-history":[{"count":0,"href":"https:\/\/www.elpolitologoyelpolitico.com.ar\/wordpress\/wp-json\/wp\/v2\/posts\/15835\/revisions"}],"wp:featuredmedia":[{"embeddable":true,"href":"https:\/\/www.elpolitologoyelpolitico.com.ar\/wordpress\/wp-json\/wp\/v2\/media\/15836"}],"wp:attachment":[{"href":"https:\/\/www.elpolitologoyelpolitico.com.ar\/wordpress\/wp-json\/wp\/v2\/media?parent=15835"}],"wp:term":[{"taxonomy":"category","embeddable":true,"href":"https:\/\/www.elpolitologoyelpolitico.com.ar\/wordpress\/wp-json\/wp\/v2\/categories?post=15835"},{"taxonomy":"post_tag","embeddable":true,"href":"https:\/\/www.elpolitologoyelpolitico.com.ar\/wordpress\/wp-json\/wp\/v2\/tags?post=15835"}],"curies":[{"name":"wp","href":"https:\/\/api.w.org\/{rel}","templated":true}]}}